{"id":11365,"date":"2022-11-22T18:09:27","date_gmt":"2022-11-22T17:09:27","guid":{"rendered":"https:\/\/www.culturalusa.com\/news\/?p=11365"},"modified":"2022-11-22T18:09:27","modified_gmt":"2022-11-22T17:09:27","slug":"500-migrants-sauves-en-mer-par-la-grece-et-appelle-a-la-solidarite-europeenne","status":"publish","type":"post","link":"https:\/\/www.culturalusa.com\/news\/monde\/500-migrants-sauves-en-mer-par-la-grece-et-appelle-a-la-solidarite-europeenne\/","title":{"rendered":"500 migrants sauv\u00e9s en mer par la Gr\u00e8ce, et appelle \u00e0 la \u00ab\u00a0solidarit\u00e9 europ\u00e9enne\u00a0\u00bb"},"content":{"rendered":"<h2>Environ 500 migrants ont \u00e9t\u00e9 secourus en mer au large de la Cr\u00e8te, poussant Ath\u00e8nes \u00e0 lancer un appel \u00e0 la \u00ab\u00a0solidarit\u00e9\u00a0\u00bb europ\u00e9enne pour leur prise en charge.<\/h2>\n<p>Ces personnes \u00ab\u00a0ont \u00e9t\u00e9 d\u00e9barqu\u00e9es, nous sommes toujours en train de les compter\u00a0\u00bb, a indiqu\u00e9 \u00e0 l&rsquo;AFP une porte-parole des garde-c\u00f4tes grecs. Le ministre des Migrations et de l&rsquo;Asile, Notis Mitarachi, \u00e9voquait \u00ab\u00a0environ 500\u00a0\u00bb personnes \u00e0 bord de cette embarcation en tr\u00e8s mauvais \u00e9tat et surcharg\u00e9e.<\/p>\n<p>Ath\u00e8nes a imm\u00e9diatement demand\u00e9 \u00e0 la Commission europ\u00e9enne \u00ab\u00a0d&rsquo;activer les relocalisations dans les autres Etats membres au nom de la solidarit\u00e9 europ\u00e9enne\u00a0\u00bb, selon un tweet de Notis Mitarakis.<\/p>\n<blockquote><p>Les Vingt-Sept, qui s&rsquo;affrontent sur le dossier migratoire, doivent se r\u00e9unir le 25 novembre sur cette \u00e9pineuse question apr\u00e8s la crise franco-italienne sur l&rsquo;accueil d&rsquo;un autre bateau de migrants, l&rsquo;Ocean Viking.<\/p><\/blockquote>\n<p>Ce nouveau bateau, qui avait envoy\u00e9 un signal de d\u00e9tresse dans la nuit de lundi \u00e0 mardi, a pu \u00eatre tract\u00e9 par un bateau de p\u00eache jusqu&rsquo;au port de Paleochora (ou Palaiochora), dans le sud-ouest de la Cr\u00e8te.<\/p>\n<h3>\u00a0V\u00e9tuste et rouill\u00e9<\/h3>\n<p>Aucune information officielle n&rsquo;\u00e9tait disponible jusqu&rsquo;ici concernant la nationalit\u00e9 des personnes secourues.<\/p>\n<p>Selon la cha\u00eene publique grecque ERT, elles viennent de Syrie et d&rsquo;Egypte et comptent une centaine d&rsquo;enfants, qui ont \u00e9t\u00e9 d\u00e9barqu\u00e9s en premier.<\/p>\n<p>Les photos prises au moment o\u00f9 l&#8217;embarcation accostait sur le quai de ce petit port de p\u00eacheurs montraient essentiellement des hommes sur le pont d&rsquo;un bateau d&rsquo;une vingtaine de m\u00e8tres de longueur, manifestement tr\u00e8s v\u00e9tuste et rouill\u00e9.<\/p>\n<p>Les garde-c\u00f4tes avaient \u00e9t\u00e9 alert\u00e9s peu apr\u00e8s minuit alors que des vents violents soufflaient sur cette zone \u00e0 l&rsquo;extr\u00eame sud-ouest de la Cr\u00e8te, la plus grande \u00eele de Gr\u00e8ce.<\/p>\n<p>Deux cargos, un p\u00e9trolier et deux bateaux de p\u00eache italiens se trouvaient \u00e0 proximit\u00e9 pour porter assistance, avaient-ils pr\u00e9cis\u00e9.<\/p>\n<p>La question migratoire est une pomme de discorde entre les Vingt-Sept. Ils sont divis\u00e9s sur les m\u00e9canismes de solidarit\u00e9 \u00e0 mettre en place pour soulager les pays en premi\u00e8re ligne dans l&rsquo;accueil de migrants, notamment en M\u00e9diterran\u00e9e.<\/p>\n<p>Les pays d&rsquo;Europe centrale sont hostiles \u00e0 toute relocalisation des migrants sur leur territoire, alors que le r\u00e8glement Dublin confie l&rsquo;examen d&rsquo;une demande d&rsquo;asile au pays par lequel le candidat est entr\u00e9 dans l&rsquo;UE.<\/p>\n<p>L&rsquo;Italie avait r\u00e9cemment refus\u00e9 d&rsquo;accueillir le navire Ocean Viking avec 230 migrants \u00e0 son bord, d\u00e9clenchant une crise diplomatique avec la France qui a finalement accept\u00e9 que les naufrag\u00e9s d\u00e9barquent sur son territoire.<\/p>\n<h3>\u00a0\u00ab\u00a0Initiatives europ\u00e9ennes\u00a0\u00bb<\/h3>\n<p>Paris a ensuite r\u00e9clam\u00e9 des \u00ab\u00a0initiatives europ\u00e9ennes\u00a0\u00bb pour \u00ab\u00a0un meilleur contr\u00f4le des fronti\u00e8res ext\u00e9rieures et des m\u00e9canismes de solidarit\u00e9\u00a0\u00bb.<\/p>\n<p>Les pays qui g\u00e9ographiquement constituent la \u00ab\u00a0porte d&rsquo;entr\u00e9e\u00a0\u00bb des migrants dans l&rsquo;UE, comme la Gr\u00e8ce, r\u00e9clament \u00e0 cor et \u00e0 cri plus de solidarit\u00e9 europ\u00e9enne.<\/p>\n<p>Ath\u00e8nes a par le pass\u00e9 critiqu\u00e9 ses partenaires au sein de l&rsquo;UE qui refusent de prendre en charge des migrants.<\/p>\n<p>En raison du renforcement des patrouilles des garde-c\u00f4tes grecs et de l&rsquo;agence europ\u00e9enne de surveillance des fronti\u00e8res Frontex dans l&rsquo;Est de la mer \u00c9g\u00e9e, les passeurs de migrants empruntent d\u00e9sormais une route plus longue et plus p\u00e9rilleuse au sud de la Cr\u00e8te pour entrer dans l&rsquo;Union europ\u00e9enne.<\/p>\n<p>\u00ab\u00a0Quatre-vingts pour cent des flux depuis la Turquie vont directement en Italie\u00a0\u00bb, avait d\u00e9clar\u00e9 la semaine derni\u00e8re \u00e0 la cha\u00eene priv\u00e9e Skai TV Notis Mitarachi.<\/p>\n<p>Les drames humains se multiplient en raison des risques pris par les migrants qui montent \u00e0 bord d&#8217;embarcations de fortune sur une mer houleuse voire d\u00e9cha\u00een\u00e9e.<\/p>\n<p>Le 11 octobre, au moins trente personnes \u00e9taient mortes dans deux naufrages au large des \u00eeles de Lesbos et de Cyth\u00e8re.<\/p>\n<p>D\u00e9but novembre, plus de 21 personnes sont mortes et des dizaines ont \u00e9t\u00e9 port\u00e9es disparues dans deux naufrages simultan\u00e9s au large des \u00eeles de Samos et d&rsquo;Eub\u00e9e.<\/p>\n<p>Depuis le d\u00e9but de l&rsquo;ann\u00e9e, 360 migrants tentant de rejoindre l&rsquo;UE se sont noy\u00e9s en M\u00e9diterran\u00e9e orientale, selon l&rsquo;Organisation internationale pour les Migrations (OIM).<\/p>\n","protected":false},"excerpt":{"rendered":"<p>Environ 500 migrants ont \u00e9t\u00e9 secourus en mer au large de la Cr\u00e8te, poussant Ath\u00e8nes \u00e0 lancer un appel \u00e0 la \u00ab\u00a0solidarit\u00e9\u00a0\u00bb europ\u00e9enne pour leur prise en charge. Ces personnes \u00ab\u00a0ont \u00e9t\u00e9 d\u00e9barqu\u00e9es, nous sommes toujours en train de les compter\u00a0\u00bb, a indiqu\u00e9 \u00e0 l&rsquo;AFP une porte-parole des garde-c\u00f4tes grecs. Le ministre des Migrations et [&hellip;]<\/p>\n","protected":false},"author":1,"featured_media":11366,"comment_status":"open","ping_status":"closed","sticky":false,"template":"","format":"standard","meta":{"footnotes":""},"categories":[1372],"tags":[135,244,2527],"class_list":["post-11365","post","type-post","status-publish","format-standard","has-post-thumbnail","hentry","category-monde","tag-grece","tag-migrants","tag-solidarite-europeenne"],"aioseo_notices":[],"_links":{"self":[{"href":"https:\/\/www.culturalusa.com\/news\/wp-json\/wp\/v2\/posts\/11365","targetHints":{"allow":["GET"]}}],"collection":[{"href":"https:\/\/www.culturalusa.com\/news\/wp-json\/wp\/v2\/posts"}],"about":[{"href":"https:\/\/www.culturalusa.com\/news\/wp-json\/wp\/v2\/types\/post"}],"author":[{"embeddable":true,"href":"https:\/\/www.culturalusa.com\/news\/wp-json\/wp\/v2\/users\/1"}],"replies":[{"embeddable":true,"href":"https:\/\/www.culturalusa.com\/news\/wp-json\/wp\/v2\/comments?post=11365"}],"version-history":[{"count":1,"href":"https:\/\/www.culturalusa.com\/news\/wp-json\/wp\/v2\/posts\/11365\/revisions"}],"predecessor-version":[{"id":11367,"href":"https:\/\/www.culturalusa.com\/news\/wp-json\/wp\/v2\/posts\/11365\/revisions\/11367"}],"wp:featuredmedia":[{"embeddable":true,"href":"https:\/\/www.culturalusa.com\/news\/wp-json\/wp\/v2\/media\/11366"}],"wp:attachment":[{"href":"https:\/\/www.culturalusa.com\/news\/wp-json\/wp\/v2\/media?parent=11365"}],"wp:term":[{"taxonomy":"category","embeddable":true,"href":"https:\/\/www.culturalusa.com\/news\/wp-json\/wp\/v2\/categories?post=11365"},{"taxonomy":"post_tag","embeddable":true,"href":"https:\/\/www.culturalusa.com\/news\/wp-json\/wp\/v2\/tags?post=11365"}],"curies":[{"name":"wp","href":"https:\/\/api.w.org\/{rel}","templated":true}]}}