{"id":11368,"date":"2022-11-23T18:16:50","date_gmt":"2022-11-23T17:16:50","guid":{"rendered":"https:\/\/www.culturalusa.com\/news\/?p=11368"},"modified":"2022-11-23T18:21:16","modified_gmt":"2022-11-23T17:21:16","slug":"le-site-du-parlement-europeen-cible-par-une-cyberattaque","status":"publish","type":"post","link":"https:\/\/www.culturalusa.com\/news\/actualite\/le-site-du-parlement-europeen-cible-par-une-cyberattaque\/","title":{"rendered":"Le site du Parlement Europ\u00e9en cibl\u00e9 par une Cyberattaque"},"content":{"rendered":"<h2>Le Parlement europ\u00e9en a annonc\u00e9 mercredi que son site internet avait \u00e9t\u00e9 la cible d&rsquo;une cyberattaque revendiqu\u00e9e par un \u00ab\u00a0groupe pro-Kremlin\u00a0\u00bb, quelques heures apr\u00e8s un vote des eurod\u00e9put\u00e9s qualifiant la Russie d'\u00a0\u00bbEtat promoteur du terrorisme\u00a0\u00bb.<\/h2>\n<p>Sur Twitter, le porte-parole de l&rsquo;institution, Jaume Duch, a \u00e9voqu\u00e9 \u00ab\u00a0une attaque DDOS\u00a0\u00bb (par d\u00e9ni de service) paralysant \u00ab\u00a0la disponibilit\u00e9 du site web\u00a0\u00bb de l&rsquo;institution. \u00ab\u00a0Les \u00e9quipes du Parlement travaillent \u00e0 la r\u00e9solution du probl\u00e8me d\u00e8s que possible\u00a0\u00bb, a-t-il ajout\u00e9.<\/p>\n<blockquote><p>\u00ab\u00a0Un groupe pro-Kremlin a revendiqu\u00e9 la responsabilit\u00e9\u00a0\u00bb de cette \u00ab\u00a0cyberattaque sophistiqu\u00e9e\u00a0\u00bb, a ensuite affirm\u00e9 la pr\u00e9sidente du Parlement europ\u00e9en, Roberta Metsola. \u00ab\u00a0Ma r\u00e9ponse: #SlavaUkraini\u00a0\u00bb (Gloire \u00e0 l&rsquo;Ukraine), a-t-elle r\u00e9torqu\u00e9.<\/p><\/blockquote>\n<p>Les attaques par d\u00e9ni de service (DDoS) consistent \u00e0 prendre pour cible un syst\u00e8me informatique en l&rsquo;inondant de messages ou de requ\u00eates de connexion.<\/p>\n<p>Alors que les eurod\u00e9put\u00e9s sont r\u00e9unis en session pl\u00e9ni\u00e8re \u00e0 Strasbourg, le site web de l&rsquo;institution, sur lequel sont notamment retransmis les d\u00e9bats dans l&rsquo;h\u00e9micycle et mis en ligne les votes parlementaires, a \u00e9t\u00e9 bloqu\u00e9 \u00e0 partir du d\u00e9but d&rsquo;apr\u00e8s-midi.<\/p>\n<p>\u00ab\u00a0Cela semble avoir surtout affect\u00e9 le site internet du Parlement Europ\u00e9en, mes \u00e9quipes ont constat\u00e9 des probl\u00e8mes de connexion sans que cela emp\u00eache le bon d\u00e9roulement des travaux\u00a0\u00bb parlementaires, a indiqu\u00e9 \u00e0 l&rsquo;AFP l&rsquo;eurod\u00e9put\u00e9e fran\u00e7aise Fabienne Keller.<\/p>\n<p>A la mi-journ\u00e9e, les eurod\u00e9put\u00e9s ont, \u00e0 une majorit\u00e9 \u00e9crasante, adopt\u00e9 un texte d\u00e9crivant \u00ab\u00a0la Russie comme un \u00c9tat promoteur du terrorisme et comme un \u00c9tat qui utilise des moyens terroristes\u00a0\u00bb.<\/p>\n<p>Ce vote, purement symbolique en l&rsquo;absence de cadre juridique ad\u00e9quat dans l&rsquo;UE, a \u00e9t\u00e9 imm\u00e9diatement salu\u00e9 par le pr\u00e9sident ukrainien Volodymyr Zelensky. (AFP)<\/p>\n","protected":false},"excerpt":{"rendered":"<p>Le Parlement europ\u00e9en a annonc\u00e9 mercredi que son site internet avait \u00e9t\u00e9 la cible d&rsquo;une cyberattaque revendiqu\u00e9e par un \u00ab\u00a0groupe pro-Kremlin\u00a0\u00bb, quelques heures apr\u00e8s un vote des eurod\u00e9put\u00e9s qualifiant la Russie d&rsquo;\u00a0\u00bbEtat promoteur du terrorisme\u00a0\u00bb. Sur Twitter, le porte-parole de l&rsquo;institution, Jaume Duch, a \u00e9voqu\u00e9 \u00ab\u00a0une attaque DDOS\u00a0\u00bb (par d\u00e9ni de service) paralysant \u00ab\u00a0la disponibilit\u00e9 [&hellip;]<\/p>\n","protected":false},"author":1,"featured_media":11370,"comment_status":"open","ping_status":"closed","sticky":false,"template":"","format":"standard","meta":{"footnotes":""},"categories":[30],"tags":[217,252,388],"class_list":["post-11368","post","type-post","status-publish","format-standard","has-post-thumbnail","hentry","category-actualite","tag-cyberattaque","tag-parlement-europeen","tag-russie"],"aioseo_notices":[],"_links":{"self":[{"href":"https:\/\/www.culturalusa.com\/news\/wp-json\/wp\/v2\/posts\/11368","targetHints":{"allow":["GET"]}}],"collection":[{"href":"https:\/\/www.culturalusa.com\/news\/wp-json\/wp\/v2\/posts"}],"about":[{"href":"https:\/\/www.culturalusa.com\/news\/wp-json\/wp\/v2\/types\/post"}],"author":[{"embeddable":true,"href":"https:\/\/www.culturalusa.com\/news\/wp-json\/wp\/v2\/users\/1"}],"replies":[{"embeddable":true,"href":"https:\/\/www.culturalusa.com\/news\/wp-json\/wp\/v2\/comments?post=11368"}],"version-history":[{"count":1,"href":"https:\/\/www.culturalusa.com\/news\/wp-json\/wp\/v2\/posts\/11368\/revisions"}],"predecessor-version":[{"id":11369,"href":"https:\/\/www.culturalusa.com\/news\/wp-json\/wp\/v2\/posts\/11368\/revisions\/11369"}],"wp:featuredmedia":[{"embeddable":true,"href":"https:\/\/www.culturalusa.com\/news\/wp-json\/wp\/v2\/media\/11370"}],"wp:attachment":[{"href":"https:\/\/www.culturalusa.com\/news\/wp-json\/wp\/v2\/media?parent=11368"}],"wp:term":[{"taxonomy":"category","embeddable":true,"href":"https:\/\/www.culturalusa.com\/news\/wp-json\/wp\/v2\/categories?post=11368"},{"taxonomy":"post_tag","embeddable":true,"href":"https:\/\/www.culturalusa.com\/news\/wp-json\/wp\/v2\/tags?post=11368"}],"curies":[{"name":"wp","href":"https:\/\/api.w.org\/{rel}","templated":true}]}}