{"id":11374,"date":"2022-11-24T19:27:12","date_gmt":"2022-11-24T18:27:12","guid":{"rendered":"https:\/\/www.culturalusa.com\/news\/?p=11374"},"modified":"2022-11-24T19:27:12","modified_gmt":"2022-11-24T18:27:12","slug":"onu-un-tiers-de-la-population-latino-americaine-finira-dans-la-pauvrete-en-2022","status":"publish","type":"post","link":"https:\/\/www.culturalusa.com\/news\/monde\/onu-un-tiers-de-la-population-latino-americaine-finira-dans-la-pauvrete-en-2022\/","title":{"rendered":"ONU : un tiers de la population latino-am\u00e9ricaine finira dans la pauvret\u00e9 en 2022"},"content":{"rendered":"<h2>Environ 32% de la population d&rsquo;Am\u00e9rique latine et des Cara\u00efbes, soit 201 millions de personnes, vivront dans la pauvret\u00e9 \u00e0 la fin de cette ann\u00e9e, dont 82 millions (13,1%) dans l&rsquo;extr\u00eame pauvret\u00e9, a r\u00e9v\u00e9l\u00e9 aujourd&rsquo;hui l&rsquo;ONU<\/h2>\n<p>\u00ab\u00a0Les <strong>niveaux d&rsquo;extr\u00eame pauvret\u00e9<\/strong> pr\u00e9vus en 2022 repr\u00e9sentent un recul d&rsquo;un quart de si\u00e8cle pour la r\u00e9gion\u00a0\u00bb, pr\u00e9vient la Commission \u00e9conomique pour l&rsquo;Am\u00e9rique latine et les Cara\u00efbes (CEPALC), une institution r\u00e9gionale des Nations unies.<\/p>\n<p>La cascade de chocs externes, le ralentissement de la croissance \u00e9conomique, la faible reprise de l&#8217;emploi et la hausse de l&rsquo;inflation approfondissent et prolongent la crise sociale en Am\u00e9rique latine et dans les Cara\u00efbes\u00a0\u00bb, a d\u00e9clar\u00e9 le secr\u00e9taire ex\u00e9cutif de l&rsquo;institution, Jos\u00e9 Manuel Salazar-Xirinachs.<\/p>\n<p>Apr\u00e8s une forte augmentation de la pauvret\u00e9 et une l\u00e9g\u00e8re augmentation des in\u00e9galit\u00e9s de revenus en 2020 en raison de la pand\u00e9mie, en 2021 il y a eu une r\u00e9duction des taux de pauvret\u00e9 et d&rsquo;extr\u00eame pauvret\u00e9, mais cela n&rsquo;a pas suffi \u00e0 inverser les effets n\u00e9gatifs de la crise pand\u00e9mique, selon le rapport Panorama social de l&rsquo;Am\u00e9rique latine et des Cara\u00efbes 2022.<\/p>\n<p>Les chiffres indiquent qu&rsquo;\u00e0 la fin de cette ann\u00e9e, 15 millions de personnes de plus seront dans la pauvret\u00e9 par rapport \u00e0 la situation pr\u00e9-pand\u00e9mique, et que le nombre de personnes dans l&rsquo;extr\u00eame pauvret\u00e9 sera de 12 millions de plus qu&rsquo;en 2019.<\/p>\n<p>L&rsquo;Am\u00e9rique latine, r\u00e9gion la plus touch\u00e9e par la pand\u00e9mie, a connu une croissance de 6,9 \u200b\u200b% en 2021, apr\u00e8s l&rsquo;effondrement de 6,8 % enregistr\u00e9 en 2020, la plus forte r\u00e9cession en 120 ans.<\/p>\n<p>Pour 2022, la CEPALC pr\u00e9voit une croissance de 3,2 %, m\u00eame si elle pr\u00e9voit un ralentissement de 1,4 % en 2023.<\/p>\n<p>Le ch\u00f4mage projet\u00e9 pour cette ann\u00e9e repr\u00e9sente un recul de 22 ans et touchera particuli\u00e8rement les femmes, pour qui le ch\u00f4mage passe de 9,5 % en 2019 \u00e0 11,6 % en 2022.<\/p>\n<p>L&rsquo;incidence de la pauvret\u00e9 est plus \u00e9lev\u00e9e dans certains groupes de population : plus de 45 % des enfants et adolescents vivent sans ressources et le taux est plus \u00e9lev\u00e9 chez les femmes entre 20 et 59 ans que chez les hommes dans tous les pays de la r\u00e9gion.<\/p>\n<p>De m\u00eame, la pauvret\u00e9 est consid\u00e9rablement plus \u00e9lev\u00e9e dans la population indig\u00e8ne ou d&rsquo;ascendance africaine, r\u00e9v\u00e8le le document.<\/p>\n<p>L&rsquo;Am\u00e9rique latine et les Cara\u00efbes ont \u00e9galement subi le pire effet sur l&rsquo;\u00e9ducation (70 semaines de fermetures d&rsquo;\u00e9coles en moyenne, contre 41 semaines dans le reste du monde), exacerbant les in\u00e9galit\u00e9s pr\u00e9existantes en mati\u00e8re d&rsquo;acc\u00e8s, d&rsquo;inclusion et de qualit\u00e9 de l&rsquo;\u00e9ducation, selon le rapport. .<\/p>\n<p>Les donn\u00e9es du rapport indiquent qu&rsquo;en Am\u00e9rique latine, le pourcentage de jeunes \u00e2g\u00e9s de 18 \u00e0 24 ans qui n&rsquo;\u00e9tudient pas ou ne travaillent pas de mani\u00e8re r\u00e9mun\u00e9r\u00e9e est pass\u00e9 de 22,3 % en 2019 \u00e0 28,7 % en 2020, ce qui touche particuli\u00e8rement les jeunes femmes.<\/p>\n","protected":false},"excerpt":{"rendered":"<p>Environ 32% de la population d&rsquo;Am\u00e9rique latine et des Cara\u00efbes, soit 201 millions de personnes, vivront dans la pauvret\u00e9 \u00e0 la fin de cette ann\u00e9e, dont 82 millions (13,1%) dans l&rsquo;extr\u00eame pauvret\u00e9, a r\u00e9v\u00e9l\u00e9 aujourd&rsquo;hui l&rsquo;ONU \u00ab\u00a0Les niveaux d&rsquo;extr\u00eame pauvret\u00e9 pr\u00e9vus en 2022 repr\u00e9sentent un recul d&rsquo;un quart de si\u00e8cle pour la r\u00e9gion\u00a0\u00bb, pr\u00e9vient la [&hellip;]<\/p>\n","protected":false},"author":1,"featured_media":10866,"comment_status":"open","ping_status":"closed","sticky":false,"template":"","format":"standard","meta":{"footnotes":""},"categories":[1372],"tags":[2532,553,2464,2531],"class_list":["post-11374","post","type-post","status-publish","format-standard","has-post-thumbnail","hentry","category-monde","tag-amerique-latine","tag-onu","tag-pauvrete","tag-population-latino-americaine"],"aioseo_notices":[],"_links":{"self":[{"href":"https:\/\/www.culturalusa.com\/news\/wp-json\/wp\/v2\/posts\/11374","targetHints":{"allow":["GET"]}}],"collection":[{"href":"https:\/\/www.culturalusa.com\/news\/wp-json\/wp\/v2\/posts"}],"about":[{"href":"https:\/\/www.culturalusa.com\/news\/wp-json\/wp\/v2\/types\/post"}],"author":[{"embeddable":true,"href":"https:\/\/www.culturalusa.com\/news\/wp-json\/wp\/v2\/users\/1"}],"replies":[{"embeddable":true,"href":"https:\/\/www.culturalusa.com\/news\/wp-json\/wp\/v2\/comments?post=11374"}],"version-history":[{"count":1,"href":"https:\/\/www.culturalusa.com\/news\/wp-json\/wp\/v2\/posts\/11374\/revisions"}],"predecessor-version":[{"id":11375,"href":"https:\/\/www.culturalusa.com\/news\/wp-json\/wp\/v2\/posts\/11374\/revisions\/11375"}],"wp:featuredmedia":[{"embeddable":true,"href":"https:\/\/www.culturalusa.com\/news\/wp-json\/wp\/v2\/media\/10866"}],"wp:attachment":[{"href":"https:\/\/www.culturalusa.com\/news\/wp-json\/wp\/v2\/media?parent=11374"}],"wp:term":[{"taxonomy":"category","embeddable":true,"href":"https:\/\/www.culturalusa.com\/news\/wp-json\/wp\/v2\/categories?post=11374"},{"taxonomy":"post_tag","embeddable":true,"href":"https:\/\/www.culturalusa.com\/news\/wp-json\/wp\/v2\/tags?post=11374"}],"curies":[{"name":"wp","href":"https:\/\/api.w.org\/{rel}","templated":true}]}}