{"id":11382,"date":"2022-11-29T18:09:45","date_gmt":"2022-11-29T17:09:45","guid":{"rendered":"https:\/\/www.culturalusa.com\/news\/?p=11382"},"modified":"2022-11-29T18:09:45","modified_gmt":"2022-11-29T17:09:45","slug":"le-covid-est-toujours-la-elisabeth-borne-lance-un-appel-solennel-aux-gestes-barriere","status":"publish","type":"post","link":"https:\/\/www.culturalusa.com\/news\/actualite\/le-covid-est-toujours-la-elisabeth-borne-lance-un-appel-solennel-aux-gestes-barriere\/","title":{"rendered":"Le Covid est toujours l\u00e1, Elisabeth Borne lance un \u00ab\u00a0appel solennel\u00a0\u00bb aux gestes barri\u00e8re"},"content":{"rendered":"<h2>Elisabeth Borne a lanc\u00e9 un \u00ab\u00a0appel solennel\u00a0\u00bb au respect des gestes barri\u00e8re face \u00e0 une \u00ab\u00a0nouvelle vague\u00a0\u00bb de l&rsquo;\u00e9pid\u00e9mie de Covid-19, qui \u00ab\u00a0tue encore\u00a0\u00bb, et fustig\u00e9 \u00ab\u00a0l&rsquo;obscurantisme\u00a0\u00bb de certains \u00e9lus sur les vaccins.<\/h2>\n<blockquote><p>\u00ab\u00a0Je lance un appel solennel: respectons les gestes barri\u00e8re, portons le masque d\u00e8s que nous sommes avec des personnes fragiles ou dans des zones de promiscuit\u00e9 comme les transports en commun. Ce sont des petits gestes qui sauvent des vies\u00a0\u00bb, a affirm\u00e9 la Premi\u00e8re ministre lors de la s\u00e9ance des questions au gouvernement \u00e0 l&rsquo;Assembl\u00e9e nationale.<\/p><\/blockquote>\n<p>\u00ab\u00a0Cette nouvelle vague nous le rappelle: le virus n&rsquo;a pas disparu, l&rsquo;\u00e9pid\u00e9mie frappe encore, tue encore\u00a0\u00bb, a-t-elle ajout\u00e9.<\/p>\n<p>Il s&rsquo;agit d&rsquo;une \u00ab\u00a0pression suppl\u00e9mentaire\u00a0\u00bb sur les h\u00f4pitaux qui font d\u00e9j\u00e0 face aux \u00e9pid\u00e9mies de grippe et de bronchiolite, a-t-elle rappel\u00e9, en appelant \u00e0 se vacciner contre la grippe et le Covid.<\/p>\n<h3>\u00ab\u00a0Vaccinez-vous cela vous prot\u00e8ge, cela prot\u00e8ge votre h\u00f4pital\u00a0\u00bb, a-t-elle insist\u00e9.<\/h3>\n<p>Saluant le travail \u00ab\u00a0exceptionnel\u00a0\u00bb des personnels soignants, Mme Borne a estim\u00e9 que \u00ab\u00a0notre devoir c&rsquo;est de les aider, pas de prendre des mesures purement id\u00e9ologiques qui rendraient leur mission plus difficile encore\u00a0\u00bb. Plusieurs groupes d&rsquo;opposition r\u00e9clament la r\u00e9int\u00e9gration des soignants non vaccin\u00e9s contre le Covid, un sujet qui avait provoqu\u00e9 des d\u00e9bats houleux la semaine derni\u00e8re \u00e0 l&rsquo;Assembl\u00e9e.<\/p>\n<p>\u00ab\u00a0J&rsquo;assume de refuser de faire passer les manoeuvres politiques avant la science\u00a0\u00bb et de \u00ab\u00a0ne pas soutenir des mesures purement d\u00e9magogiques\u00a0\u00bb, a-t-elle ajout\u00e9.<\/p>\n<p>Fustigeant des propos \u00ab\u00a0terrifiants sur les vaccins\u00a0\u00bb dont \u00ab\u00a0certains confinent \u00e0 l&rsquo;obscurantisme\u00a0\u00bb, la Premi\u00e8re ministre a dit qu&rsquo;elle ne \u00ab\u00a0pensait pas, dans cet h\u00e9micycle, dans le pays de Pasteur, que dire que l&rsquo;on a confiance dans la parole de nos scientifiques et dans l&rsquo;efficacit\u00e9 de nos vaccins pr\u00eaterait \u00e0 des d\u00e9bats aussi vifs\u00a0\u00bb.<\/p>\n<p>\u00ab\u00a0Mais vos hurlements ne nous feront pas reculer, nous assumerons, nous ferons toujours le choix de la responsabilit\u00e9\u00a0\u00bb et \u00ab\u00a0de la science\u00a0\u00bb, a-t-elle plaid\u00e9.<\/p>\n<p>L&rsquo;\u00e9pid\u00e9mie de Covid-19, qui a connu en France une br\u00e8ve accalmie apr\u00e8s une vague au d\u00e9but de l&rsquo;automne, est en train de repartir.<\/p>\n<p>Vendredi, 48.629 nouveaux cas ont \u00e9t\u00e9 enregistr\u00e9s, contre 33.177 nouveaux cas le vendredi pr\u00e9c\u00e9dent, soit une hausse de 46%.<\/p>\n<p>Mme Borne a fait \u00e9tat d&rsquo;une hausse de \u00ab\u00a0pr\u00e8s de 10% des hospitalisations sur une semaine\u00a0\u00bb et de 22% celles \u00ab\u00a0en soins critiques\u00a0\u00bb, et de 400 d\u00e9c\u00e8s la semaine pass\u00e9e.<\/p>\n<p>&nbsp;<\/p>\n","protected":false},"excerpt":{"rendered":"<p>Elisabeth Borne a lanc\u00e9 un \u00ab\u00a0appel solennel\u00a0\u00bb au respect des gestes barri\u00e8re face \u00e0 une \u00ab\u00a0nouvelle vague\u00a0\u00bb de l&rsquo;\u00e9pid\u00e9mie de Covid-19, qui \u00ab\u00a0tue encore\u00a0\u00bb, et fustig\u00e9 \u00ab\u00a0l&rsquo;obscurantisme\u00a0\u00bb de certains \u00e9lus sur les vaccins. \u00ab\u00a0Je lance un appel solennel: respectons les gestes barri\u00e8re, portons le masque d\u00e8s que nous sommes avec des personnes fragiles ou dans [&hellip;]<\/p>\n","protected":false},"author":1,"featured_media":8467,"comment_status":"open","ping_status":"closed","sticky":false,"template":"","format":"standard","meta":{"footnotes":""},"categories":[30],"tags":[1928,1577,2538,1430],"class_list":["post-11382","post","type-post","status-publish","format-standard","has-post-thumbnail","hentry","category-actualite","tag-covid","tag-elisabeth-borne","tag-gestes-barriere","tag-vaccins"],"aioseo_notices":[],"_links":{"self":[{"href":"https:\/\/www.culturalusa.com\/news\/wp-json\/wp\/v2\/posts\/11382","targetHints":{"allow":["GET"]}}],"collection":[{"href":"https:\/\/www.culturalusa.com\/news\/wp-json\/wp\/v2\/posts"}],"about":[{"href":"https:\/\/www.culturalusa.com\/news\/wp-json\/wp\/v2\/types\/post"}],"author":[{"embeddable":true,"href":"https:\/\/www.culturalusa.com\/news\/wp-json\/wp\/v2\/users\/1"}],"replies":[{"embeddable":true,"href":"https:\/\/www.culturalusa.com\/news\/wp-json\/wp\/v2\/comments?post=11382"}],"version-history":[{"count":1,"href":"https:\/\/www.culturalusa.com\/news\/wp-json\/wp\/v2\/posts\/11382\/revisions"}],"predecessor-version":[{"id":11383,"href":"https:\/\/www.culturalusa.com\/news\/wp-json\/wp\/v2\/posts\/11382\/revisions\/11383"}],"wp:featuredmedia":[{"embeddable":true,"href":"https:\/\/www.culturalusa.com\/news\/wp-json\/wp\/v2\/media\/8467"}],"wp:attachment":[{"href":"https:\/\/www.culturalusa.com\/news\/wp-json\/wp\/v2\/media?parent=11382"}],"wp:term":[{"taxonomy":"category","embeddable":true,"href":"https:\/\/www.culturalusa.com\/news\/wp-json\/wp\/v2\/categories?post=11382"},{"taxonomy":"post_tag","embeddable":true,"href":"https:\/\/www.culturalusa.com\/news\/wp-json\/wp\/v2\/tags?post=11382"}],"curies":[{"name":"wp","href":"https:\/\/api.w.org\/{rel}","templated":true}]}}