{"id":11387,"date":"2022-12-01T19:11:08","date_gmt":"2022-12-01T18:11:08","guid":{"rendered":"https:\/\/www.culturalusa.com\/news\/?p=11387"},"modified":"2022-12-01T19:11:08","modified_gmt":"2022-12-01T18:11:08","slug":"medecins-liberaux-en-greve-un-coup-de-semonce-pour-sauver-la-profession","status":"publish","type":"post","link":"https:\/\/www.culturalusa.com\/news\/politique\/medecins-liberaux-en-greve-un-coup-de-semonce-pour-sauver-la-profession\/","title":{"rendered":"M\u00e9decins lib\u00e9raux en Gr\u00e8ve: un coup de semonce pour \u00ab\u00a0sauver la profession\u00a0\u00bb"},"content":{"rendered":"<h2>\u00ab\u00a0Un coup de semonce\u00a0\u00bb, voire le combat de \u00ab\u00a0la derni\u00e8re chance pour <span style=\"color: #800000;\">sauver la m\u00e9decine de terrain<\/span>\u00ab\u00a0: des milliers de m\u00e9decins et biologistes lib\u00e9raux ont ferm\u00e9 cabinets et laboratoires jeudi et vendredi, les uns pour r\u00e9clamer des hausses de tarifs, les autres pour s&rsquo;\u00e9lever contre une ponction de leurs b\u00e9n\u00e9fices.<\/h2>\n<p>\u00ab\u00a0Je fais des remplacements un peu partout, et \u00e7a ne me donne pas envie de m&rsquo;installer\u00a0\u00bb, t\u00e9moigne Julien Rogowski,\u00a030\u00a0ans, g\u00e9n\u00e9raliste en Alsace.<\/p>\n<p>Arnaud Saada,\u00a039\u00a0ans, install\u00e9 dans l&rsquo;Essonne, se lamente: \u00ab\u00a0Je refuse une petite dizaine de patients par jour, c&rsquo;est abominable\u00a0\u00bb.<\/p>\n<p>Ce \u00ab\u00a0mouvement historique\u00a0\u00bb a \u00e9t\u00e9 initi\u00e9 par le jeune collectif \u00ab\u00a0M\u00e9decins pour demain\u00a0\u00bb, qui a rassembl\u00e9 en quelques semaines pr\u00e8s de 15.000 membres sur Facebook, sympt\u00f4me d&rsquo;une col\u00e8re qui se r\u00e9pand parmi les 110.000 praticiens lib\u00e9raux en exercice<\/p>\n<p>Avec pour revendication le doublement du tarif de la consultation (de\u00a025\u00a0\u00e0\u00a050\u00a0euros), ce groupe a ralli\u00e9 les syndicats \u00e0 sa cause. Ceux-ci y voient un moyen de peser dans la n\u00e9gociation ouverte avec l&rsquo;Assurance maladie en vue d&rsquo;un nouvel accord pour les cinq prochaines ann\u00e9es.<\/p>\n<h3>Cinquante euros<\/h3>\n<p>La pression passe aussi par la rue, avec des rassemblements organis\u00e9s dans les grandes villes. A Toulouse comme \u00e0 Rennes,\u00a0200\u00a0personnes se sont retrouv\u00e9es \u00e0 la mi-journ\u00e9e. A Nantes, ils \u00e9taient 450, tandis qu&rsquo;en Corse un tiers des\u00a0300\u00a0m\u00e9decins lib\u00e9raux de l&rsquo;\u00eele s&rsquo;\u00e9taient d\u00e9clar\u00e9s gr\u00e9vistes.<\/p>\n<p>A Paris, ils \u00e9taient un millier devant le minist\u00e8re de la Sant\u00e9, pour scander \u00ab\u00a010 ans d&rsquo;\u00e9tudes,\u00a025\u00a0euros, c&rsquo;est la m\u00e9decine qu&rsquo;on assassine\u00a0\u00bb.<\/p>\n<p>Dans la foule, la pr\u00e9sidente du syndicat FMF, Corinne Le Sauder, affirme m\u00eame que \u00ab\u00a0donner des moyens \u00e0 la m\u00e9decine lib\u00e9rale, c&rsquo;est aussi sauver l&rsquo;h\u00f4pital\u00a0\u00bb, qui r\u00e9clame \u00e9galement des moyens.<\/p>\n<p>\u00ab\u00a0Cinquante euros, \u00e7a peut para\u00eetre compl\u00e8tement fou, mais c&rsquo;est un point sur l&rsquo;horizon pour s&rsquo;approcher de la moyenne europ\u00e9enne\u00a0\u00bb du tarif de consultation, autour de\u00a045\u00a0euros, fait valoir J\u00e9r\u00f4me Marty, du syndicat UFML, avan\u00e7ant \u00ab\u00a075\u00a0% \u00e0 80\u00a0%\u00a0\u00bb de cabinets ferm\u00e9s, quand le collectif M\u00e9decins pour demain en recense \u00ab\u00a0plus de 10.000\u00a0\u00bb.<\/p>\n<p>Des chiffres \u00e0 \u00ab\u00a0prendre avec du recul\u00a0\u00bb, relativise Thomas Fat\u00f4me, qui attend les donn\u00e9es de remboursement \u00ab\u00a0en tout d\u00e9but de semaine prochaine\u00a0\u00bb pour \u00ab\u00a0mesurer la r\u00e9alit\u00e9 du mouvement\u00a0\u00bb. Le patron de l&rsquo;Assurance maladie indique cependant \u00e0 l&rsquo;AFP \u00ab\u00a0prendre avec s\u00e9rieux\u00a0\u00bb les attentes des m\u00e9decins, tant \u00ab\u00a0sur leurs conditions de travail\u00a0\u00bb qu&rsquo;en termes de r\u00e9mun\u00e9rations.<\/p>\n<p>Mais s&rsquo;il entend \u00ab\u00a0proposer des revalorisations\u00a0\u00bb dans le cadre des n\u00e9gociations, il souhaite aussi \u00ab\u00a0r\u00e9pondre aux attentes de la population\u00a0\u00bb en mati\u00e8re d&rsquo;acc\u00e8s aux soins. Or doubler la consultation \u00e0\u00a050\u00a0euros co\u00fbterait\u00a07\u00a0milliards d&rsquo;euros \u00e0 la S\u00e9curit\u00e9 sociale, alors qu&rsquo;avec les divers forfaits vers\u00e9s aux praticiens, ceux-ci per\u00e7oivent d\u00e9j\u00e0\u00a035\u00a0euros en moyenne par acte.<\/p>\n<p>Les syndicats pr\u00e9sentent la hausse des tarifs comme un \u00ab\u00a0choc d&rsquo;attractivit\u00e9\u00a0\u00bb vers une m\u00e9decine de ville en manque criant d&rsquo;effectifs, \u00e9cras\u00e9e par les t\u00e2ches administratives au d\u00e9triment du soin, et qui n&rsquo;attire plus les jeunes.<\/p>\n<p>\u00ab\u00a0Si nous ne sommes pas entendus, nous appellerons \u00e0 la gr\u00e8ve dure et illimit\u00e9e \u00e0 partir du\u00a026\u00a0d\u00e9cembre\u00a0\u00bb, pr\u00e9vient d\u00e9j\u00e0 M\u00e9decins pour demain.<\/p>\n<h3>\u00ab\u00a0Ent\u00eatement\u00a0\u00bb<\/h3>\n<p>\u00ab\u00a0La porte est loin d&rsquo;\u00eatre ferm\u00e9e\u00a0\u00bb, a r\u00e9agi le ministre de la Sant\u00e9 Fran\u00e7ois Braun, assurant que \u00ab\u00a0rien n&rsquo;est tabou\u00a0\u00bb au sujet des tarifs, \u00ab\u00a0d\u00e8s lors qu&rsquo;il y a des engagements\u00a0\u00bb en face pour \u00ab\u00a0que chacun de nos concitoyens puisse avoir un m\u00e9decin traitant, en particulier les plus fragiles\u00a0\u00bb et afin \u00ab\u00a0d&rsquo;assurer la permanence des soins\u00a0\u00bb les soirs et les weekends.<\/p>\n<p>Les m\u00e9decins ne sont pas seuls dans ce mouvement. Point\u00e9s du doigt pour leurs profits record li\u00e9s aux tests Covid-19, les laboratoires refusent eux la ponction de\u00a0250\u00a0millions d&rsquo;euros par an inscrite dans le budget de la S\u00e9curit\u00e9 sociale.<\/p>\n<p>\u00ab\u00a0Ce coup de rabot entra\u00eenera une fermeture des laboratoires de proximit\u00e9\u00a0\u00bb, s&rsquo;est alarm\u00e9 Fran\u00e7ois Blanchecotte (Syndicat des biologistes), au nom d&rsquo;une profession qui emploie 52.000 salari\u00e9s et pourrait perdre selon lui\u00a0400\u00a0de ses 4.200 sites.<\/p>\n<p>Le secteur, qui revendique \u00ab\u00a090 \u00e0 95\u00a0%\u00a0\u00bb de laboratoires en gr\u00e8ve, a propos\u00e9 de \u00ab\u00a0rendre\u00a0\u00bb\u00a0685\u00a0millions d&rsquo;euros sur quatre ans, soit \u00ab\u00a0pr\u00e8s de 80\u00a0%\u00a0\u00bb de ses b\u00e9n\u00e9fices depuis 2020.<\/p>\n<p>Sa mobilisation durera non pas deux mais trois jours, samedi inclus. \u00ab\u00a0Si le gouvernement ne saisit pas la possibilit\u00e9 de dialoguer, son ent\u00eatement va nous obliger \u00e0 (&#8230;) prendre des dispositions encore plus graves et difficiles \u00e0 supporter\u00a0\u00bb, a menac\u00e9 devant la presse Fran\u00e7ois Blanchecotte.<\/p>\n<p>&nbsp;<\/p>\n","protected":false},"excerpt":{"rendered":"<p>\u00ab\u00a0Un coup de semonce\u00a0\u00bb, voire le combat de \u00ab\u00a0la derni\u00e8re chance pour sauver la m\u00e9decine de terrain\u00ab\u00a0: des milliers de m\u00e9decins et biologistes lib\u00e9raux ont ferm\u00e9 cabinets et laboratoires jeudi et vendredi, les uns pour r\u00e9clamer des hausses de tarifs, les autres pour s&rsquo;\u00e9lever contre une ponction de leurs b\u00e9n\u00e9fices. \u00ab\u00a0Je fais des remplacements un [&hellip;]<\/p>\n","protected":false},"author":1,"featured_media":11388,"comment_status":"open","ping_status":"closed","sticky":false,"template":"","format":"standard","meta":{"footnotes":""},"categories":[1494],"tags":[128,2541,2542],"class_list":["post-11387","post","type-post","status-publish","format-standard","has-post-thumbnail","hentry","category-politique","tag-greve","tag-medecins-liberaux","tag-sauver-la-medecine-de-terrain"],"aioseo_notices":[],"_links":{"self":[{"href":"https:\/\/www.culturalusa.com\/news\/wp-json\/wp\/v2\/posts\/11387","targetHints":{"allow":["GET"]}}],"collection":[{"href":"https:\/\/www.culturalusa.com\/news\/wp-json\/wp\/v2\/posts"}],"about":[{"href":"https:\/\/www.culturalusa.com\/news\/wp-json\/wp\/v2\/types\/post"}],"author":[{"embeddable":true,"href":"https:\/\/www.culturalusa.com\/news\/wp-json\/wp\/v2\/users\/1"}],"replies":[{"embeddable":true,"href":"https:\/\/www.culturalusa.com\/news\/wp-json\/wp\/v2\/comments?post=11387"}],"version-history":[{"count":1,"href":"https:\/\/www.culturalusa.com\/news\/wp-json\/wp\/v2\/posts\/11387\/revisions"}],"predecessor-version":[{"id":11389,"href":"https:\/\/www.culturalusa.com\/news\/wp-json\/wp\/v2\/posts\/11387\/revisions\/11389"}],"wp:featuredmedia":[{"embeddable":true,"href":"https:\/\/www.culturalusa.com\/news\/wp-json\/wp\/v2\/media\/11388"}],"wp:attachment":[{"href":"https:\/\/www.culturalusa.com\/news\/wp-json\/wp\/v2\/media?parent=11387"}],"wp:term":[{"taxonomy":"category","embeddable":true,"href":"https:\/\/www.culturalusa.com\/news\/wp-json\/wp\/v2\/categories?post=11387"},{"taxonomy":"post_tag","embeddable":true,"href":"https:\/\/www.culturalusa.com\/news\/wp-json\/wp\/v2\/tags?post=11387"}],"curies":[{"name":"wp","href":"https:\/\/api.w.org\/{rel}","templated":true}]}}