{"id":11390,"date":"2022-12-02T19:13:19","date_gmt":"2022-12-02T18:13:19","guid":{"rendered":"https:\/\/www.culturalusa.com\/news\/?p=11390"},"modified":"2022-12-02T19:13:19","modified_gmt":"2022-12-02T18:13:19","slug":"sante-publique-france-une-triple-epidemie-inedite-et-devolution-incertaine","status":"publish","type":"post","link":"https:\/\/www.culturalusa.com\/news\/bien-etre-sante\/sante-publique-france-une-triple-epidemie-inedite-et-devolution-incertaine\/","title":{"rendered":"Sant\u00e9 publique France: une \u00ab\u00a0triple \u00e9pid\u00e9mie\u00a0\u00bb in\u00e9dite et d&rsquo;\u00e9volution incertaine"},"content":{"rendered":"<h2>La \u00ab\u00a0triple \u00e9pid\u00e9mie\u00a0\u00bb \u00e0 laquelle fait face la France, avec la circulation simultan\u00e9e du Covid, de la bronchiolite et de la grippe, est \u00ab\u00a0compl\u00e8tement in\u00e9dite\u00a0\u00bb et son \u00e9volution encore difficile \u00e0 pr\u00e9voir, a soulign\u00e9 Sant\u00e9 publique France.<\/h2>\n<p>La grippe frappe la m\u00e9tropole pr\u00e9cocement, s&rsquo;ajoutant \u00e0 un Covid en pleine remont\u00e9e et \u00e0 une bronchiolite \u00e0 des niveaux records depuis plus de\u00a010\u00a0ans chez les nourrissons. Cette situation percute un syst\u00e8me de sant\u00e9 d\u00e9j\u00e0 \u00e9prouv\u00e9, comme dans d&rsquo;autres pays, notamment les Etats-Unis.<\/p>\n<p>\u00ab\u00a0La situation est compl\u00e8tement in\u00e9dite\u00a0\u00bb et remplie d'\u00a0\u00bbincertitudes\u00a0\u00bb, a r\u00e9sum\u00e9 Didier Che, directeur adjoint aux maladies infectieuses, lors d&rsquo;un point presse de l&rsquo;agence sanitaire publique.<\/p>\n<blockquote><p>\u00ab\u00a0Les ann\u00e9es ant\u00e9rieures, il y avait plut\u00f4t des virus respiratoires qui se succ\u00e9daient les uns aux autres: une premi\u00e8re circulation de rhinovirus laissait la place \u00e0 des VRS (principale virus en cause dans la bronchiolite &#8212; qui, tr\u00e8s g\u00e9n\u00e9ralement, laissait le pas \u00e0 la grippe. L\u00e0, on a des co-circulations\u00a0\u00bb, a d\u00e9taill\u00e9 l&rsquo;\u00e9pid\u00e9miologiste Sophie Vaux.<\/p><\/blockquote>\n<p>Cette situation est \u00ab\u00a0inqui\u00e9tante\u00a0\u00bb parce que l&rsquo;addition de ces pathologies peut entra\u00eener \u00ab\u00a0un impact clinique assez fort, notamment sur les h\u00f4pitaux\u00a0\u00bb, a-t-elle ajout\u00e9. Et ce, m\u00eame si ces virus ne touchent \u00ab\u00a0pas exactement les m\u00eames populations\u00a0\u00bb, la grippe et le Covid affectant surtout les plus \u00e2g\u00e9s et vuln\u00e9rables, la bronchiolite essentiellement les nourrissons.<\/p>\n<p>Il est \u00ab\u00a0difficile de pr\u00e9dire la survenue des pics\u00a0\u00bb des trois \u00e9pid\u00e9mies, notamment un \u00e9ventuel pic simultan\u00e9 de Covid et de grippe, voire de bronchiolite, \u00e0 No\u00ebl.<\/p>\n<p>L&rsquo;une des grandes inconnues est une \u00e9ventuelle comp\u00e9tition entre les virus de la grippe et du Covid qui pourrait rendre leur coexistence difficile et limiter le risque de pics simultan\u00e9s.<\/p>\n<p>\u00ab\u00a0Il faut encore un peu de temps pour savoir si cette notion de cannibalisme viral se confirme\u00a0\u00bb, a jug\u00e9 M. Che pour lequel il est aussi \u00ab\u00a0trop t\u00f4t pour tirer des conclusions de la situation am\u00e9ricaine\u00a0\u00bb.<\/p>\n<p>Mais, a-t-il insist\u00e9, la France n&rsquo;est \u00ab\u00a0pas encore compl\u00e8tement d\u00e9munie\u00a0\u00bb et dispose d'\u00a0\u00bbun arsenal pr\u00e9ventif\u00a0\u00bb face \u00e0 cette triple \u00e9pid\u00e9mie.<\/p>\n<p>Sant\u00e9 publique France a insist\u00e9 plus que jamais sur la vaccination contre le Covid mais aussi la grippe, \u00e0 l&rsquo;approche de f\u00eates de fin d&rsquo;ann\u00e9e avec des rassemblements familiaux propices \u00e0 la transmission des virus.<\/p>\n<p>Les gestes barri\u00e8res (<span style=\"color: #800000;\"><strong>masque en lieux clos, lavage des mains, a\u00e9ration, etc<\/strong><\/span>) restent aussi vivement recommand\u00e9s.\u00a0 (AFP)<\/p>\n","protected":false},"excerpt":{"rendered":"<p>La \u00ab\u00a0triple \u00e9pid\u00e9mie\u00a0\u00bb \u00e0 laquelle fait face la France, avec la circulation simultan\u00e9e du Covid, de la bronchiolite et de la grippe, est \u00ab\u00a0compl\u00e8tement in\u00e9dite\u00a0\u00bb et son \u00e9volution encore difficile \u00e0 pr\u00e9voir, a soulign\u00e9 Sant\u00e9 publique France. La grippe frappe la m\u00e9tropole pr\u00e9cocement, s&rsquo;ajoutant \u00e0 un Covid en pleine remont\u00e9e et \u00e0 une bronchiolite \u00e0 [&hellip;]<\/p>\n","protected":false},"author":1,"featured_media":11391,"comment_status":"open","ping_status":"closed","sticky":false,"template":"","format":"standard","meta":{"footnotes":""},"categories":[2209],"tags":[1928,1431,2543,2544],"class_list":["post-11390","post","type-post","status-publish","format-standard","has-post-thumbnail","hentry","category-bien-etre-sante","tag-covid","tag-grippe","tag-sante-publique-france","tag-triple-epidemie"],"aioseo_notices":[],"_links":{"self":[{"href":"https:\/\/www.culturalusa.com\/news\/wp-json\/wp\/v2\/posts\/11390","targetHints":{"allow":["GET"]}}],"collection":[{"href":"https:\/\/www.culturalusa.com\/news\/wp-json\/wp\/v2\/posts"}],"about":[{"href":"https:\/\/www.culturalusa.com\/news\/wp-json\/wp\/v2\/types\/post"}],"author":[{"embeddable":true,"href":"https:\/\/www.culturalusa.com\/news\/wp-json\/wp\/v2\/users\/1"}],"replies":[{"embeddable":true,"href":"https:\/\/www.culturalusa.com\/news\/wp-json\/wp\/v2\/comments?post=11390"}],"version-history":[{"count":1,"href":"https:\/\/www.culturalusa.com\/news\/wp-json\/wp\/v2\/posts\/11390\/revisions"}],"predecessor-version":[{"id":11392,"href":"https:\/\/www.culturalusa.com\/news\/wp-json\/wp\/v2\/posts\/11390\/revisions\/11392"}],"wp:featuredmedia":[{"embeddable":true,"href":"https:\/\/www.culturalusa.com\/news\/wp-json\/wp\/v2\/media\/11391"}],"wp:attachment":[{"href":"https:\/\/www.culturalusa.com\/news\/wp-json\/wp\/v2\/media?parent=11390"}],"wp:term":[{"taxonomy":"category","embeddable":true,"href":"https:\/\/www.culturalusa.com\/news\/wp-json\/wp\/v2\/categories?post=11390"},{"taxonomy":"post_tag","embeddable":true,"href":"https:\/\/www.culturalusa.com\/news\/wp-json\/wp\/v2\/tags?post=11390"}],"curies":[{"name":"wp","href":"https:\/\/api.w.org\/{rel}","templated":true}]}}