{"id":11400,"date":"2022-12-08T19:18:11","date_gmt":"2022-12-08T18:18:11","guid":{"rendered":"https:\/\/www.culturalusa.com\/news\/?p=11400"},"modified":"2022-12-08T19:19:15","modified_gmt":"2022-12-08T18:19:15","slug":"deux-nouveaux-vaccins-anti-covid-autorises-en-rappel-par-la-has","status":"publish","type":"post","link":"https:\/\/www.culturalusa.com\/news\/actualite\/deux-nouveaux-vaccins-anti-covid-autorises-en-rappel-par-la-has\/","title":{"rendered":"Deux nouveaux vaccins anti-Covid autoris\u00e9s en rappel par la HAS"},"content":{"rendered":"<p>La Haute autorit\u00e9 de sant\u00e9 a donn\u00e9 son feu vert \u00e0 deux <span style=\"color: #800000;\"><strong>nouveaux vaccins anti-Covid<\/strong><\/span> pour un rappel et insist\u00e9 sur l&rsquo;importance d&rsquo;une nouvelle dose sans tarder, en priorit\u00e9 pour les plus \u00e0 risque, leurs proches et les soignants.<\/p>\n<h2>La HAS, appel\u00e9e \u00e0 se prononcer sur trois vaccins contre le Covid-19 avec une autre technologie que l&rsquo;ARN messager, en a autoris\u00e9 deux en rappel, ceux de Sanofi et de Novavax, et a \u00e9cart\u00e9, pour le moment, celui de Valneva, selon un communiqu\u00e9.<\/h2>\n<p>Jusqu&rsquo;alors, seuls des vaccins \u00e0 ARN adapt\u00e9s au variant Omicron, dits bivalents, sont utilis\u00e9s en rappel pour la campagne vaccinale de cet automne.<\/p>\n<blockquote><p>Ces vaccins, fabriqu\u00e9s par Pfizer BioNtech et Moderna, restent recommand\u00e9s \u00ab\u00a0pr\u00e9f\u00e9rentiellement\u00a0\u00bb pour un rappel, a pr\u00e9cis\u00e9 la HAS. Mais \u00ab\u00a0pour ceux qui ne pourraient ou ne (les) voudraient pas\u00a0\u00bb, les vaccins Sanofi et Novavax sont d\u00e9sormais accessibles.<\/p><\/blockquote>\n<p>Pour le vaccin de Sanofi, la HAS a \u00e9voqu\u00e9 de premi\u00e8res donn\u00e9es, immunologiques, sugg\u00e9rant \u00ab\u00a0une efficacit\u00e9 au moins \u00e9quivalente \u00e0 celle des vaccins actuellement recommand\u00e9s contre le variant Omicron BA.4\/5\u00a0\u00bb.<\/p>\n<p>Celui de Novavax, d\u00e9j\u00e0 autoris\u00e9 pour les primo-vaccinations des adultes, est donc d\u00e9sormais aussi accessible en rappel.<\/p>\n<p>Le vaccin de Valneva n&rsquo;a pas obtenu de feu vert, \u00e0 ce stade, en primo-vaccination, notamment par manque de donn\u00e9es d&rsquo;efficacit\u00e9 clinique avec les variants actuels, a pr\u00e9cis\u00e9 \u00e0 la presse \u00c9lisabeth Bouvet, de la commission technique des vaccinations.<\/p>\n<p>\u00ab\u00a0Alors que l&rsquo;\u00e9pid\u00e9mie repart \u00e0 la hausse, beaucoup unissent leurs voix pour insister sur l&rsquo;importance de la vaccination et des gestes barri\u00e8res\u00a0\u00bb, a observ\u00e9 la pr\u00e9sidente de la HAS, Dominique Le Guludec, ajoutant que \u00ab\u00a0le syst\u00e8me de sant\u00e9 doit \u00eatre pr\u00e9serv\u00e9 pour pouvoir soigner tout le monde\u00a0\u00bb.<\/p>\n<p>Le nombre de rappels anti-Covid n&rsquo;\u00e9tant \u00ab\u00a0pas au niveau pour prot\u00e9ger les plus \u00e0 risque\u00a0\u00bb, Dominique Le Guludec a jug\u00e9 \u00ab\u00a0fondamental que les personnes fragiles, leur entourage, les soignants\u00a0\u00bb fassent un rappel \u00ab\u00a0maintenant, en particulier avant No\u00ebl en famille\u00a0\u00bb.<\/p>\n<p>Cette recommandation \u00ab\u00a0n&#8217;emp\u00eache pas l&rsquo;ouverture plus large\u00a0\u00bb de la vaccination de rappel, et \u00ab\u00a0ceux qui le souhaitent pourront le faire\u00a0\u00bb, a d\u00e9clar\u00e9 la pr\u00e9sidente de la HAS.<\/p>\n<p>Le ministre de la Sant\u00e9, Fran\u00e7ois Braun, doit s&rsquo;exprimer vendredi, a-t-elle not\u00e9, laissant entendre qu&rsquo;il pourrait communiquer sur l&rsquo;ouverture du rappel \u00e0 l&rsquo;ensemble de la population.<\/p>\n<p>Interrog\u00e9e sur la vaccination des soignants, Dominique Le Gudulec a d\u00e9clar\u00e9 que la HAS est \u00ab\u00a0au travail\u00a0\u00bb pour r\u00e9pondre \u00e0 la saisine de Fran\u00e7ois Braun sur \u00ab\u00a0les obligations vaccinales des soignants\u00a0\u00bb globalement, \u00ab\u00a0pas sur la r\u00e9int\u00e9gration\u00a0\u00bb de non vaccin\u00e9s.<\/p>\n<p>Le Comit\u00e9 national consultatif d&rsquo;\u00e9thique a, lui, \u00e9t\u00e9 saisi \u00ab\u00a0sur la d\u00e9finition de crit\u00e8res \u00e9thiques relatifs \u00e0 la mise en place ou non d&rsquo;une obligation vaccinale en g\u00e9n\u00e9ral des personnels soignants et des personnels exer\u00e7ant dans le secteur sanitaire et m\u00e9dico-social\u00a0\u00bb. Il rendra son avis en avril 2023, a-t-on pr\u00e9cis\u00e9 au CCNE.<\/p>\n","protected":false},"excerpt":{"rendered":"<p>La Haute autorit\u00e9 de sant\u00e9 a donn\u00e9 son feu vert \u00e0 deux nouveaux vaccins anti-Covid pour un rappel et insist\u00e9 sur l&rsquo;importance d&rsquo;une nouvelle dose sans tarder, en priorit\u00e9 pour les plus \u00e0 risque, leurs proches et les soignants. La HAS, appel\u00e9e \u00e0 se prononcer sur trois vaccins contre le Covid-19 avec une autre technologie [&hellip;]<\/p>\n","protected":false},"author":1,"featured_media":11401,"comment_status":"open","ping_status":"closed","sticky":false,"template":"","format":"standard","meta":{"footnotes":""},"categories":[30],"tags":[2549,2550],"class_list":["post-11400","post","type-post","status-publish","format-standard","has-post-thumbnail","hentry","category-actualite","tag-nouveaux-vaccins","tag-vaccins-anti-covid"],"aioseo_notices":[],"_links":{"self":[{"href":"https:\/\/www.culturalusa.com\/news\/wp-json\/wp\/v2\/posts\/11400","targetHints":{"allow":["GET"]}}],"collection":[{"href":"https:\/\/www.culturalusa.com\/news\/wp-json\/wp\/v2\/posts"}],"about":[{"href":"https:\/\/www.culturalusa.com\/news\/wp-json\/wp\/v2\/types\/post"}],"author":[{"embeddable":true,"href":"https:\/\/www.culturalusa.com\/news\/wp-json\/wp\/v2\/users\/1"}],"replies":[{"embeddable":true,"href":"https:\/\/www.culturalusa.com\/news\/wp-json\/wp\/v2\/comments?post=11400"}],"version-history":[{"count":2,"href":"https:\/\/www.culturalusa.com\/news\/wp-json\/wp\/v2\/posts\/11400\/revisions"}],"predecessor-version":[{"id":11403,"href":"https:\/\/www.culturalusa.com\/news\/wp-json\/wp\/v2\/posts\/11400\/revisions\/11403"}],"wp:featuredmedia":[{"embeddable":true,"href":"https:\/\/www.culturalusa.com\/news\/wp-json\/wp\/v2\/media\/11401"}],"wp:attachment":[{"href":"https:\/\/www.culturalusa.com\/news\/wp-json\/wp\/v2\/media?parent=11400"}],"wp:term":[{"taxonomy":"category","embeddable":true,"href":"https:\/\/www.culturalusa.com\/news\/wp-json\/wp\/v2\/categories?post=11400"},{"taxonomy":"post_tag","embeddable":true,"href":"https:\/\/www.culturalusa.com\/news\/wp-json\/wp\/v2\/tags?post=11400"}],"curies":[{"name":"wp","href":"https:\/\/api.w.org\/{rel}","templated":true}]}}