{"id":11404,"date":"2022-12-09T19:31:03","date_gmt":"2022-12-09T18:31:03","guid":{"rendered":"https:\/\/www.culturalusa.com\/news\/?p=11404"},"modified":"2022-12-09T19:31:03","modified_gmt":"2022-12-09T18:31:03","slug":"japon-royaume-uni-et-italie-preparent-un-avion-de-combat-de-nouvelle-generation","status":"publish","type":"post","link":"https:\/\/www.culturalusa.com\/news\/monde\/japon-royaume-uni-et-italie-preparent-un-avion-de-combat-de-nouvelle-generation\/","title":{"rendered":"Japon, Royaume-Uni et Italie pr\u00e9parent un avion de combat de nouvelle g\u00e9n\u00e9ration"},"content":{"rendered":"<h2>Le Japon, le Royaume-Uni et l&rsquo;Italie vont d\u00e9velopper un avion de combat de nouvelle g\u00e9n\u00e9ration d&rsquo;ici 2035, afin selon le Premier ministre britannique Rishi Sunak d&rsquo;assurer leur s\u00e9curit\u00e9 face aux \u00ab\u00a0nouvelles menaces\u00a0\u00bb dans un contexte g\u00e9opolitique tendu.<\/h2>\n<p>Cette collaboration, annonc\u00e9e vendredi, doit tirer parti des recherches d\u00e9j\u00e0 lanc\u00e9es par les trois partenaires dans les technologies de pointe en mati\u00e8re de combat a\u00e9rien comme les a\u00e9ronefs sans pilote. Elle marque la premi\u00e8re association du Japon avec des partenaires europ\u00e9ens pour concevoir un avion de combat<\/p>\n<blockquote><p>\u00ab\u00a0Nous devons rester \u00e0 la pointe des progr\u00e8s de la technologie de la d\u00e9fense, devancer et d\u00e9jouer ceux qui veulent nous faire du mal. (Ce partenariat) vise pr\u00e9cis\u00e9ment cela, en montrant que la s\u00e9curit\u00e9 des r\u00e9gions euro-atlantique et indo-pacifique est indivisible\u00a0\u00bb, a salu\u00e9 le Premier ministre britannique Rishi Sunak depuis une base de la Royal Air Force dans le nord-est de l&rsquo;Angleterre.<\/p><\/blockquote>\n<p>\u00ab\u00a0Cela veut dire que nous pouvons assurer la s\u00e9curit\u00e9 de notre pays face aux nouvelles menaces\u00a0\u00bb, a-t-il insist\u00e9, soulignant que le projet allait g\u00e9n\u00e9rer \u00ab\u00a0des milliards \u00e0 l&rsquo;\u00e9conomie\u00a0\u00bb et assurer \u00ab\u00a0des dizaines de milliers d&#8217;emplois\u00a0\u00bb au Royaume-Uni.<\/p>\n<p>Les d\u00e9tails concernant le co\u00fbt du projet, dans le cadre d&rsquo;un programme baptis\u00e9 GCAP (Global Combat Air Programme), n&rsquo;ont pas encore \u00e9t\u00e9 finalis\u00e9s, selon un responsable du minist\u00e8re japonais de la D\u00e9fense qui a pr\u00e9cis\u00e9 que la production devrait commencer vers\u00a02030\u00a0ou\u00a02031\u00a0afin de pouvoir d\u00e9ployer un prototype d&rsquo;ici 2035.<\/p>\n<p>Le japonais Mitsubishi Heavy Industries, le britannique BAE Systems et l&rsquo;italien Leonardo devraient \u00eatre au centre du projet, selon des informations du quotidien \u00e9conomique japonais Nikkei.<\/p>\n<p>\u00ab\u00a0\u00c9tant donn\u00e9 qu&rsquo;il est crucial de d\u00e9fendre notre d\u00e9mocratie, notre \u00e9conomie et notre s\u00e9curit\u00e9 et de prot\u00e9ger la stabilit\u00e9 r\u00e9gionale, nous avons besoin de partenariats solides en mati\u00e8re de d\u00e9fense et de s\u00e9curit\u00e9, \u00e9tay\u00e9s et renforc\u00e9s par une force de dissuasion cr\u00e9dible\u00a0\u00bb, ont d\u00e9clar\u00e9 les trois pays dans un communiqu\u00e9.<\/p>\n<h3>\u00ab\u00a0Interop\u00e9rabilit\u00e9\u00a0\u00bb<\/h3>\n<p>Le Japon, dont la strat\u00e9gie de d\u00e9fense est lourdement d\u00e9pendante de son alli\u00e9 am\u00e9ricain, cherche \u00e0 accro\u00eetre drastiquement ses capacit\u00e9s dans ce domaine pour faire face aux menaces grandissantes qu&rsquo;il ressent \u00e0 ses fronti\u00e8res, de la Cor\u00e9e du Nord \u00e0 la Chine en passant par la Russie apr\u00e8s l&rsquo;invasion de l&rsquo;Ukraine.<\/p>\n<p>Tokyo a annonc\u00e9 cette semaine qu&rsquo;il comptait augmenter ses d\u00e9penses militaires de 56\u00a0% sur la p\u00e9riode 2023-2027, compar\u00e9 aux cinq exercices pr\u00e9c\u00e9dents, et porter le budget de sa d\u00e9fense \u00e0 2\u00a0% du PIB national d&rsquo;ici 2027, contre 1\u00a0% maximum jusqu&rsquo;\u00e0 pr\u00e9sent.<\/p>\n<p>Un tel objectif est controvers\u00e9 dans ce pays dot\u00e9 d&rsquo;une Constitution pacifiste depuis 1947, qui limite grandement les moyens et les missions de ses \u00ab\u00a0Forces d&rsquo;autod\u00e9fense\u00a0\u00bb (nom de son arm\u00e9e).<\/p>\n<p>Japon, Royaume-Uni et Italie disent avoir con\u00e7u le programme GCAP comme une base de coop\u00e9ration avec d&rsquo;autres pays, insistant dans leur communiqu\u00e9 sur son \u00ab\u00a0interop\u00e9rabilit\u00e9 future\u00a0\u00bb avec leurs alli\u00e9s, dont les Etats-Unis et l&rsquo;Otan.<\/p>\n<blockquote><p>\u00ab\u00a0Les Etats-Unis soutiennent la coop\u00e9ration en mati\u00e8re de s\u00e9curit\u00e9 et de d\u00e9fense du Japon avec des alli\u00e9s et partenaires partageant les m\u00eames valeurs (&#8230;) pour le d\u00e9veloppement de son prochain avion de combat\u00a0\u00bb, a soulign\u00e9 un communiqu\u00e9 commun du d\u00e9partement am\u00e9ricain de la D\u00e9fense et du minist\u00e8re de la D\u00e9fense nippon.<\/p><\/blockquote>\n<p>Les deux pays discutent notamment ensemble de \u00ab\u00a0syst\u00e8mes autonomes\u00a0\u00bb qui pourraient \u00eatre compl\u00e9mentaires du projet d&rsquo;avion de combat japonais et sont convenus de \u00ab\u00a0commencer une coop\u00e9ration concr\u00e8te dans le courant de l&rsquo;ann\u00e9e prochaine\u00a0\u00bb, permettant \u00ab\u00a0des r\u00e9ponses conjointes aux menaces futures\u00a0\u00bb dans la r\u00e9gion Asie-Pacifique, ajoute ce communiqu\u00e9.<\/p>\n<p>Le futur avion de combat est vu comme un successeur du japonais Mitsubishi F-2, con\u00e7u avec l&rsquo;am\u00e9ricain Lockheed Martin et mis en service en 2000.<\/p>\n<p>Son d\u00e9veloppement devrait notamment int\u00e9grer les avanc\u00e9es du projet d&rsquo;avion de combat Tempest, port\u00e9 par le Royaume-Uni, et dont un pr\u00e9-prototype est annonc\u00e9 \u00ab\u00a0dans les cinq prochaines ann\u00e9es\u00a0\u00bb.<\/p>\n<p>Un accord a par ailleurs \u00e9t\u00e9 sign\u00e9 ces derni\u00e8res semaines entre le fran\u00e7ais Dassault et l&rsquo;europ\u00e9en Airbus pour relancer le complexe projet d&rsquo;avion de combat europ\u00e9en SCAF, lanc\u00e9 en 2017 et cens\u00e9 remplacer \u00e0 l&rsquo;horizon 2040 les avions de combat Rafale fran\u00e7ais et Eurofighter allemands et espagnols. (AFP)<\/p>\n<p>&nbsp;<\/p>\n","protected":false},"excerpt":{"rendered":"<p>Le Japon, le Royaume-Uni et l&rsquo;Italie vont d\u00e9velopper un avion de combat de nouvelle g\u00e9n\u00e9ration d&rsquo;ici 2035, afin selon le Premier ministre britannique Rishi Sunak d&rsquo;assurer leur s\u00e9curit\u00e9 face aux \u00ab\u00a0nouvelles menaces\u00a0\u00bb dans un contexte g\u00e9opolitique tendu. Cette collaboration, annonc\u00e9e vendredi, doit tirer parti des recherches d\u00e9j\u00e0 lanc\u00e9es par les trois partenaires dans les technologies [&hellip;]<\/p>\n","protected":false},"author":1,"featured_media":11405,"comment_status":"open","ping_status":"closed","sticky":false,"template":"","format":"standard","meta":{"footnotes":""},"categories":[1372],"tags":[2551,542,1756,453],"class_list":["post-11404","post","type-post","status-publish","format-standard","has-post-thumbnail","hentry","category-monde","tag-avion-de-combat-nouvelle-generation","tag-italie","tag-japon","tag-royaume-uni"],"aioseo_notices":[],"_links":{"self":[{"href":"https:\/\/www.culturalusa.com\/news\/wp-json\/wp\/v2\/posts\/11404","targetHints":{"allow":["GET"]}}],"collection":[{"href":"https:\/\/www.culturalusa.com\/news\/wp-json\/wp\/v2\/posts"}],"about":[{"href":"https:\/\/www.culturalusa.com\/news\/wp-json\/wp\/v2\/types\/post"}],"author":[{"embeddable":true,"href":"https:\/\/www.culturalusa.com\/news\/wp-json\/wp\/v2\/users\/1"}],"replies":[{"embeddable":true,"href":"https:\/\/www.culturalusa.com\/news\/wp-json\/wp\/v2\/comments?post=11404"}],"version-history":[{"count":1,"href":"https:\/\/www.culturalusa.com\/news\/wp-json\/wp\/v2\/posts\/11404\/revisions"}],"predecessor-version":[{"id":11406,"href":"https:\/\/www.culturalusa.com\/news\/wp-json\/wp\/v2\/posts\/11404\/revisions\/11406"}],"wp:featuredmedia":[{"embeddable":true,"href":"https:\/\/www.culturalusa.com\/news\/wp-json\/wp\/v2\/media\/11405"}],"wp:attachment":[{"href":"https:\/\/www.culturalusa.com\/news\/wp-json\/wp\/v2\/media?parent=11404"}],"wp:term":[{"taxonomy":"category","embeddable":true,"href":"https:\/\/www.culturalusa.com\/news\/wp-json\/wp\/v2\/categories?post=11404"},{"taxonomy":"post_tag","embeddable":true,"href":"https:\/\/www.culturalusa.com\/news\/wp-json\/wp\/v2\/tags?post=11404"}],"curies":[{"name":"wp","href":"https:\/\/api.w.org\/{rel}","templated":true}]}}