{"id":11407,"date":"2022-12-12T17:59:58","date_gmt":"2022-12-12T16:59:58","guid":{"rendered":"https:\/\/www.culturalusa.com\/news\/?p=11407"},"modified":"2022-12-12T17:59:58","modified_gmt":"2022-12-12T16:59:58","slug":"brigitte-macron-a-recu-olena-zelenska-a-lelysee","status":"publish","type":"post","link":"https:\/\/www.culturalusa.com\/news\/actualite\/brigitte-macron-a-recu-olena-zelenska-a-lelysee\/","title":{"rendered":"Brigitte Macron a re\u00e7u Olena Zelenska \u00e0 l&rsquo;Elys\u00e9e"},"content":{"rendered":"<h2>Brigitte Macron a re\u00e7u lundi \u00e0 l&rsquo;Elys\u00e9e la Premi\u00e8re dame ukrainienne Olena Zelenska, \u00e9changeant sur l&rsquo;aide \u00e0 la reconstruction d&rsquo;h\u00f4pitaux dans le pays en guerre et l&rsquo;accueil d&rsquo;enfants en France.<\/h2>\n<p>Olena Zelenska s&rsquo;est entretenue avec l&rsquo;\u00e9pouse du pr\u00e9sident fran\u00e7ais Emmanuel Macron \u00e0 la veille d&rsquo;une double conf\u00e9rence \u00e0 Paris sur l&rsquo;aide d&rsquo;urgence \u00e0 apporter \u00e0 l&rsquo;Ukraine au coeur de l&rsquo;hiver et l&rsquo;engagement des entreprises fran\u00e7aises dans la reconstruction du pays.<\/p>\n<p>\u00ab\u00a0Elles ont fait un point sur l&rsquo;op\u00e9ration Cigogne qui a permis l&rsquo;accueil d&rsquo;enfants ukrainiens souffrant d&rsquo;un cancer en France et sur les 20.000 enfants scolaris\u00e9s en France\u00a0\u00bb depuis le d\u00e9but de l&rsquo;intervention russe, le\u00a024\u00a0f\u00e9vrier, a-t-on pr\u00e9cis\u00e9 dans l&rsquo;entourage de Mme Macron.<\/p>\n<p>Elles se rendront mardi dans une \u00e9cole du 3e arrondissement de Paris qui accueille des enfants de familles ayant fui la guerre, selon cette source.<\/p>\n<blockquote><p>\u00ab\u00a0Elles ont aussi \u00e9chang\u00e9 sur la fondation que Mme Zelenska a lanc\u00e9e\u00a0\u00bb pour recueillir de l&rsquo;aide humanitaire et permettre la reconstruction d&rsquo;h\u00f4pitaux dans l&rsquo;est de l&rsquo;Ukraine, a-t-on pr\u00e9cis\u00e9.<\/p><\/blockquote>\n<p>\u00ab\u00a0Les deux Premi\u00e8res Dames se connaissent bien\u00a0\u00bb, a soulign\u00e9 un conseiller de Brigitte Macron, rappelant que le pr\u00e9sident Volodymyr Zelensky, avait effectu\u00e9 en France, en juin 2019, un de ses tout premiers voyages \u00e0 l&rsquo;\u00e9tranger apr\u00e8s son \u00e9lection et que les deux femmes se sont r\u00e9guli\u00e8rement revues depuis.<\/p>\n<p>Elles se sont appel\u00e9es au d\u00e9but de la pand\u00e9mie de Covid-19, ont \u00e9chang\u00e9 par \u00e9crit ou en visioconf\u00e9rence depuis le\u00a024\u00a0f\u00e9vrier et se sont revues \u00e0 New York en septembre, en marge de l&rsquo;Assembl\u00e9e g\u00e9n\u00e9rale des Nations unies. (AFP)<\/p>\n","protected":false},"excerpt":{"rendered":"<p>Brigitte Macron a re\u00e7u lundi \u00e0 l&rsquo;Elys\u00e9e la Premi\u00e8re dame ukrainienne Olena Zelenska, \u00e9changeant sur l&rsquo;aide \u00e0 la reconstruction d&rsquo;h\u00f4pitaux dans le pays en guerre et l&rsquo;accueil d&rsquo;enfants en France. Olena Zelenska s&rsquo;est entretenue avec l&rsquo;\u00e9pouse du pr\u00e9sident fran\u00e7ais Emmanuel Macron \u00e0 la veille d&rsquo;une double conf\u00e9rence \u00e0 Paris sur l&rsquo;aide d&rsquo;urgence \u00e0 apporter \u00e0 [&hellip;]<\/p>\n","protected":false},"author":1,"featured_media":11408,"comment_status":"open","ping_status":"closed","sticky":false,"template":"","format":"standard","meta":{"footnotes":""},"categories":[30],"tags":[2552,2553,2554,333],"class_list":["post-11407","post","type-post","status-publish","format-standard","has-post-thumbnail","hentry","category-actualite","tag-brigitte-macron","tag-olena-zelenska","tag-reconstruction-dhopitaux","tag-ukraine"],"aioseo_notices":[],"_links":{"self":[{"href":"https:\/\/www.culturalusa.com\/news\/wp-json\/wp\/v2\/posts\/11407","targetHints":{"allow":["GET"]}}],"collection":[{"href":"https:\/\/www.culturalusa.com\/news\/wp-json\/wp\/v2\/posts"}],"about":[{"href":"https:\/\/www.culturalusa.com\/news\/wp-json\/wp\/v2\/types\/post"}],"author":[{"embeddable":true,"href":"https:\/\/www.culturalusa.com\/news\/wp-json\/wp\/v2\/users\/1"}],"replies":[{"embeddable":true,"href":"https:\/\/www.culturalusa.com\/news\/wp-json\/wp\/v2\/comments?post=11407"}],"version-history":[{"count":1,"href":"https:\/\/www.culturalusa.com\/news\/wp-json\/wp\/v2\/posts\/11407\/revisions"}],"predecessor-version":[{"id":11409,"href":"https:\/\/www.culturalusa.com\/news\/wp-json\/wp\/v2\/posts\/11407\/revisions\/11409"}],"wp:featuredmedia":[{"embeddable":true,"href":"https:\/\/www.culturalusa.com\/news\/wp-json\/wp\/v2\/media\/11408"}],"wp:attachment":[{"href":"https:\/\/www.culturalusa.com\/news\/wp-json\/wp\/v2\/media?parent=11407"}],"wp:term":[{"taxonomy":"category","embeddable":true,"href":"https:\/\/www.culturalusa.com\/news\/wp-json\/wp\/v2\/categories?post=11407"},{"taxonomy":"post_tag","embeddable":true,"href":"https:\/\/www.culturalusa.com\/news\/wp-json\/wp\/v2\/tags?post=11407"}],"curies":[{"name":"wp","href":"https:\/\/api.w.org\/{rel}","templated":true}]}}