{"id":11414,"date":"2022-12-14T16:47:07","date_gmt":"2022-12-14T15:47:07","guid":{"rendered":"https:\/\/www.culturalusa.com\/news\/?p=11414"},"modified":"2022-12-14T16:47:07","modified_gmt":"2022-12-14T15:47:07","slug":"la-vaccination-anti-covid-est-une-reussite-qui-sessouffle-constate-la-cour-des-comptes","status":"publish","type":"post","link":"https:\/\/www.culturalusa.com\/news\/economie\/la-vaccination-anti-covid-est-une-reussite-qui-sessouffle-constate-la-cour-des-comptes\/","title":{"rendered":"La vaccination anti-Covid est une r\u00e9ussite qui s&rsquo;essouffle, constate la Cour des Comptes"},"content":{"rendered":"<h2>La campagne de vaccination anti-Covid s&rsquo;est r\u00e9v\u00e9l\u00e9e un succ\u00e8s \u00ab\u00a0majeur\u00a0\u00bb en France, a estim\u00e9 la Cour des Comptes, pr\u00e9venant toutefois que cette r\u00e9ussite a moins profit\u00e9 aux plus \u00e2g\u00e9s, et commence \u00e0 nettement s&rsquo;essouffler.<\/h2>\n<p>\u00ab\u00a0Les pouvoirs publics ont su adapter en continu la strat\u00e9gie vaccinale\u00a0\u00bb dans un \u00ab\u00a0contexte de contraintes exceptionnelles\u00a0\u00bb, a estim\u00e9 Pierre Moscovici, Premier pr\u00e9sident de la Cour des comptes, lors de la pr\u00e9sentation d&rsquo;un rapport sur la campagne de vaccination anti-Covid en France.<\/p>\n<p>\u00ab\u00a0C&rsquo;est un succ\u00e8s majeur\u00a0\u00bb, a r\u00e9sum\u00e9 le premier magistrat de l&rsquo;institution, charg\u00e9e d&rsquo;\u00e9valuer la r\u00e9ussite ou l&rsquo;\u00e9chec des politiques publiques d&rsquo;un point de vue financier.<\/p>\n<blockquote><p>La France a commenc\u00e9 \u00e0 vacciner contre le Covid 19 au d\u00e9but de l&rsquo;ann\u00e9e 2021, principalement \u00e0 partir des vaccins Pfizer\/BioNTech et Moderna, une \u00e9volution qui a marqu\u00e9 un tournant majeur dans la pand\u00e9mie en prot\u00e9geant largement la population contre les effets du coronavirus.<\/p><\/blockquote>\n<p>Si la France a \u00e9t\u00e9 initialement en retard par rapport \u00e0 nombre d&rsquo;autres pays europ\u00e9ens, comme l&rsquo;Allemagne, elle a rattrap\u00e9 la marche au cours de l&rsquo;ann\u00e9e 2021 pour finalement s&rsquo;inscrire parmi les pays les mieux vaccin\u00e9s.<\/p>\n<p>C&rsquo;est un \u00ab\u00a0satisfecit\u00a0\u00bb, a tranch\u00e9 M. Moscovici, soulignant notamment que la mise en oeuvre du pass sanitaire, \u00e0 l&rsquo;\u00e9t\u00e9 2021, avait acc\u00e9l\u00e9r\u00e9 la vaccination.<\/p>\n<h3>La Cour estime \u00e0 <span style=\"color: #800000;\">4,6 milliards d&rsquo;euros le co\u00fbt de la campagne de vaccination<\/span> sur l&rsquo;ensemble de 2021, un chiffre \u00e9lev\u00e9 mais relativis\u00e9 par le fait que la vaccination a permis d&rsquo;\u00e9viter de prolonger d&rsquo;autres mesures co\u00fbteuses: confinement, soutien massif aux entreprises&#8230;<\/h3>\n<p>Malgr\u00e9 cette r\u00e9ussite d&rsquo;ensemble, la Cour constate toutefois que la campagne de vaccination a connu des \u00ab\u00a0disparit\u00e9s\u00a0\u00bb g\u00e9ographiques &#8211; l&rsquo;Outremer \u00e9tant bien moins vaccin\u00e9 -, sociales et surtout d&rsquo;\u00e2ge.<\/p>\n<p>Les plus \u00e2g\u00e9s, sur qui se concentrent les risques mortels du Covid, ont en effet \u00e9t\u00e9 moins vaccin\u00e9s, une tendance qui augmente avec l&rsquo;\u00e2ge.<\/p>\n<p>Surtout, cet \u00e9tat de fait n&rsquo;a fait qu&#8217;empirer depuis. La derni\u00e8re campagne de rappel en date, lanc\u00e9e cet automne, est pour l&rsquo;heure un \u00e9chec, malgr\u00e9 une petite acc\u00e9l\u00e9ration ces derniers jours.<\/p>\n<p>Face \u00e0 ce constat, la Cour formule plusieurs recommandations pour une action publique plus efficace.<\/p>\n<p>Pour elle, il faut par exemple mieux identifier en amont les cat\u00e9gories de soignants les plus \u00e0 m\u00eame d&rsquo;\u00eatre mobilis\u00e9s pour vacciner certaines personnes, comme les infirmiers lib\u00e9raux, qui sont habitu\u00e9s \u00e0 se rendre au domicile des personnes \u00e2g\u00e9es. (AFP)<\/p>\n","protected":false},"excerpt":{"rendered":"<p>La campagne de vaccination anti-Covid s&rsquo;est r\u00e9v\u00e9l\u00e9e un succ\u00e8s \u00ab\u00a0majeur\u00a0\u00bb en France, a estim\u00e9 la Cour des Comptes, pr\u00e9venant toutefois que cette r\u00e9ussite a moins profit\u00e9 aux plus \u00e2g\u00e9s, et commence \u00e0 nettement s&rsquo;essouffler. \u00ab\u00a0Les pouvoirs publics ont su adapter en continu la strat\u00e9gie vaccinale\u00a0\u00bb dans un \u00ab\u00a0contexte de contraintes exceptionnelles\u00a0\u00bb, a estim\u00e9 Pierre Moscovici, [&hellip;]<\/p>\n","protected":false},"author":1,"featured_media":7390,"comment_status":"open","ping_status":"closed","sticky":false,"template":"","format":"standard","meta":{"footnotes":""},"categories":[1],"tags":[1543,2556],"class_list":["post-11414","post","type-post","status-publish","format-standard","has-post-thumbnail","hentry","category-economie","tag-campagne-de-vaccination","tag-vaccination-anti-covid"],"aioseo_notices":[],"_links":{"self":[{"href":"https:\/\/www.culturalusa.com\/news\/wp-json\/wp\/v2\/posts\/11414","targetHints":{"allow":["GET"]}}],"collection":[{"href":"https:\/\/www.culturalusa.com\/news\/wp-json\/wp\/v2\/posts"}],"about":[{"href":"https:\/\/www.culturalusa.com\/news\/wp-json\/wp\/v2\/types\/post"}],"author":[{"embeddable":true,"href":"https:\/\/www.culturalusa.com\/news\/wp-json\/wp\/v2\/users\/1"}],"replies":[{"embeddable":true,"href":"https:\/\/www.culturalusa.com\/news\/wp-json\/wp\/v2\/comments?post=11414"}],"version-history":[{"count":1,"href":"https:\/\/www.culturalusa.com\/news\/wp-json\/wp\/v2\/posts\/11414\/revisions"}],"predecessor-version":[{"id":11415,"href":"https:\/\/www.culturalusa.com\/news\/wp-json\/wp\/v2\/posts\/11414\/revisions\/11415"}],"wp:featuredmedia":[{"embeddable":true,"href":"https:\/\/www.culturalusa.com\/news\/wp-json\/wp\/v2\/media\/7390"}],"wp:attachment":[{"href":"https:\/\/www.culturalusa.com\/news\/wp-json\/wp\/v2\/media?parent=11414"}],"wp:term":[{"taxonomy":"category","embeddable":true,"href":"https:\/\/www.culturalusa.com\/news\/wp-json\/wp\/v2\/categories?post=11414"},{"taxonomy":"post_tag","embeddable":true,"href":"https:\/\/www.culturalusa.com\/news\/wp-json\/wp\/v2\/tags?post=11414"}],"curies":[{"name":"wp","href":"https:\/\/api.w.org\/{rel}","templated":true}]}}