{"id":11416,"date":"2022-12-14T17:12:13","date_gmt":"2022-12-14T16:12:13","guid":{"rendered":"https:\/\/www.culturalusa.com\/news\/?p=11416"},"modified":"2022-12-14T17:12:13","modified_gmt":"2022-12-14T16:12:13","slug":"culture-plusieurs-festivals-sont-maintenus-a-lete-2024","status":"publish","type":"post","link":"https:\/\/www.culturalusa.com\/news\/culture\/culture-plusieurs-festivals-sont-maintenus-a-lete-2024\/","title":{"rendered":"Culture : plusieurs festivals sont maintenus \u00e0 l&rsquo;\u00e9t\u00e9 2024"},"content":{"rendered":"<h2>Les festivals des Vieilles Charrues\u00a0 et d&rsquo;Avignon,\u00a0 ou l&rsquo;Interceltique de Lorient auront bien lieu \u00e0 l&rsquo;\u00e9t\u00e9 2024, moyennant un ajustement de leurs dates pour ne pas tomber en m\u00eame temps que les Jeux olympiques, a annonc\u00e9 le minist\u00e8re de la Culture.<\/h2>\n<p>Fin octobre, le ministre de l&rsquo;Int\u00e9rieur G\u00e9rald Darmanin avait suscit\u00e9 l&rsquo;incompr\u00e9hension de la fili\u00e8re du spectacle vivant en \u00e9voquant la n\u00e9cessit\u00e9 que soient \u00ab\u00a0annul\u00e9s ou report\u00e9s\u00a0\u00bb des rendez-vous culturels ou sportifs \u00e0 l&rsquo;\u00e9t\u00e9 2024, en raison de la mobilisation massive des forces de l&rsquo;ordre pour les JO (26\u00a0juillet au 11\u00a0ao\u00fbt).<\/p>\n<p>Sont particuli\u00e8rement concern\u00e9s les plus gros \u00e9v\u00e9nements qui n\u00e9cessitent habituellement des renforts de CRS ou de gendarmes mobiles. Mais apr\u00e8s une op\u00e9ration d\u00e9minage lanc\u00e9e par la ministre de la Culture Rima Abdul Malak et des concertations avec les organisateurs, \u00ab\u00a0des solutions sont d&rsquo;ores et d\u00e9j\u00e0 trouv\u00e9es pour la plupart de ces \u00e9v\u00e9nements afin d&rsquo;assurer leur tenue pendant l&rsquo;\u00e9t\u00e9 2024\u00a0\u00bb, a pr\u00e9cis\u00e9 le minist\u00e8re dans un communiqu\u00e9.<\/p>\n<h2>Rock en Seine et Lollapalooza \u00e0 l&rsquo;\u00e9tude<\/h2>\n<p>\u00ab\u00a0Les Vieilles Charrues passent au week-end d&rsquo;avant par exemple, l&rsquo;Interceltique de Lorient pourrait se d\u00e9caler apr\u00e8s le 11\u00a0ao\u00fbt. Le Festival d&rsquo;Avignon va aussi commencer plus t\u00f4t\u00a0\u00bb, a pr\u00e9cis\u00e9 la ministre dans un entretien au Parisien publi\u00e9 en ligne mardi soir, en ajoutant que les Francofolies de La Rochelle, le Hellfest et les Eurock\u00e9ennes de Belfort \u00ab\u00a0se tiendront\u00a0\u00bb aussi.<\/p>\n<p>En revanche, le Lollapalooza, organis\u00e9 sur l&rsquo;hippodrome de Longchamp \u00e0 Paris, reste \u00ab\u00a0un cas compliqu\u00e9 parce qu&rsquo;il est en \u00cele-de-France et se tient pendant les \u00e9preuves olympiques\u00a0\u00bb, a-t-elle reconnu. \u00ab\u00a0On continue \u00e0 chercher une solution avec eux\u00a0\u00bb, a poursuivi la ministre en \u00e9voquant parmi les pistes un possible changement \u00ab\u00a0de site, de dates\u00a0\u00bb ou un accord avec un autre festival<\/p>\n<p>Le festival Rock en Seine, qui doit se tenir pendant les Jeux paralympiques, est \u00e9galement \u00ab\u00a0encore un cas \u00e0 l&rsquo;\u00e9tude parce qu&rsquo;en \u00cele-de-France\u00a0\u00bb. Les ministres concern\u00e9s ont fix\u00e9 un cadre aux pr\u00e9fets qui doivent autoriser ou non les festivals \u00e0 l&rsquo;\u00e9t\u00e9 2024.<\/p>\n<h3>\u00abTous les \u00e9v\u00e9nements ont vocation \u00e0 \u00eatre maintenus\u00a0\u00bb jusqu&rsquo;au 17\u00a0juillet<\/h3>\n<p>Principale restriction\u00a0: les plus gros \u00e9v\u00e9nements, n\u00e9cessitant des gendarmes mobiles ou des CRS, ne pourront pas avoir lieu du 18\u00a0juillet au 11\u00a0ao\u00fbt, depuis l&rsquo;ouverture du village olympique jusqu&rsquo;\u00e0 la fin des jeux, mais les autres, \u00ab\u00a0habituellement s\u00e9curis\u00e9s par des forces locales ou d\u00e9partementales, ont vocation \u00e0 se maintenir\u00a0\u00bb, selon le communiqu\u00e9 du minist\u00e8re.<\/p>\n<p>Les festivals concern\u00e9s peuvent \u00eatre d\u00e9cal\u00e9s avant le 17\u00a0juillet, o\u00f9 \u00ab\u00a0tous les \u00e9v\u00e9nements ont vocation \u00e0 \u00eatre maintenus\u00a0\u00bb, ou dans la quinzaine suivante, du\u00a012\u00a0au 23\u00a0ao\u00fbt, lorsque \u00ab\u00a0quelques rares grands \u00e9v\u00e9nements\u00a0\u00bb pourront se tenir, avant une autre p\u00e9riode de restriction pendant les paralympiques, du 24\u00a0ao\u00fbt au 8\u00a0septembre.<\/p>\n<p>Des r\u00e8gles encore trop \u00ab\u00a0discr\u00e9tionnaires et al\u00e9atoires\u00a0\u00bb, a r\u00e9agi aupr\u00e8s de l&rsquo;Agence France-Presse\u00a0Aur\u00e9lie Hannedouche du SMA (Syndicat des musiques actuelles), qui redoute une poursuite du \u00ab\u00a0cas par cas, comme pendant le Covid, au lieu de r\u00e8gles claires, lisibles, justes et efficaces\u00a0\u00bb.<\/p>\n","protected":false},"excerpt":{"rendered":"<p>Les festivals des Vieilles Charrues\u00a0 et d&rsquo;Avignon,\u00a0 ou l&rsquo;Interceltique de Lorient auront bien lieu \u00e0 l&rsquo;\u00e9t\u00e9 2024, moyennant un ajustement de leurs dates pour ne pas tomber en m\u00eame temps que les Jeux olympiques, a annonc\u00e9 le minist\u00e8re de la Culture. Fin octobre, le ministre de l&rsquo;Int\u00e9rieur G\u00e9rald Darmanin avait suscit\u00e9 l&rsquo;incompr\u00e9hension de la fili\u00e8re [&hellip;]<\/p>\n","protected":false},"author":1,"featured_media":9157,"comment_status":"open","ping_status":"closed","sticky":false,"template":"","format":"standard","meta":{"footnotes":""},"categories":[4],"tags":[1442,1651,2557,1652],"class_list":["post-11416","post","type-post","status-publish","format-standard","has-post-thumbnail","hentry","category-culture","tag-culture","tag-festivals","tag-festivals-2024","tag-musique"],"aioseo_notices":[],"_links":{"self":[{"href":"https:\/\/www.culturalusa.com\/news\/wp-json\/wp\/v2\/posts\/11416","targetHints":{"allow":["GET"]}}],"collection":[{"href":"https:\/\/www.culturalusa.com\/news\/wp-json\/wp\/v2\/posts"}],"about":[{"href":"https:\/\/www.culturalusa.com\/news\/wp-json\/wp\/v2\/types\/post"}],"author":[{"embeddable":true,"href":"https:\/\/www.culturalusa.com\/news\/wp-json\/wp\/v2\/users\/1"}],"replies":[{"embeddable":true,"href":"https:\/\/www.culturalusa.com\/news\/wp-json\/wp\/v2\/comments?post=11416"}],"version-history":[{"count":1,"href":"https:\/\/www.culturalusa.com\/news\/wp-json\/wp\/v2\/posts\/11416\/revisions"}],"predecessor-version":[{"id":11417,"href":"https:\/\/www.culturalusa.com\/news\/wp-json\/wp\/v2\/posts\/11416\/revisions\/11417"}],"wp:featuredmedia":[{"embeddable":true,"href":"https:\/\/www.culturalusa.com\/news\/wp-json\/wp\/v2\/media\/9157"}],"wp:attachment":[{"href":"https:\/\/www.culturalusa.com\/news\/wp-json\/wp\/v2\/media?parent=11416"}],"wp:term":[{"taxonomy":"category","embeddable":true,"href":"https:\/\/www.culturalusa.com\/news\/wp-json\/wp\/v2\/categories?post=11416"},{"taxonomy":"post_tag","embeddable":true,"href":"https:\/\/www.culturalusa.com\/news\/wp-json\/wp\/v2\/tags?post=11416"}],"curies":[{"name":"wp","href":"https:\/\/api.w.org\/{rel}","templated":true}]}}