{"id":11418,"date":"2022-12-16T18:47:56","date_gmt":"2022-12-16T17:47:56","guid":{"rendered":"https:\/\/www.culturalusa.com\/news\/?p=11418"},"modified":"2022-12-16T18:47:56","modified_gmt":"2022-12-16T17:47:56","slug":"elon-musk-suspend-des-journalistes-sur-twitter-et-provoque-un-tolle","status":"publish","type":"post","link":"https:\/\/www.culturalusa.com\/news\/actualite\/elon-musk-suspend-des-journalistes-sur-twitter-et-provoque-un-tolle\/","title":{"rendered":"Elon Musk suspend des journalistes sur Twitter et provoque un toll\u00e9"},"content":{"rendered":"<h2>D\u00e9fenseur autoproclam\u00e9 de la libert\u00e9 d&rsquo;expression, le milliardaire controvers\u00e9 Elon Musk, nouveau propri\u00e9taire de Twitter, a provoqu\u00e9 un toll\u00e9 et se voit menac\u00e9 de sanctions par l&rsquo;Union europ\u00e9enne pour avoir suspendu les comptes de plusieurs journalistes am\u00e9ricains.<\/h2>\n<p>Qualifiant cette d\u00e9cision d'\u00a0\u00bbinqui\u00e9tante\u00a0\u00bb, la vice-pr\u00e9sidente de la Commission europ\u00e9enne Vera Jourova a rappel\u00e9 qu&rsquo;il y a \u00ab\u00a0des lignes rouges\u00a0\u00bb \u00e0 ne pas franchir, mena\u00e7ant Elon Musk dans un tweet \u00ab\u00a0de sanctions, bient\u00f4t\u00a0\u00bb.<\/p>\n<blockquote><p>\u00ab\u00a0La libert\u00e9 de la presse ne doit pas \u00eatre activ\u00e9e et d\u00e9sactiv\u00e9e \u00e0 convenance\u00a0\u00bb, a d\u00e9nonc\u00e9 vendredi le minist\u00e8re allemand des Affaires \u00e9trang\u00e8res dans un tweet, ajoutant que \u00ab\u00a0pour cette raison, nous avons un probl\u00e8me avec Twitter\u00a0\u00bb.<\/p><\/blockquote>\n<p>De son c\u00f4t\u00e9, Reporters sans fronti\u00e8res (RSF) a appel\u00e9 au r\u00e9tablissement des comptes des journalistes concern\u00e9s, estimant que \u00ab\u00a0l&rsquo;arbitraire des grandes plateformes\u00a0\u00bb repr\u00e9sentait un \u00ab\u00a0danger majeur pour la d\u00e9mocratie\u00a0\u00bb, et appelant \u00e0 \u00ab\u00a0en reprendre le contr\u00f4le avant (&#8230;) qu&rsquo;il ne soit trop tard\u00a0\u00bb.<\/p>\n<p>Une douzaine de journalistes am\u00e9ricains ont \u00e9t\u00e9 suspendus du r\u00e9seau social. Parmi eux, des employ\u00e9s de m\u00e9dias comme CNN (Donie O&rsquo;Sullivan), le New York Times (Ryan Mac), le Washington Post (Drew Harwell) et des journalistes ind\u00e9pendants.<\/p>\n<p>Certains avaient tweet\u00e9 \u00e0 propos de la d\u00e9cision prise mercredi par Twitter de suspendre le compte qui rapportait automatiquement les trajets du jet priv\u00e9 d&rsquo;Elon Musk.<\/p>\n<p>Ce dernier les a accus\u00e9s de mettre en danger sa s\u00e9curit\u00e9 ainsi que celle de sa famille. Il avait affirm\u00e9 mercredi dans un tweet qu&rsquo;un v\u00e9hicule avec un de ses enfants \u00e0 bord avait \u00e9t\u00e9 suivi \u00e0 Los Angeles par \u00ab\u00a0un harceleur fou\u00a0\u00bb, semblant cr\u00e9er un lien de causalit\u00e9 avec le positionnement en temps r\u00e9el de son jet.<\/p>\n<h3>\u00a0\u00ab\u00a0Suspension temporaire\u00a0\u00bb<\/h3>\n<p>Twitter n&rsquo;a pas pr\u00e9cis\u00e9 pourquoi ces comptes avaient \u00e9t\u00e9 suspendus. Le propri\u00e9taire du r\u00e9seau social, source de nombreuses pol\u00e9miques depuis qu&rsquo;il l&rsquo;a rachet\u00e9 en octobre, a toutefois donn\u00e9 quelques indications.<\/p>\n<p>\u00ab\u00a0Tout le monde sera trait\u00e9 de la m\u00eame fa\u00e7on\u00a0\u00bb, a-t-il affirm\u00e9 dans une conversation audio organis\u00e9e en direct vendredi sur Twitter, indiquant qu&rsquo;il n&rsquo;y aurait pas de passe-droit pour les journalistes. Relanc\u00e9 sur le sujet, M. Musk a quitt\u00e9 la discussion. Il a ensuite d\u00e9sactiv\u00e9 le service de conversation audio Twitter Spaces, arguant d&rsquo;un \u00ab\u00a0probl\u00e8me technique\u00a0\u00bb.<\/p>\n<p>Dans un tweet publi\u00e9 dans la nuit de jeudi \u00e0 vendredi, M. Musk avait annonc\u00e9 une suspension temporaire de 7 jours pour \u00ab\u00a0les comptes impliqu\u00e9s dans du doxing\u00a0\u00bb.<\/p>\n<p>Le terme \u00ab\u00a0doxing\u00a0\u00bb signifie divulguer publiquement sur internet des informations personnelles relatives \u00e0 un individu, sans son accord.<\/p>\n<p>\u00ab\u00a0Ils ont post\u00e9 ma position g\u00e9ographique exacte en temps r\u00e9el, c&rsquo;est-\u00e0-dire litt\u00e9ralement les coordonn\u00e9es permettant un assassinat, en violation directe (et \u00e9vidente) des conditions d&rsquo;utilisation de Twitter\u00a0\u00bb, a \u00e9galement assur\u00e9 Musk.<\/p>\n<p>Le compte Twitter de Mastodon, concurrent du r\u00e9seau social, a \u00e9galement \u00e9t\u00e9 suspendu.<\/p>\n<p>\u00ab\u00a0La suspension impulsive et injustifi\u00e9e d&rsquo;un certain nombre de reporters comme celui (du journaliste) de CNN Donie O&rsquo;Sullivan est inqui\u00e9tante mais pas surprenante\u00a0\u00bb, a r\u00e9agi CNN dans un communiqu\u00e9.<\/p>\n<p>\u00ab\u00a0L&rsquo;instabilit\u00e9 et la volatilit\u00e9 croissante de Twitter est particuli\u00e8rement pr\u00e9occupante pour quiconque utilise la plateforme. Nous avons demand\u00e9 une explication \u00e0 Twitter, et nous r\u00e9\u00e9valuerons notre relation en fonction de cette r\u00e9ponse\u00a0\u00bb, a ajout\u00e9 CNN.<\/p>\n<p>\u00ab\u00a0Nous esp\u00e9rons que les comptes de tous ces journalistes vont \u00eatre r\u00e9tablis et que Twitter fournira une explication satisfaisante\u00a0\u00bb, a pour sa part d\u00e9clar\u00e9 un porte-parole du New York Times, Charlie Stadtlander.<\/p>\n<h3>\u00ab\u00a0Harceleur\u00a0\u00bb<\/h3>\n<p>Apr\u00e8s l&rsquo;incident du v\u00e9hicule suivi impliquant son fils, M. Musk a annonc\u00e9 dans ce tweet qu&rsquo;il allait poursuivre en justice la personne derri\u00e8re le compte @ElonJet, d\u00e9sormais suspendu.<\/p>\n<p>Cr\u00e9\u00e9 par un \u00e9tudiant et suivi par environ 500.000 personnes, @ElonJet utilisait les donn\u00e9es publiques pour indiquer, de fa\u00e7on automatique, quand et o\u00f9 l&rsquo;appareil du patron de SpaceX et Tesla d\u00e9collait et atterrissait.<\/p>\n<p>Twitter avait communiqu\u00e9 par la suite pour annoncer que son r\u00e8glement interdisait d\u00e9sormais la plupart des tweets qui indiquaient la position de quelqu&rsquo;un en temps r\u00e9el.<\/p>\n<p>A son arriv\u00e9e \u00e0 la t\u00eate de Twitter, Elon Musk avait promis de ne pas toucher au compte @ElonJet.<\/p>\n<p>Depuis son rachat de la plateforme pour 44 milliards de dollars, le milliardaire a envoy\u00e9 des messages contradictoires sur ce qui y est autoris\u00e9 ou non.<\/p>\n<p>Fervent d\u00e9fenseur d&rsquo;une grande libert\u00e9 d&rsquo;expression &#8211; tant que les propos respectent la loi &#8211; il a r\u00e9tabli des comptes auparavant bannis par le r\u00e9seau social, dont celui de Donald Trump.<\/p>\n<p>Mais il a aussi suspendu celui de Kanye West apr\u00e8s la publication de plusieurs messages jug\u00e9s antis\u00e9mites et refus\u00e9 le retour sur la plateforme du complotiste d&rsquo;extr\u00eame-droite, Alex Jones. (AFP)<\/p>\n","protected":false},"excerpt":{"rendered":"<p>D\u00e9fenseur autoproclam\u00e9 de la libert\u00e9 d&rsquo;expression, le milliardaire controvers\u00e9 Elon Musk, nouveau propri\u00e9taire de Twitter, a provoqu\u00e9 un toll\u00e9 et se voit menac\u00e9 de sanctions par l&rsquo;Union europ\u00e9enne pour avoir suspendu les comptes de plusieurs journalistes am\u00e9ricains. Qualifiant cette d\u00e9cision d&rsquo;\u00a0\u00bbinqui\u00e9tante\u00a0\u00bb, la vice-pr\u00e9sidente de la Commission europ\u00e9enne Vera Jourova a rappel\u00e9 qu&rsquo;il y a \u00ab\u00a0des [&hellip;]<\/p>\n","protected":false},"author":1,"featured_media":11344,"comment_status":"open","ping_status":"closed","sticky":false,"template":"","format":"standard","meta":{"footnotes":""},"categories":[30],"tags":[2516,2558,116],"class_list":["post-11418","post","type-post","status-publish","format-standard","has-post-thumbnail","hentry","category-actualite","tag-elon-musk","tag-journalistes","tag-twitter"],"aioseo_notices":[],"_links":{"self":[{"href":"https:\/\/www.culturalusa.com\/news\/wp-json\/wp\/v2\/posts\/11418","targetHints":{"allow":["GET"]}}],"collection":[{"href":"https:\/\/www.culturalusa.com\/news\/wp-json\/wp\/v2\/posts"}],"about":[{"href":"https:\/\/www.culturalusa.com\/news\/wp-json\/wp\/v2\/types\/post"}],"author":[{"embeddable":true,"href":"https:\/\/www.culturalusa.com\/news\/wp-json\/wp\/v2\/users\/1"}],"replies":[{"embeddable":true,"href":"https:\/\/www.culturalusa.com\/news\/wp-json\/wp\/v2\/comments?post=11418"}],"version-history":[{"count":1,"href":"https:\/\/www.culturalusa.com\/news\/wp-json\/wp\/v2\/posts\/11418\/revisions"}],"predecessor-version":[{"id":11419,"href":"https:\/\/www.culturalusa.com\/news\/wp-json\/wp\/v2\/posts\/11418\/revisions\/11419"}],"wp:featuredmedia":[{"embeddable":true,"href":"https:\/\/www.culturalusa.com\/news\/wp-json\/wp\/v2\/media\/11344"}],"wp:attachment":[{"href":"https:\/\/www.culturalusa.com\/news\/wp-json\/wp\/v2\/media?parent=11418"}],"wp:term":[{"taxonomy":"category","embeddable":true,"href":"https:\/\/www.culturalusa.com\/news\/wp-json\/wp\/v2\/categories?post=11418"},{"taxonomy":"post_tag","embeddable":true,"href":"https:\/\/www.culturalusa.com\/news\/wp-json\/wp\/v2\/tags?post=11418"}],"curies":[{"name":"wp","href":"https:\/\/api.w.org\/{rel}","templated":true}]}}