{"id":11425,"date":"2022-12-19T19:51:37","date_gmt":"2022-12-19T18:51:37","guid":{"rendered":"https:\/\/www.culturalusa.com\/news\/?p=11425"},"modified":"2022-12-19T19:51:37","modified_gmt":"2022-12-19T18:51:37","slug":"certains-bebes-pourront-etre-vaccines-contre-le-covid","status":"publish","type":"post","link":"https:\/\/www.culturalusa.com\/news\/bien-etre-sante\/certains-bebes-pourront-etre-vaccines-contre-le-covid\/","title":{"rendered":"Certains b\u00e9b\u00e9s pourront \u00eatre vaccin\u00e9s contre le Covid"},"content":{"rendered":"<h2>Pour la premi\u00e8re fois en France, des b\u00e9b\u00e9s pourront \u00eatre vaccin\u00e9s contre le Covid. Les autorit\u00e9s sanitaires recommandent d\u00e9sormais le vaccin Pfizer\/BioNTech \u00e0 certains enfants de plus de six mois mais, contrairement aux Etats-Unis, pas \u00e0 l&rsquo;ensemble d&rsquo;entre eux.<\/h2>\n<p>La Haute autorit\u00e9 de sant\u00e9 (HAS) \u00ab\u00a0recommande d&rsquo;\u00e9largir d\u00e8s aujourd&rsquo;hui la vaccination contre la Covid-19 aux enfants \u00e2g\u00e9s de\u00a06\u00a0mois \u00e0\u00a04\u00a0ans r\u00e9volus \u00e0 risque de forme grave de la maladie et de d\u00e9c\u00e8s\u00a0\u00bb, a-t-elle annonc\u00e9 lundi.<\/p>\n<p>C&rsquo;est la premi\u00e8re fois qu&rsquo;un vaccin anti-Covid &#8211;seul celui de Pfizer\/BioNTech est concern\u00e9&#8211;\u00a0est approuv\u00e9 en France pour les b\u00e9b\u00e9s. Les avis de la HAS sont th\u00e9oriquement consultatifs, mais le minist\u00e8re de la Sant\u00e9 les suit presque syst\u00e9matiquement.<\/p>\n<p>La recommandation des autorit\u00e9s sanitaires fran\u00e7aises est toutefois beaucoup plus resserr\u00e9e que l&rsquo;avis donn\u00e9 par leurs homologues europ\u00e9ennes voici quelques semaines.<\/p>\n<p>Celles-ci avaient recommand\u00e9 le vaccin de Pfizer\/BioNTech pour l&rsquo;ensemble des b\u00e9b\u00e9s de six mois \u00e0 quatre ans, jugeant que les b\u00e9n\u00e9fices l&#8217;emportaient sur les risques. Elles avaient \u00e9galement recommand\u00e9 un autre vaccin, celui de Moderna, pour l&rsquo;ensemble des b\u00e9b\u00e9s de six mois \u00e0 cinq ans.<\/p>\n<p>Ces avis allaient dans le sens des d\u00e9cisions prises aux Etats-Unis o\u00f9, depuis plusieurs mois, tous les b\u00e9b\u00e9s de plus de six mois peuvent \u00eatre vaccin\u00e9s contre le Covid.<\/p>\n<h3>Peu d&rsquo;enfants vaccin\u00e9s<\/h3>\n<p>Les autorit\u00e9s fran\u00e7aises, elles, n&rsquo;ont, pour l&rsquo;heure, autoris\u00e9 que le vaccin Pfizer\/BioNTech. Surtout, comme l&rsquo;ont d\u00e9j\u00e0 d\u00e9cid\u00e9 d&rsquo;autres pays europ\u00e9ens comme l&rsquo;Allemagne et les Pays-Bas, elles limitent son usage \u00e0 certaines cat\u00e9gories de b\u00e9b\u00e9s: essentiellement, ceux qui courent des risques de complications graves.<\/p>\n<p>Cela comprend \u00ab\u00a0les enfants qui ont une de ces comorbidit\u00e9s: les cardiopathies cong\u00e9nitales, les maladies h\u00e9patiques chroniques, les maladies cardiaques et respiratoires chroniques (y compris l&rsquo;asthme s\u00e9v\u00e8re n\u00e9cessitant un traitement continu), les maladies neurologiques, l&rsquo;immunod\u00e9ficience primitive ou induite par m\u00e9dicaments, l&rsquo;ob\u00e9sit\u00e9, le diab\u00e8te, les h\u00e9mopathies malignes, la dr\u00e9panocytose et la trisomie 21\u00a0\u00bb, \u00e9num\u00e8re la HAS.<\/p>\n<p>A cela s&rsquo;ajoutent les cas de \u00ab\u00a0cancer r\u00e9cent, maladie r\u00e9nale chronique ou handicap neurologique\u00a0\u00bb.<\/p>\n<h3>La vaccination est aussi recommand\u00e9e aux b\u00e9b\u00e9s dont l&rsquo;entourage est \u00e0 risque de forme grave du Covid.<\/h3>\n<p>Cet avis s&rsquo;inscrit dans un contexte o\u00f9 tr\u00e8s peu d&rsquo;enfants fran\u00e7ais sont vaccin\u00e9s contre le Covid, alors que la vaccination est ouverte aux moins de douze ans depuis la fin 2021.<\/p>\n<p>Actuellement, \u00e0 peine 5\u00a0% des enfants de cinq \u00e0 onze ans sont vaccin\u00e9s en France. \u00ab\u00a0L&rsquo;\u00e9chec de la vaccination des enfants contribue \u00e0 expliquer les moins bons r\u00e9sultats globaux de la vaccination en France par rapport \u00e0 l&rsquo;Italie, \u00e0 l&rsquo;Espagne et au Portugal\u00a0\u00bb, a not\u00e9 la Cour des comptes dans un r\u00e9cent rapport sur la vaccination anti-Covid en France.<\/p>\n<p>Le Covid repr\u00e9sente d&rsquo;abord un risque important pour les plus \u00e2g\u00e9s. Mais les cas graves et les d\u00e9c\u00e8s existent \u00e9galement chez les enfants, en particulier quand ils sont \u00e0 risque de formes graves.<\/p>\n<p>Le Covid repr\u00e9sente d&rsquo;abord un risque important pour les plus \u00e2g\u00e9s. Mais les cas graves et les d\u00e9c\u00e8s existent \u00e9galement chez les enfants, en particulier quand ils sont \u00e0 risque de formes graves.<\/p>\n<p>Pour justifier l&rsquo;ouverture de la vaccination \u00e0 certains b\u00e9b\u00e9s, la HAS a justement point\u00e9 que c&rsquo;\u00e9tait d&rsquo;abord surtout sur les plus petits que se concentraient les formes graves de Covid chez les enfants.<\/p>\n<p>Selon les derni\u00e8res donn\u00e9es disponibles en France, \u00ab\u00a0les moins d&rsquo;un an repr\u00e9sentaient 70\u00a0% des hospitalisations des 0-17 ans et 84\u00a0% des admissions en soins critiques\u00a0\u00bb, souligne l&rsquo;autorit\u00e9 de sant\u00e9.<\/p>\n<p>Elle juge convaincantes les donn\u00e9es d&rsquo;efficacit\u00e9 disponibles sur le vaccin Pfizer\/BioNTech chez les moins de quatre ans, tout en soulignant que le risque d&rsquo;effet secondaire grave n&rsquo;appara\u00eet pas av\u00e9r\u00e9.<\/p>\n<p>\u00ab\u00a0Aucun d\u00e9c\u00e8s, aucun cas de myocardite ou de p\u00e9ricardite n&rsquo;a \u00e9t\u00e9 rapport\u00e9 dans les diff\u00e9rentes \u00e9tudes men\u00e9es\u00a0\u00bb, note la HAS.<\/p>\n<p>Si les parents concern\u00e9s d\u00e9cident de vacciner leur b\u00e9b\u00e9, ce sera, en tout \u00e9tat de cause, avec une version diff\u00e9rente du vaccin que celles utilis\u00e9s pour les adultes ou les enfants plus \u00e2g\u00e9s.<\/p>\n<p>Il s&rsquo;agit d&rsquo;un vaccin moins dos\u00e9 et qui se donne en trois injections, au lieu de deux. Le premier intervalle doit durer trois semaines, le second au moins huit.<\/p>\n","protected":false},"excerpt":{"rendered":"<p>Pour la premi\u00e8re fois en France, des b\u00e9b\u00e9s pourront \u00eatre vaccin\u00e9s contre le Covid. Les autorit\u00e9s sanitaires recommandent d\u00e9sormais le vaccin Pfizer\/BioNTech \u00e0 certains enfants de plus de six mois mais, contrairement aux Etats-Unis, pas \u00e0 l&rsquo;ensemble d&rsquo;entre eux. La Haute autorit\u00e9 de sant\u00e9 (HAS) \u00ab\u00a0recommande d&rsquo;\u00e9largir d\u00e8s aujourd&rsquo;hui la vaccination contre la Covid-19 aux [&hellip;]<\/p>\n","protected":false},"author":1,"featured_media":8467,"comment_status":"open","ping_status":"closed","sticky":false,"template":"","format":"standard","meta":{"footnotes":""},"categories":[2209],"tags":[2561,2560,2562,1928],"class_list":["post-11425","post","type-post","status-publish","format-standard","has-post-thumbnail","hentry","category-bien-etre-sante","tag-bebes","tag-bebes-pourront-etre-vaccines","tag-bebes-vaccines","tag-covid"],"aioseo_notices":[],"_links":{"self":[{"href":"https:\/\/www.culturalusa.com\/news\/wp-json\/wp\/v2\/posts\/11425","targetHints":{"allow":["GET"]}}],"collection":[{"href":"https:\/\/www.culturalusa.com\/news\/wp-json\/wp\/v2\/posts"}],"about":[{"href":"https:\/\/www.culturalusa.com\/news\/wp-json\/wp\/v2\/types\/post"}],"author":[{"embeddable":true,"href":"https:\/\/www.culturalusa.com\/news\/wp-json\/wp\/v2\/users\/1"}],"replies":[{"embeddable":true,"href":"https:\/\/www.culturalusa.com\/news\/wp-json\/wp\/v2\/comments?post=11425"}],"version-history":[{"count":1,"href":"https:\/\/www.culturalusa.com\/news\/wp-json\/wp\/v2\/posts\/11425\/revisions"}],"predecessor-version":[{"id":11426,"href":"https:\/\/www.culturalusa.com\/news\/wp-json\/wp\/v2\/posts\/11425\/revisions\/11426"}],"wp:featuredmedia":[{"embeddable":true,"href":"https:\/\/www.culturalusa.com\/news\/wp-json\/wp\/v2\/media\/8467"}],"wp:attachment":[{"href":"https:\/\/www.culturalusa.com\/news\/wp-json\/wp\/v2\/media?parent=11425"}],"wp:term":[{"taxonomy":"category","embeddable":true,"href":"https:\/\/www.culturalusa.com\/news\/wp-json\/wp\/v2\/categories?post=11425"},{"taxonomy":"post_tag","embeddable":true,"href":"https:\/\/www.culturalusa.com\/news\/wp-json\/wp\/v2\/tags?post=11425"}],"curies":[{"name":"wp","href":"https:\/\/api.w.org\/{rel}","templated":true}]}}