{"id":11443,"date":"2022-12-30T18:06:47","date_gmt":"2022-12-30T17:06:47","guid":{"rendered":"https:\/\/www.culturalusa.com\/news\/?p=11443"},"modified":"2022-12-30T18:06:47","modified_gmt":"2022-12-30T17:06:47","slug":"legende-du-football-le-bresil-en-deuil-de-son-roi-pele","status":"publish","type":"post","link":"https:\/\/www.culturalusa.com\/news\/sport\/legende-du-football-le-bresil-en-deuil-de-son-roi-pele\/","title":{"rendered":"L\u00e9gende du football : le Br\u00e9sil en deuil de son Roi Pel\u00e9"},"content":{"rendered":"<h2>Le Br\u00e9sil \u00e9tait en deuil vendredi de son Roi Pel\u00e9, l\u00e9gende du football, dont la mort la veille \u00e0 Sao Paulo \u00e0 l&rsquo;\u00e2ge de 82 ans a provoqu\u00e9 un afflux d&rsquo;hommages du monde entier avant ses obs\u00e8ques mardi dans la ville de Santos.<\/h2>\n<p>Malgr\u00e9 le choc de sa disparition pour beaucoup de Br\u00e9siliens, le centre de Sao Paulo \u00e9tait calme vendredi matin, de nombreux Paulistes ayant quitt\u00e9 la plus grande m\u00e9tropole du pays pour les f\u00eates du r\u00e9veillon.<\/p>\n<p>A 80 km de l\u00e0, les alentours du stade du Santos FC, club o\u00f9 l&rsquo;\u00e9ternel num\u00e9ro 10 a brill\u00e9 de 1956 \u00e0 1974, \u00e9taient eux aussi encore peu fr\u00e9quent\u00e9s avant les hommages pr\u00e9vus lundi et mardi, ont constat\u00e9 des journaliste de l&rsquo;AFP.<\/p>\n<p>Pr\u00e8s du stade Vila Belmiro, o\u00f9 sera expos\u00e9 le cercueil de Pel\u00e9 lundi pour une veill\u00e9e fun\u00e8bre de 24 heures, Caroline Fornari, une femme au foyer, rend hommage \u00e0 celui qui a fait \u00ab\u00a0la fiert\u00e9\u00a0\u00bb des Br\u00e9siliens.<\/p>\n<p>\u00ab\u00a0Depuis que je suis toute petite, j&rsquo;ai entendu mon p\u00e8re, qui avait son \u00e2ge parler de lui\u00a0\u00bb, dit-elle \u00e0 l&rsquo;AFP, \u00ab\u00a0c&rsquo;est tr\u00e8s triste\u00a0\u00bb.<\/p>\n<p>Pel\u00e9, seul joueur de l&rsquo;histoire \u00e0 avoir remport\u00e9 trois \u00e9ditions de la Coupe du monde (1958, 1962, 1970), luttait depuis plus d&rsquo;un an contre un cancer du c\u00f4lon. Il avait \u00e9t\u00e9 hospitalis\u00e9 fin novembre en plein Mondial au Qatar, qu&rsquo;il avait tout de m\u00eame pu en partie suivre.<\/p>\n<p>\u00ab\u00a0Nous t&rsquo;aimons \u00e0 l&rsquo;infini, repose en paix\u00a0\u00bb: c&rsquo;est par ces mots, publi\u00e9s sur Instagram, que l&rsquo;une de ses filles, Kely Nascimento, a annonc\u00e9 le d\u00e9c\u00e8s du Br\u00e9silien, entour\u00e9 de plusieurs membres de sa famille \u00e0 l&rsquo;h\u00f4pital Albert Einstein.<\/p>\n<p>Quelques heures plus tard, un d\u00e9cret de la pr\u00e9sidence annon\u00e7ait un deuil national de trois jours, \u00ab\u00a0une marque de respect\u00a0\u00bb apr\u00e8s le d\u00e9c\u00e8s d&rsquo;Edson Arantes do Nascimento, dit Pel\u00e9.<\/p>\n<p>L&rsquo;enterrement de Pel\u00e9 se d\u00e9roulera mardi dans l&rsquo;intimit\u00e9 familiale, apr\u00e8s un cort\u00e8ge suivant le cercueil dans les rues de Santos, qui a d\u00e9cr\u00e9t\u00e9 un deuil de sept jours.<\/p>\n<p>A Rio de Janeiro, le Christ R\u00e9dempteur du Corcovado, monument embl\u00e9matique qui domine la baie, a \u00e9t\u00e9 illumin\u00e9 jeudi soir, tout comme le mythique stade Maracana, apr\u00e8s l&rsquo;annonce de la disparition de la l\u00e9gende du ballon rond.<\/p>\n<h3>\u00a0\u00ab\u00a0Roi Pel\u00e9 immortel\u00a0\u00bb<\/h3>\n<p>\u00ab\u00a0Deuil\u00a0\u00bb pour le \u00ab\u00a0roi immortel du football\u00a0\u00bb, a titr\u00e9 le quotidien br\u00e9silien O Globo sur son site, avec des images du joueur sous le maillot national, notamment celle, iconique, o\u00f9 tout sourire, il l\u00e8ve le bras droit, port\u00e9 par son co\u00e9quipier Jairzinho vu de dos avec son num\u00e9ro 7.<\/p>\n<p>Le monde du foot a unanimement salu\u00e9 Pel\u00e9 sur les r\u00e9seaux sociaux. \u00ab\u00a0Il a fait du football un art\u00a0\u00bb, a \u00e9crit Neymar, son lointain successeur sous le N.10 de l&rsquo;\u00e9quipe br\u00e9silienne et qui a \u00e9gal\u00e9 au Qatar son record national de 77 buts pour la \u00ab\u00a0Sele\u00e7ao\u00a0\u00bb.<\/p>\n<p>Hommages \u00e9galement des superstars actuelles Lionel Messi et Kylian Mbapp\u00e9: \u00ab\u00a0Repose en paix, Pel\u00e9\u00a0\u00bb, a souhait\u00e9 l&rsquo;Argentin, tandis que le Fran\u00e7ais relevait que \u00ab\u00a0l&rsquo;h\u00e9ritage\u00a0\u00bb de celui qui a notamment r\u00e9volutionn\u00e9 le foot avec son embl\u00e9matique \u00ab\u00a0jogo bonito\u00a0\u00bb (beau jeu) ne serait \u00ab\u00a0jamais oubli\u00e9\u00a0\u00bb.<\/p>\n<p>Le monde politique a fait chorus, ou \u00e9quipe, jusqu&rsquo;au sommet de l&rsquo;Etat. Au Br\u00e9sil, bien s\u00fbr: \u00ab\u00a0Jamais il n&rsquo;y a eu un num\u00e9ro 10 comme lui\u00a0\u00bb, a r\u00e9agi le pr\u00e9sident \u00e9lu Luiz Inacio Lula da Silva, qui sera investi dimanche.<\/p>\n<p>Ailleurs, l&rsquo;Am\u00e9ricain Joe Biden a salu\u00e9 \u00ab\u00a0l&rsquo;ascension de Pel\u00e9 des d\u00e9buts modestes \u00e0 la l\u00e9gende du football\u00a0\u00bb, le Fran\u00e7ais Emmanuel Macron a tweet\u00e9 : \u00ab\u00a0Le Jeu. Le Roi. L&rsquo;Eternit\u00e9\u00a0\u00bb.<\/p>\n<p>Pel\u00e9, \u00e9lu athl\u00e8te du si\u00e8cle par le Comit\u00e9 international olympique en 1999, a \u00e9t\u00e9 un sportif hors du commun. Il y a son record de buts -1.281 en 1.363 matches sous les maillots de Santos, de la Sele\u00e7ao et du Cosmos de New York (1975-77), record homologu\u00e9 par la F\u00e9d\u00e9ration internationale (Fifa).<\/p>\n<h3>\u00a0Vendeur de cacahu\u00e8tes<\/h3>\n<p>N\u00e9 le 23 octobre 1940 dans une famille pauvre \u00e0 Tres Cora\u00e7oes, petite ville du Minas Gerais (sud-est) entour\u00e9e de plantations de caf\u00e9, le petit Edson doit vendre des cacahu\u00e8tes dans la rue pour aider ses parents.<\/p>\n<p>Mais \u00e0 17 ans, il \u00e9blouit la Coupe du monde 1958 en Su\u00e8de de ses buts et de sa classe. En larmes, il est port\u00e9 en triomphe par ses co\u00e9quipiers. Il est \u00e0 nouveau titr\u00e9 en 1962, m\u00eame si son tournoi est abr\u00e9g\u00e9 par une blessure -une autre \u00e9courte aussi sa participation \u00e0 l&rsquo;\u00e9dition 1966. Le Mondial-1970, le premier retransmis en couleur \u00e0 la t\u00e9l\u00e9vision, marque son apoth\u00e9ose.<\/p>\n<p>Sa notori\u00e9t\u00e9 le poussera aussi vers d&rsquo;autres terrains -le cin\u00e9ma, la chanson et m\u00eame la politique- parall\u00e8lement \u00e0 un trajectoire personnelle mouvement\u00e9e -trois mariages, sept enfants (reconnus) et une vie de telenovela.<\/p>\n","protected":false},"excerpt":{"rendered":"<p>Le Br\u00e9sil \u00e9tait en deuil vendredi de son Roi Pel\u00e9, l\u00e9gende du football, dont la mort la veille \u00e0 Sao Paulo \u00e0 l&rsquo;\u00e2ge de 82 ans a provoqu\u00e9 un afflux d&rsquo;hommages du monde entier avant ses obs\u00e8ques mardi dans la ville de Santos. Malgr\u00e9 le choc de sa disparition pour beaucoup de Br\u00e9siliens, le centre [&hellip;]<\/p>\n","protected":false},"author":1,"featured_media":11444,"comment_status":"open","ping_status":"closed","sticky":false,"template":"","format":"standard","meta":{"footnotes":""},"categories":[5],"tags":[443,271,2571,1529],"class_list":["post-11443","post","type-post","status-publish","format-standard","has-post-thumbnail","hentry","category-sport","tag-bresil","tag-football","tag-legende-du-football","tag-roi-pele"],"aioseo_notices":[],"_links":{"self":[{"href":"https:\/\/www.culturalusa.com\/news\/wp-json\/wp\/v2\/posts\/11443","targetHints":{"allow":["GET"]}}],"collection":[{"href":"https:\/\/www.culturalusa.com\/news\/wp-json\/wp\/v2\/posts"}],"about":[{"href":"https:\/\/www.culturalusa.com\/news\/wp-json\/wp\/v2\/types\/post"}],"author":[{"embeddable":true,"href":"https:\/\/www.culturalusa.com\/news\/wp-json\/wp\/v2\/users\/1"}],"replies":[{"embeddable":true,"href":"https:\/\/www.culturalusa.com\/news\/wp-json\/wp\/v2\/comments?post=11443"}],"version-history":[{"count":1,"href":"https:\/\/www.culturalusa.com\/news\/wp-json\/wp\/v2\/posts\/11443\/revisions"}],"predecessor-version":[{"id":11445,"href":"https:\/\/www.culturalusa.com\/news\/wp-json\/wp\/v2\/posts\/11443\/revisions\/11445"}],"wp:featuredmedia":[{"embeddable":true,"href":"https:\/\/www.culturalusa.com\/news\/wp-json\/wp\/v2\/media\/11444"}],"wp:attachment":[{"href":"https:\/\/www.culturalusa.com\/news\/wp-json\/wp\/v2\/media?parent=11443"}],"wp:term":[{"taxonomy":"category","embeddable":true,"href":"https:\/\/www.culturalusa.com\/news\/wp-json\/wp\/v2\/categories?post=11443"},{"taxonomy":"post_tag","embeddable":true,"href":"https:\/\/www.culturalusa.com\/news\/wp-json\/wp\/v2\/tags?post=11443"}],"curies":[{"name":"wp","href":"https:\/\/api.w.org\/{rel}","templated":true}]}}