{"id":11480,"date":"2023-01-04T18:54:22","date_gmt":"2023-01-04T17:54:22","guid":{"rendered":"https:\/\/www.culturalusa.com\/news\/?p=11480"},"modified":"2023-01-04T18:54:22","modified_gmt":"2023-01-04T17:54:22","slug":"la-cnil-inflige-8-millions-deuros-damende-a-apple-pour-publicite-ciblee","status":"publish","type":"post","link":"https:\/\/www.culturalusa.com\/news\/actualite\/la-cnil-inflige-8-millions-deuros-damende-a-apple-pour-publicite-ciblee\/","title":{"rendered":"La Cnil inflige 8 millions d&rsquo;euros d&rsquo;amende \u00e0 Apple pour \u00ab\u00a0Publicit\u00e9 cibl\u00e9e\u00a0\u00bb"},"content":{"rendered":"<h2>La Cnil a inflig\u00e9 une amende de 8 millions d&rsquo;euros \u00e0 Apple pour avoir impos\u00e9 des traceurs publicitaires \u00e0 ses utilisateurs en France, sans consentement explicite de ceux-ci, a-t-elle indiqu\u00e9.<\/h2>\n<p>L&rsquo;enqu\u00eate avait \u00e9t\u00e9 lanc\u00e9e par le gardien fran\u00e7ais de la vie priv\u00e9e sur internet apr\u00e8s une plainte de l&rsquo;association France Digitale, qui f\u00e9d\u00e8re les start up fran\u00e7aises et notamment des d\u00e9veloppeurs de logiciels distribu\u00e9s via le magasin d&rsquo;applications du groupe am\u00e9ricain.<\/p>\n<p>Le caract\u00e8re relativement limit\u00e9 de l&rsquo;amende s&rsquo;explique par le fait qu&rsquo;Apple s&rsquo;est mis en conformit\u00e9 rapidement pendant l&rsquo;enqu\u00eate de la Cnil, qui a eu lieu \u00e0 la mi-2021.<\/p>\n<p>De plus, ces identifiants publicitaires ne permettaient \u00e0 Apple de cibler les internautes que lorsqu&rsquo;ils naviguaient sur le magasin d&rsquo;applications mobiles (App Store), donc dans un champ bien born\u00e9.<\/p>\n<p>Enfin, l&rsquo;autorit\u00e9 n&rsquo;a pu sanctionner que les manquements en France.<\/p>\n<p>Dans les faits, l&rsquo;ancienne version 14.6 du syst\u00e8me d&rsquo;exploitation d&rsquo;Apple d\u00e9posait \u00ab\u00a0par d\u00e9faut\u00a0\u00bb des identifiants sur les appareils mobiles de la marque (iPhone, iPad&#8230;).<\/p>\n<p>Ces identifiants permettaient \u00e0 Apple de personnaliser les annonces publicitaires diffus\u00e9es sur son magasin d&rsquo;applications.<\/p>\n<p>Si l&rsquo;utilisateur ne voulait pas de ce tra\u00e7age publicitaire, il lui fallait d\u00e9cocher une case dans les r\u00e9glages de l&rsquo;appareil.<\/p>\n<p>A l&rsquo;\u00e9poque de la plainte, le directeur g\u00e9n\u00e9ral de France Digitale, Nicolas Brien, avait fustig\u00e9 le \u00ab\u00a0deux poids, deux mesures\u00a0\u00bb d&rsquo;Apple.<\/p>\n<p>La marque \u00e0 la pomme s&rsquo;autorisait en effet une case pr\u00e9-coch\u00e9e pour ses traceurs, alors qu&rsquo;elle imposait depuis peu aux applications tierces de demander un consentement explicite \u00e0 l&rsquo;internaute pour leurs propres mouchards.<\/p>\n<h3>\u00ab\u00a0Cela fait des ann\u00e9es\u00a0\u00bb que la position de la Cour europ\u00e9enne de justice et des tribunaux est \u00ab\u00a0tr\u00e8s claire\u00a0\u00bb, a expliqu\u00e9 \u00e0 l&rsquo;AFP le secr\u00e9taire g\u00e9n\u00e9ral de la Cnil, Louis Dutheillet de Lamothe. Un consentement valable \u00ab\u00a0ne peut pas \u00eatre une case pr\u00e9-coch\u00e9e\u00a0\u00bb, a-t-il soulign\u00e9.<\/h3>\n<p>Si Apple est condamn\u00e9, la soci\u00e9t\u00e9 peut toutefois trouver une consolation dans les d\u00e9tails de la d\u00e9cision de la Cnil.<\/p>\n<p>Celle-ci reconna\u00eet en effet comme circonstance att\u00e9nuante le fonctionnement \u00ab\u00a0par cohortes\u00a0\u00bb, et non individuel, de ce ciblage publicitaire. Avec ces identifiants, Apple ne cherche pas \u00e0 cibler des individus, mais des cat\u00e9gories d&rsquo;individus, un fonctionnement moins agressif pour la vie priv\u00e9e.<\/p>\n<p>La sanction ne concerne que la France, car elle rel\u00e8ve de la directive europ\u00e9enne e-Privacy, qui ne permet que des sanctions nationales.<\/p>\n<p>Le R\u00e9glement europ\u00e9en sur la protection des donn\u00e9es (RGPD), qui pr\u00e9voit des sanctions \u00e0 l&rsquo;\u00e9chelle europ\u00e9enne, ne s&rsquo;applique pas dans ce cas pr\u00e9cis.<\/p>\n","protected":false},"excerpt":{"rendered":"<p>La Cnil a inflig\u00e9 une amende de 8 millions d&rsquo;euros \u00e0 Apple pour avoir impos\u00e9 des traceurs publicitaires \u00e0 ses utilisateurs en France, sans consentement explicite de ceux-ci, a-t-elle indiqu\u00e9. L&rsquo;enqu\u00eate avait \u00e9t\u00e9 lanc\u00e9e par le gardien fran\u00e7ais de la vie priv\u00e9e sur internet apr\u00e8s une plainte de l&rsquo;association France Digitale, qui f\u00e9d\u00e8re les start [&hellip;]<\/p>\n","protected":false},"author":1,"featured_media":11481,"comment_status":"open","ping_status":"closed","sticky":false,"template":"","format":"standard","meta":{"footnotes":""},"categories":[30],"tags":[2582,496,1665,2581,2583],"class_list":["post-11480","post","type-post","status-publish","format-standard","has-post-thumbnail","hentry","category-actualite","tag-amende-a-apple","tag-apple","tag-cnil","tag-publicite-ciblee","tag-traceurs-publicitaires"],"aioseo_notices":[],"_links":{"self":[{"href":"https:\/\/www.culturalusa.com\/news\/wp-json\/wp\/v2\/posts\/11480","targetHints":{"allow":["GET"]}}],"collection":[{"href":"https:\/\/www.culturalusa.com\/news\/wp-json\/wp\/v2\/posts"}],"about":[{"href":"https:\/\/www.culturalusa.com\/news\/wp-json\/wp\/v2\/types\/post"}],"author":[{"embeddable":true,"href":"https:\/\/www.culturalusa.com\/news\/wp-json\/wp\/v2\/users\/1"}],"replies":[{"embeddable":true,"href":"https:\/\/www.culturalusa.com\/news\/wp-json\/wp\/v2\/comments?post=11480"}],"version-history":[{"count":1,"href":"https:\/\/www.culturalusa.com\/news\/wp-json\/wp\/v2\/posts\/11480\/revisions"}],"predecessor-version":[{"id":11482,"href":"https:\/\/www.culturalusa.com\/news\/wp-json\/wp\/v2\/posts\/11480\/revisions\/11482"}],"wp:featuredmedia":[{"embeddable":true,"href":"https:\/\/www.culturalusa.com\/news\/wp-json\/wp\/v2\/media\/11481"}],"wp:attachment":[{"href":"https:\/\/www.culturalusa.com\/news\/wp-json\/wp\/v2\/media?parent=11480"}],"wp:term":[{"taxonomy":"category","embeddable":true,"href":"https:\/\/www.culturalusa.com\/news\/wp-json\/wp\/v2\/categories?post=11480"},{"taxonomy":"post_tag","embeddable":true,"href":"https:\/\/www.culturalusa.com\/news\/wp-json\/wp\/v2\/tags?post=11480"}],"curies":[{"name":"wp","href":"https:\/\/api.w.org\/{rel}","templated":true}]}}