{"id":11483,"date":"2023-01-05T17:38:18","date_gmt":"2023-01-05T16:38:18","guid":{"rendered":"https:\/\/www.culturalusa.com\/news\/?p=11483"},"modified":"2023-01-05T17:38:18","modified_gmt":"2023-01-05T16:38:18","slug":"lonu-denonce-les-attaques-systematiques-contre-les-droits-des-femmes","status":"publish","type":"post","link":"https:\/\/www.culturalusa.com\/news\/monde\/lonu-denonce-les-attaques-systematiques-contre-les-droits-des-femmes\/","title":{"rendered":"L&rsquo;ONU d\u00e9nonce les attaques syst\u00e9matiques contre les droits des femmes"},"content":{"rendered":"<h2>De l&rsquo;Afghanistan \u00e0 l&rsquo;Iran, en passant par les propos misogynes et sexistes sur internet, le Haut-Commissaire de l&rsquo;ONU aux droits de l&rsquo;Homme s&rsquo;est dit horrifi\u00e9 par les efforts \u00ab\u00a0syst\u00e9matiques\u00a0\u00bb visant \u00e0 bafouer les droits des femmes.<\/h2>\n<p>Lors d&rsquo;un entretien accord\u00e9 cette semaine \u00e0 l&rsquo;AFP \u00e0 Gen\u00e8ve, Volker T\u00fcrk a indiqu\u00e9 vouloir se rendre \u00e0 Kaboul et T\u00e9h\u00e9ran pour discuter avec les autorit\u00e9s.<\/p>\n<blockquote><p>\u00ab\u00a0L&rsquo;Afghanistan c&rsquo;est le pire des pires\u00a0\u00bb, a-t-il affirm\u00e9. \u00ab\u00a0R\u00e9primer les femmes de cette mani\u00e8re est sans \u00e9quivalent\u00a0\u00bb.<\/p><\/blockquote>\n<p>L&rsquo;Autrichien de 57 ans, arriv\u00e9 en poste \u00e0 la mi-octobre, s&rsquo;est dit constern\u00e9 par le fait que pr\u00e8s de 75 ans apr\u00e8s la D\u00e9claration universelle des droits de l&rsquo;Homme, le monde assiste \u00e0 des efforts croissants, y compris \u00ab\u00a0de mani\u00e8re insidieuse\u00a0\u00bb, pour priver les femmes et les filles de leurs droits.<\/p>\n<p>\u00ab\u00a0Je suis tr\u00e8s pr\u00e9occup\u00e9 par ces retours en arri\u00e8re et la diffusion d&rsquo;id\u00e9es r\u00e9trogrades\u00a0\u00bb, a d\u00e9clar\u00e9 \u00e0 l&rsquo;AFP Volker T\u00fcrk.<\/p>\n<p>Si la misogynie et les efforts visant \u00e0 stopper la marche vers l&rsquo;\u00e9galit\u00e9 des genres ne sont pas nouveaux, il estime qu&rsquo;il existe d\u00e9sormais \u00ab\u00a0une mani\u00e8re plus syst\u00e9matique, plus organis\u00e9e de contrer les droits des femmes\u00a0\u00bb.<\/p>\n<h3>\u00a0\u00ab\u00a0Pens\u00e9e perverse\u00a0\u00bb<\/h3>\n<p>L&rsquo;exemple le plus frappant, selon M. T\u00fcrk, est celui de l&rsquo;Afghanistan, o\u00f9 les talibans ont priv\u00e9 les femmes d&rsquo;universit\u00e9 et d&rsquo;enseignement secondaire, et ont interdit aux ONG de les employer.<\/p>\n<p>Ces attaques contre les femmes sont \u00ab\u00a0un rappel de ce \u00e0 quoi la pens\u00e9e perverse peut conduire\u00a0\u00bb, et \u00ab\u00a0nous devons nous assurer que ce qui se passe dans ce pays ne devienne pas la norme \u00e0 l&rsquo;avenir\u00a0\u00bb, a-t-il assur\u00e9.<\/p>\n<p>Comme l&rsquo;avait fait l&rsquo;an dernier sa pr\u00e9d\u00e9cesseure, l&rsquo;ancienne pr\u00e9sidente chilienne Michelle Bachelet, le Haut-Commissaire entend aller en Afghanistan pour discuter \u00ab\u00a0avec les autorit\u00e9s de facto afin qu&rsquo;elles comprennent que le d\u00e9veloppement de leur pays doit inclure les femmes\u00a0\u00bb.<\/p>\n<p>L&rsquo;Autrichien a \u00e9galement demand\u00e9 \u00e0 se rendre en Iran, secou\u00e9 par des manifestations d\u00e9clench\u00e9es par la mort le 16 septembre d&rsquo;une jeune femme apr\u00e8s son arrestation pour infraction au code vestimentaire strict de la R\u00e9publique islamique, mais T\u00e9h\u00e9ran n&rsquo;a pas encore r\u00e9pondu.<\/p>\n<p>Le Haut-Commissaire souhaite demander \u00e0 l&rsquo;Iran \u00ab\u00a0l&rsquo;abrogation de certaines des pratiques discriminatoires \u00e0 l&rsquo;\u00e9gard des femmes et des jeunes filles\u00a0\u00bb. Il souhaite \u00e9galement discuter de la r\u00e9pression des manifestations, qui, selon l&rsquo;ONG Iran Human Rights (IHR), bas\u00e9e \u00e0 Oslo, a fait au moins 476 morts, tandis que plusieurs milliers de personnes ont \u00e9t\u00e9 arr\u00eat\u00e9es.<\/p>\n<p>M. T\u00fcrk s&rsquo;est alarm\u00e9 en particulier des condamnations \u00e0 mort de manifestants. Deux hommes ont d\u00e9j\u00e0 \u00e9t\u00e9 pendus.<\/p>\n<h3>\u00a0R\u00e9seaux sociaux<\/h3>\n<blockquote><p>Au-del\u00e0 des mesures prises par les Etats, M. T\u00fcrk pointe du doigt les r\u00e9seaux sociaux, \u00ab\u00a0o\u00f9 les commentaires misogynes et sexistes semblent \u00eatre autoris\u00e9s (&#8230;), et prosp\u00e9rer\u00a0\u00bb.<\/p><\/blockquote>\n<p>Il a soulign\u00e9 la n\u00e9cessit\u00e9 de mettre en place des \u00ab\u00a0garde-fous\u00a0\u00bb pour que ces r\u00e9seaux sociaux \u00ab\u00a0soient responsables et ne jettent pas de l&rsquo;huile sur le feu\u00a0\u00bb notamment \u00ab\u00a0sur les questions de genre\u00a0\u00bb.<\/p>\n<p>Les algorithmes utilis\u00e9s par les plateformes peuvent \u00ab\u00a0tr\u00e8s rapidement faire en sorte que les discours de haine soient amplifi\u00e9s d&rsquo;une mani\u00e8re tr\u00e8s dangereuse\u00a0\u00bb, a-t-il d\u00e9clar\u00e9.<\/p>\n<p>Peu de temps apr\u00e8s son arriv\u00e9e \u00e0 la t\u00eate du Haut-Commissariat, l&rsquo;Autrichien avait \u00e9crit une lettre ouverte au nouveau propri\u00e9taire de Twitter Elon Musk, le pressant de s&rsquo;assurer que les droits de l&rsquo;Homme soient respect\u00e9s sur le r\u00e9seau social.<\/p>\n<p>Il avait initialement pr\u00e9vu de contacter l&rsquo;\u00e9quipe qui travaillait sur les questions des droits humains chez Twitter, mais, a-t-il expliqu\u00e9 \u00e0 l&rsquo;AFP, \u00ab\u00a0nous n&rsquo;avons pu joindre aucun d&rsquo;entre eux parce qu&rsquo;ils venaient tous d&rsquo;\u00eatre licenci\u00e9s\u00a0\u00bb.<\/p>\n<p>Bien qu&rsquo;alarm\u00e9 par les attaques actuelles contre les droits des femmes, M. T\u00fcrk voit cela \u00ab\u00a0comme une derni\u00e8re tentative du patriarcat pour montrer sa force\u00a0\u00bb: \u00ab\u00a0C&rsquo;est le vieux monde qui se meurt\u00a0\u00bb.<\/p>\n","protected":false},"excerpt":{"rendered":"<p>De l&rsquo;Afghanistan \u00e0 l&rsquo;Iran, en passant par les propos misogynes et sexistes sur internet, le Haut-Commissaire de l&rsquo;ONU aux droits de l&rsquo;Homme s&rsquo;est dit horrifi\u00e9 par les efforts \u00ab\u00a0syst\u00e9matiques\u00a0\u00bb visant \u00e0 bafouer les droits des femmes. Lors d&rsquo;un entretien accord\u00e9 cette semaine \u00e0 l&rsquo;AFP \u00e0 Gen\u00e8ve, Volker T\u00fcrk a indiqu\u00e9 vouloir se rendre \u00e0 Kaboul [&hellip;]<\/p>\n","protected":false},"author":1,"featured_media":11484,"comment_status":"open","ping_status":"closed","sticky":false,"template":"","format":"standard","meta":{"footnotes":""},"categories":[1372],"tags":[1690,553,695],"class_list":["post-11483","post","type-post","status-publish","format-standard","has-post-thumbnail","hentry","category-monde","tag-droits-des-femmes","tag-onu","tag-reseaux-sociaux"],"aioseo_notices":[],"_links":{"self":[{"href":"https:\/\/www.culturalusa.com\/news\/wp-json\/wp\/v2\/posts\/11483","targetHints":{"allow":["GET"]}}],"collection":[{"href":"https:\/\/www.culturalusa.com\/news\/wp-json\/wp\/v2\/posts"}],"about":[{"href":"https:\/\/www.culturalusa.com\/news\/wp-json\/wp\/v2\/types\/post"}],"author":[{"embeddable":true,"href":"https:\/\/www.culturalusa.com\/news\/wp-json\/wp\/v2\/users\/1"}],"replies":[{"embeddable":true,"href":"https:\/\/www.culturalusa.com\/news\/wp-json\/wp\/v2\/comments?post=11483"}],"version-history":[{"count":1,"href":"https:\/\/www.culturalusa.com\/news\/wp-json\/wp\/v2\/posts\/11483\/revisions"}],"predecessor-version":[{"id":11485,"href":"https:\/\/www.culturalusa.com\/news\/wp-json\/wp\/v2\/posts\/11483\/revisions\/11485"}],"wp:featuredmedia":[{"embeddable":true,"href":"https:\/\/www.culturalusa.com\/news\/wp-json\/wp\/v2\/media\/11484"}],"wp:attachment":[{"href":"https:\/\/www.culturalusa.com\/news\/wp-json\/wp\/v2\/media?parent=11483"}],"wp:term":[{"taxonomy":"category","embeddable":true,"href":"https:\/\/www.culturalusa.com\/news\/wp-json\/wp\/v2\/categories?post=11483"},{"taxonomy":"post_tag","embeddable":true,"href":"https:\/\/www.culturalusa.com\/news\/wp-json\/wp\/v2\/tags?post=11483"}],"curies":[{"name":"wp","href":"https:\/\/api.w.org\/{rel}","templated":true}]}}