{"id":11486,"date":"2023-01-07T16:31:51","date_gmt":"2023-01-07T15:31:51","guid":{"rendered":"https:\/\/www.culturalusa.com\/news\/?p=11486"},"modified":"2023-01-07T16:31:51","modified_gmt":"2023-01-07T15:31:51","slug":"sante-le-gouvernement-annonce-un-plan-pour-sortir-dune-crise-a-lhopital-et-en-ville","status":"publish","type":"post","link":"https:\/\/www.culturalusa.com\/news\/actualite\/sante-le-gouvernement-annonce-un-plan-pour-sortir-dune-crise-a-lhopital-et-en-ville\/","title":{"rendered":"Sant\u00e9: le gouvernement annonce un plan pour sortir d&rsquo;une crise \u00e0 l&rsquo;h\u00f4pital et en ville"},"content":{"rendered":"<h2>\u00ab\u00a0D\u00e9gager du temps de m\u00e9decin\u00a0\u00bb, \u00ab\u00a0retrouver une \u00e9chelle humaine\u00a0\u00bb: Emmanuel Macron a annonc\u00e9 une r\u00e9organisation de l&rsquo;h\u00f4pital ainsi qu&rsquo;une s\u00e9rie de mesures pour faciliter l&rsquo;acc\u00e8s des patients \u00e0 un g\u00e9n\u00e9raliste et \u00ab\u00a0sortir de ce jour de crise sans fin\u00a0\u00bb dans le syst\u00e8me de sant\u00e9 fran\u00e7ais.<\/h2>\n<p>Deux constats s&rsquo;imposent: \u00ab\u00a0l&rsquo;inqui\u00e9tude de beaucoup de nos compatriotes\u00a0\u00bb qui peinent \u00e0 trouver un g\u00e9n\u00e9raliste; et \u00ab\u00a0l&rsquo;\u00e9puisement, ce sentiment parfois de perte de sens\u00a0\u00bb qui gagne les personnels de sant\u00e9, a conc\u00e9d\u00e9 le chef de l&rsquo;\u00c9tat en pr\u00e9sentant, pour la premi\u00e8re fois depuis sa premi\u00e8re \u00e9lection en 2017, des voeux sp\u00e9cifiques aux soignants.<\/p>\n<blockquote><p>Le syst\u00e8me est \u00ab\u00a0\u00e0 bout de souffle\u00a0\u00bb de l&rsquo;aveu m\u00eame du gouvernement avec des urgences d\u00e9bord\u00e9es et un manque criant de personnels, sur fond de triple \u00e9pid\u00e9mie hivernale de Covid-19, grippe et bronchiolite.<\/p><\/blockquote>\n<p>Devant des soignants r\u00e9unis au Centre hospitalier Sud Francilien (CHSF) de Corbeil-Essonnes, en banlieue parisienne, il a assur\u00e9 vouloir \u00ab\u00a0aller beaucoup plus vite, beaucoup plus fort et prendre des d\u00e9cisions radicales\u00a0\u00bb.<\/p>\n<p>Mais il n&rsquo;existe pas de \u00ab\u00a0recette miracle\u00a0\u00bb, a-t-il aussi soulign\u00e9, m\u00eame si le numerus clausus qui plafonnait le nombre d&rsquo;\u00e9tudiants en m\u00e9decine a \u00e9t\u00e9 supprim\u00e9 durant son premier quinquennat.<\/p>\n<p>\u00ab\u00a0On va vivre dans les ann\u00e9es qui viennent dans une situation qui va plut\u00f4t se d\u00e9grader en terme d&rsquo;offre\u00a0\u00bb car \u00ab\u00a0on ne forme pas des m\u00e9decins en un ou deux ans\u00a0\u00bb, a-t-il averti.<\/p>\n<p>\u00ab\u00a0Et donc notre d\u00e9fi collectif c&rsquo;est \u00e0 court terme de d\u00e9gager du temps de m\u00e9decin, de soignant face au patient\u00a0\u00bb, a-t-il dit.<\/p>\n<p>C\u00f4t\u00e9 m\u00e9decine de ville, en pleine gr\u00e8ve de g\u00e9n\u00e9ralistes pour une augmentation du prix de la consultation, il a ainsi propos\u00e9 de \u00ab\u00a0mieux r\u00e9mun\u00e9rer\u00a0\u00bb ces derniers quand ils \u00ab\u00a0assurent la permanence des soins\u00a0\u00bb, notamment des gardes, et \u00ab\u00a0prennent en charge des nouveaux patients\u00a0\u00bb.<\/p>\n<h3>Garder les soignants<\/h3>\n<p>Les 600.000 patients souffrant d&rsquo;une maladie chronique et ne disposant pas, \u00e0 l&rsquo;heure actuelle, d&rsquo;un m\u00e9decin traitant s&rsquo;en verront proposer un \u00ab\u00a0avant la fin de l&rsquo;ann\u00e9e\u00a0\u00bb, a-t-il \u00e9galement annonc\u00e9.<\/p>\n<p>Emmanuel Macron a aussi promis d'\u00a0\u00bbacc\u00e9l\u00e9rer le recrutement des assistants m\u00e9dicaux\u00a0\u00bb, qui peuvent r\u00e9aliser des actes simples et des t\u00e2ches administratives pour all\u00e9ger la charge des m\u00e9decins, pour en porter le nombre de \u00ab\u00a0pr\u00e8s de 4.000\u00a0\u00bb actuellement \u00e0 \u00ab\u00a010.000 d&rsquo;ici la fin de\u00a0\u00bb 2024.<\/p>\n<p>Il a demand\u00e9 que soient identifi\u00e9es \u00ab\u00a0d&rsquo;ici au 1er mars\u00a0\u00bb toutes les possibilit\u00e9s de d\u00e9l\u00e9gations de t\u00e2ches des m\u00e9decins vers les param\u00e9dicaux et les pharmaciens.<\/p>\n<p>Le chef de l&rsquo;Etat a aussi plaid\u00e9 pour la lib\u00e9ralisation de la \u00ab\u00a0t\u00e9l\u00e9-expertise\u00a0\u00bb. Actuellement, un m\u00e9decin ne peut r\u00e9aliser, sur une ann\u00e9e civile, plus de 20\u00a0% de son volume d&rsquo;activit\u00e9 \u00e0 distance.<\/p>\n<p>Il a par ailleurs invit\u00e9 \u00e0 une r\u00e9organisation du travail \u00e0 l&rsquo;h\u00f4pital \u00ab\u00a0d&rsquo;ici au 1er juin\u00a0\u00bb pour le rendre plus attractif.<\/p>\n<p>\u00ab\u00a0On doit ensemble travailler \u00e0 une meilleure organisation du temps de travail\u00a0\u00bb, a-t-il d\u00e9velopp\u00e9, d\u00e9plorant une \u00ab\u00a0hyper-rigidit\u00e9\u00a0\u00bb dans l&rsquo;application des\u00a035\u00a0heures et un syst\u00e8me qui \u00ab\u00a0ne marche qu&rsquo;avec des heures suppl\u00e9mentaires\u00a0\u00bb.<\/p>\n<h3>C&rsquo;est tr\u00e8s dur<\/h3>\n<p>Pour remettre les soignants davantage aux manettes, il a expliqu\u00e9 qu&rsquo;un \u00ab\u00a0tandem administratif et m\u00e9dical\u00a0\u00bb, \u00ab\u00a0sur la base d&rsquo;un projet\u00a0\u00bb, serait instaur\u00e9 \u00e0 la t\u00eate de chaque h\u00f4pital.<\/p>\n<p>Par ailleurs, il a annonc\u00e9 la \u00ab\u00a0sortie de la tarification \u00e0 l&rsquo;acte\u00a0\u00bb \u00e0 l&rsquo;h\u00f4pital d\u00e8s le prochain budget de la S\u00e9curit\u00e9 sociale, au profit d&rsquo;un financement sur \u00ab\u00a0objectifs de sant\u00e9 publique\u00a0\u00bb.<\/p>\n<p>Plut\u00f4t bien re\u00e7ues par la F\u00e9d\u00e9ration hospitali\u00e8re de France (FHF, h\u00f4pitaux publics) et m\u00eame l&rsquo;intersyndicale des praticiens hospitaliers APH, ces annonces ont en revanche \u00e9t\u00e9 tr\u00e8s fra\u00eechement accueillies par les organisations de m\u00e9decins lib\u00e9raux, qui ont vu \u00ab\u00a0peu de moyens\u00a0\u00bb concrets pour prendre davantage de gardes et de patients.<\/p>\n<p>En arrivant dans cet h\u00f4pital de l&rsquo;Essonne, frapp\u00e9 en ao\u00fbt par une cyberattaque, Emmanuel Macron, accompagn\u00e9 du ministre de la Sant\u00e9, a pu prendre le pouls en direct de l&rsquo;\u00e9tat du syst\u00e8me de soins lors d&rsquo;un \u00e9change avec les \u00e9quipes p\u00e9diatriques du CHSF.<\/p>\n<p>\u00ab\u00a0On veut vous t\u00e9moigner de notre fatigue\u00a0\u00bb, \u00ab\u00a0la r\u00e9mun\u00e9ration n&rsquo;est certainement pas \u00e0 la hauteur des efforts accomplis\u00a0\u00bb, ont encha\u00een\u00e9 infirmi\u00e8res, sage-femmes et brancardiers.<\/p>\n<p>Apr\u00e8s la gr\u00e8ve des g\u00e9n\u00e9ralistes, la grogne continue de monter. FO, deuxi\u00e8me syndicat de la fonction publique hospitali\u00e8re, a appel\u00e9 \u00e0 une gr\u00e8ve illimit\u00e9e \u00e0 partir du\u00a010\u00a0janvier, de m\u00eame que l&rsquo;Unsa qui se projette d\u00e9j\u00e0 dans la bataille contre la r\u00e9forme des retraites. (AFP)<\/p>\n","protected":false},"excerpt":{"rendered":"<p>\u00ab\u00a0D\u00e9gager du temps de m\u00e9decin\u00a0\u00bb, \u00ab\u00a0retrouver une \u00e9chelle humaine\u00a0\u00bb: Emmanuel Macron a annonc\u00e9 une r\u00e9organisation de l&rsquo;h\u00f4pital ainsi qu&rsquo;une s\u00e9rie de mesures pour faciliter l&rsquo;acc\u00e8s des patients \u00e0 un g\u00e9n\u00e9raliste et \u00ab\u00a0sortir de ce jour de crise sans fin\u00a0\u00bb dans le syst\u00e8me de sant\u00e9 fran\u00e7ais. Deux constats s&rsquo;imposent: \u00ab\u00a0l&rsquo;inqui\u00e9tude de beaucoup de nos compatriotes\u00a0\u00bb qui [&hellip;]<\/p>\n","protected":false},"author":1,"featured_media":11487,"comment_status":"open","ping_status":"closed","sticky":false,"template":"","format":"standard","meta":{"footnotes":""},"categories":[30],"tags":[2585,2584,935],"class_list":["post-11486","post","type-post","status-publish","format-standard","has-post-thumbnail","hentry","category-actualite","tag-crise-a-lhopital","tag-reorganisation-de-lhopital","tag-sante"],"aioseo_notices":[],"_links":{"self":[{"href":"https:\/\/www.culturalusa.com\/news\/wp-json\/wp\/v2\/posts\/11486","targetHints":{"allow":["GET"]}}],"collection":[{"href":"https:\/\/www.culturalusa.com\/news\/wp-json\/wp\/v2\/posts"}],"about":[{"href":"https:\/\/www.culturalusa.com\/news\/wp-json\/wp\/v2\/types\/post"}],"author":[{"embeddable":true,"href":"https:\/\/www.culturalusa.com\/news\/wp-json\/wp\/v2\/users\/1"}],"replies":[{"embeddable":true,"href":"https:\/\/www.culturalusa.com\/news\/wp-json\/wp\/v2\/comments?post=11486"}],"version-history":[{"count":1,"href":"https:\/\/www.culturalusa.com\/news\/wp-json\/wp\/v2\/posts\/11486\/revisions"}],"predecessor-version":[{"id":11488,"href":"https:\/\/www.culturalusa.com\/news\/wp-json\/wp\/v2\/posts\/11486\/revisions\/11488"}],"wp:featuredmedia":[{"embeddable":true,"href":"https:\/\/www.culturalusa.com\/news\/wp-json\/wp\/v2\/media\/11487"}],"wp:attachment":[{"href":"https:\/\/www.culturalusa.com\/news\/wp-json\/wp\/v2\/media?parent=11486"}],"wp:term":[{"taxonomy":"category","embeddable":true,"href":"https:\/\/www.culturalusa.com\/news\/wp-json\/wp\/v2\/categories?post=11486"},{"taxonomy":"post_tag","embeddable":true,"href":"https:\/\/www.culturalusa.com\/news\/wp-json\/wp\/v2\/tags?post=11486"}],"curies":[{"name":"wp","href":"https:\/\/api.w.org\/{rel}","templated":true}]}}