{"id":11493,"date":"2023-01-12T17:42:52","date_gmt":"2023-01-12T16:42:52","guid":{"rendered":"https:\/\/www.culturalusa.com\/news\/?p=11493"},"modified":"2023-01-12T17:42:52","modified_gmt":"2023-01-12T16:42:52","slug":"retraites-les-dix-articles-de-lavant-projet-de-reforme-des-retraites","status":"publish","type":"post","link":"https:\/\/www.culturalusa.com\/news\/politique\/retraites-les-dix-articles-de-lavant-projet-de-reforme-des-retraites\/","title":{"rendered":"Retraites: les dix articles de l&rsquo;avant-projet de r\u00e9forme des retraites"},"content":{"rendered":"<h2>Age l\u00e9gal, r\u00e9gimes sp\u00e9ciaux, petites pensions&#8230; Les dix articles de l&rsquo;avant-projet de r\u00e9forme des retraites, transmis au Conseil d&rsquo;Etat, confirment les mesures annonc\u00e9es par le gouvernement.<\/h2>\n<p>La r\u00e9forme des retraites tient, pour l&rsquo;instant, sur moins de soixante pages. Comme pr\u00e9vu, elle prend la forme d&rsquo;un budget de la S\u00e9cu (PLFSS) rectificatif, sous la houlette de Bercy et des minist\u00e8res du Travail et de la Sant\u00e9.<\/p>\n<p>Le texte &#8211; publi\u00e9 sur internet par l&rsquo;agence de presse AEF &#8211; s&rsquo;ouvre sur la \u00ab\u00a0fermeture des principaux r\u00e9gimes sp\u00e9ciaux\u00a0\u00bb, dont ceux de la RATP, EDF et Engie ou encore la Banque de France, pour leurs futures recrues \u00ab\u00a0\u00e0 compter du 1er septembre\u00a0\u00bb.<\/p>\n<p>Cette date marquera aussi le d\u00e9but du \u00ab\u00a0rel\u00e8vement de l&rsquo;\u00e2ge l\u00e9gal de d\u00e9part \u00e0 64 ans\u00a0\u00bb, au rythme de 3 mois par an d&rsquo;ici 2030, et de la dur\u00e9e de cotisation qui passera \u00e0 43 ans d&rsquo;ici 2027, au rythme d&rsquo;un trimestre par an.<\/p>\n<p>Les fonctionnaires des \u00ab\u00a0cat\u00e9gories actives\u00a0\u00bb devront eux aussi travailler deux ans de plus, jusqu&rsquo;\u00e0 59 ans pour les aides-soignantes et les pompiers, ou 54 ans pour les policiers sur le terrain et les contr\u00f4leurs a\u00e9riens.<\/p>\n<p>Des \u00ab\u00a0d\u00e9parts anticip\u00e9s\u00a0\u00bb resteront possibles au titre de l&rsquo;invalidit\u00e9 ou de la p\u00e9nibilit\u00e9, mais aussi pour les travailleurs handicap\u00e9s et les \u00ab\u00a0carri\u00e8res longues\u00a0\u00bb, dans des conditions qui seront \u00ab\u00a0d\u00e9finies par d\u00e9cret\u00a0\u00bb.<\/p>\n<p>C&rsquo;est aussi par d\u00e9cret qu&rsquo;interviendra la \u00ab\u00a0revalorisation des petites pensions\u00a0\u00bb \u00e0 partir du 1er septembre, portant le minimum garanti \u00e0 1.200 euros brut pour une carri\u00e8re compl\u00e8te. Le projet de loi ne mentionne \u00e0 ce stade que les futurs retrait\u00e9s, mais le gouvernement s&rsquo;est engag\u00e9 \u00e0 y \u00ab\u00a0int\u00e9grer\u00a0\u00bb les retrait\u00e9s actuels dans la version qui sera pr\u00e9sent\u00e9e en Conseil des ministres le 23 janvier.<\/p>\n<p>Par ailleurs, un volet est consacr\u00e9 \u00e0 la \u00ab\u00a0pr\u00e9vention et r\u00e9paration de l&rsquo;usure professionnelle\u00a0\u00bb, avec la cr\u00e9ation d&rsquo;un \u00ab\u00a0fonds d&rsquo;investissement\u00a0\u00bb dot\u00e9 d&rsquo;un milliard d&rsquo;euros \u00ab\u00a0sur la dur\u00e9e du quinquennat\u00a0\u00bb, ou encore d&rsquo;une \u00ab\u00a0visite m\u00e9dicale obligatoire \u00e0 61 ans\u00a0\u00bb pour les salari\u00e9s \u00ab\u00a0expos\u00e9s aux facteurs de risque\u00a0\u00bb comme le port de charges lourdes. (AFP)<\/p>\n","protected":false},"excerpt":{"rendered":"<p>Age l\u00e9gal, r\u00e9gimes sp\u00e9ciaux, petites pensions&#8230; Les dix articles de l&rsquo;avant-projet de r\u00e9forme des retraites, transmis au Conseil d&rsquo;Etat, confirment les mesures annonc\u00e9es par le gouvernement. La r\u00e9forme des retraites tient, pour l&rsquo;instant, sur moins de soixante pages. Comme pr\u00e9vu, elle prend la forme d&rsquo;un budget de la S\u00e9cu (PLFSS) rectificatif, sous la houlette de [&hellip;]<\/p>\n","protected":false},"author":1,"featured_media":11067,"comment_status":"open","ping_status":"closed","sticky":false,"template":"","format":"standard","meta":{"footnotes":""},"categories":[1494],"tags":[546,2588,932],"class_list":["post-11493","post","type-post","status-publish","format-standard","has-post-thumbnail","hentry","category-politique","tag-conseil-detat","tag-projet-de-reforme-des-retraites","tag-retraites"],"aioseo_notices":[],"_links":{"self":[{"href":"https:\/\/www.culturalusa.com\/news\/wp-json\/wp\/v2\/posts\/11493","targetHints":{"allow":["GET"]}}],"collection":[{"href":"https:\/\/www.culturalusa.com\/news\/wp-json\/wp\/v2\/posts"}],"about":[{"href":"https:\/\/www.culturalusa.com\/news\/wp-json\/wp\/v2\/types\/post"}],"author":[{"embeddable":true,"href":"https:\/\/www.culturalusa.com\/news\/wp-json\/wp\/v2\/users\/1"}],"replies":[{"embeddable":true,"href":"https:\/\/www.culturalusa.com\/news\/wp-json\/wp\/v2\/comments?post=11493"}],"version-history":[{"count":1,"href":"https:\/\/www.culturalusa.com\/news\/wp-json\/wp\/v2\/posts\/11493\/revisions"}],"predecessor-version":[{"id":11494,"href":"https:\/\/www.culturalusa.com\/news\/wp-json\/wp\/v2\/posts\/11493\/revisions\/11494"}],"wp:featuredmedia":[{"embeddable":true,"href":"https:\/\/www.culturalusa.com\/news\/wp-json\/wp\/v2\/media\/11067"}],"wp:attachment":[{"href":"https:\/\/www.culturalusa.com\/news\/wp-json\/wp\/v2\/media?parent=11493"}],"wp:term":[{"taxonomy":"category","embeddable":true,"href":"https:\/\/www.culturalusa.com\/news\/wp-json\/wp\/v2\/categories?post=11493"},{"taxonomy":"post_tag","embeddable":true,"href":"https:\/\/www.culturalusa.com\/news\/wp-json\/wp\/v2\/tags?post=11493"}],"curies":[{"name":"wp","href":"https:\/\/api.w.org\/{rel}","templated":true}]}}