{"id":11518,"date":"2023-01-21T18:27:20","date_gmt":"2023-01-21T17:27:20","guid":{"rendered":"https:\/\/www.culturalusa.com\/news\/?p=11518"},"modified":"2023-01-21T18:29:10","modified_gmt":"2023-01-21T17:29:10","slug":"je-ne-veux-pas-chatouiller-le-systeme-je-veux-changer-le-portugal","status":"publish","type":"post","link":"https:\/\/www.culturalusa.com\/news\/portugal\/je-ne-veux-pas-chatouiller-le-systeme-je-veux-changer-le-portugal\/","title":{"rendered":"\u00ab\u00a0Je ne veux pas chatouiller le syst\u00e8me, je veux changer le Portugal\u00a0\u00bb"},"content":{"rendered":"<h2>Rui Rocha, candidat \u00e0 la succession de Cotrim de Figueiredo \u00e0 la direction de l&rsquo;Initiative lib\u00e9rale, a pr\u00e9sent\u00e9 sa proposition pour le parti et pour le pays lors de la Convention nationale de l&rsquo;IL.<\/h2>\n<p>\u00ab\u00a0Il ne suffit pas de dire que nous voulons \u00eatre la troisi\u00e8me force politique. C&rsquo;est in\u00e9vitable, mais ce n&rsquo;est pas suffisant, cela ne nous permet pas de transformer le Portugal. Je ne veux pas chatouiller le syst\u00e8me, je veux changer le Portugal\u00a0\u00bb .<\/p>\n<blockquote><p>\u00ab\u00a0Nous allons changer le Portugal\u00a0\u00bb, a lanc\u00e9 Rui Rocha, candidat \u00e0 la direction de l&rsquo;Initiative lib\u00e9rale, qui est d\u00e9cid\u00e9e ce week-end, lors de la VIIe Convention du Parti, suite au d\u00e9part de Jo\u00e3o Cotrim de Figueiredo\u00a0\u00bb.<\/p><\/blockquote>\n<p>Leader de la Liste L, Rocha veut \u00ab\u00a0d\u00e9centraliser\u00a0\u00bb le parti, en augmentant le financement des noyaux d&rsquo;IL dans le pays et la formation politique de ses militants. \u00ab\u00a0Si nous voulons mettre fin au bipartisme, parce que le Portugal a besoin d&rsquo;une solution politique diff\u00e9rente, nous devons \u00eatre ambitieux\u00a0\u00bb, a poursuivi le lib\u00e9ral.<\/p>\n<p>Dans son discours, Rocha lance encore plus de coups au Parti socialiste et au Parti social-d\u00e9mocrate, en tirant, sur \u00ab l&rsquo;appareil d&rsquo;\u00c9tat des partis qui veulent contr\u00f4ler le pays \u00bb : \u00ab Le PSD fait \u00e0 Mad\u00e8re ce que le PS fait au niveau national .\u00a0\u00bb<\/p>\n<p>C&rsquo;est en effet dans cette r\u00e9gion autonome &#8211; comme aux A\u00e7ores &#8211; que Rui Rocha veut voir IL parier, garantissant qu&rsquo;il esp\u00e8re gagner un groupe parlementaire dans chaque parlement r\u00e9gional respectif.<\/p>\n<p>\u00ab\u00a0Au pays d&rsquo;IL, tous les acteurs du syst\u00e8me de sant\u00e9 seront inclus dans une solution pour que les Portugais aient acc\u00e8s \u00e0 la sant\u00e9. Au pays d&rsquo;IL, les familles choisiront les \u00e9coles les plus appropri\u00e9es \u00e0 leurs int\u00e9r\u00eats\u00a0\u00bb, a promis Rocha, faisant \u00e9cho \u00e0 les propositions d\u00e9j\u00e0 connues du parti lib\u00e9ral concernant la sant\u00e9 et l&rsquo;\u00e9ducation.<\/p>\n","protected":false},"excerpt":{"rendered":"<p>Rui Rocha, candidat \u00e0 la succession de Cotrim de Figueiredo \u00e0 la direction de l&rsquo;Initiative lib\u00e9rale, a pr\u00e9sent\u00e9 sa proposition pour le parti et pour le pays lors de la Convention nationale de l&rsquo;IL. \u00ab\u00a0Il ne suffit pas de dire que nous voulons \u00eatre la troisi\u00e8me force politique. C&rsquo;est in\u00e9vitable, mais ce n&rsquo;est pas suffisant, [&hellip;]<\/p>\n","protected":false},"author":1,"featured_media":11519,"comment_status":"open","ping_status":"closed","sticky":false,"template":"","format":"standard","meta":{"footnotes":""},"categories":[3],"tags":[2602,2604,321,2603],"class_list":["post-11518","post","type-post","status-publish","format-standard","has-post-thumbnail","hentry","category-portugal","tag-changer-le-portugal","tag-initiative-liberale","tag-portugal","tag-rui-rocha"],"aioseo_notices":[],"_links":{"self":[{"href":"https:\/\/www.culturalusa.com\/news\/wp-json\/wp\/v2\/posts\/11518","targetHints":{"allow":["GET"]}}],"collection":[{"href":"https:\/\/www.culturalusa.com\/news\/wp-json\/wp\/v2\/posts"}],"about":[{"href":"https:\/\/www.culturalusa.com\/news\/wp-json\/wp\/v2\/types\/post"}],"author":[{"embeddable":true,"href":"https:\/\/www.culturalusa.com\/news\/wp-json\/wp\/v2\/users\/1"}],"replies":[{"embeddable":true,"href":"https:\/\/www.culturalusa.com\/news\/wp-json\/wp\/v2\/comments?post=11518"}],"version-history":[{"count":3,"href":"https:\/\/www.culturalusa.com\/news\/wp-json\/wp\/v2\/posts\/11518\/revisions"}],"predecessor-version":[{"id":11522,"href":"https:\/\/www.culturalusa.com\/news\/wp-json\/wp\/v2\/posts\/11518\/revisions\/11522"}],"wp:featuredmedia":[{"embeddable":true,"href":"https:\/\/www.culturalusa.com\/news\/wp-json\/wp\/v2\/media\/11519"}],"wp:attachment":[{"href":"https:\/\/www.culturalusa.com\/news\/wp-json\/wp\/v2\/media?parent=11518"}],"wp:term":[{"taxonomy":"category","embeddable":true,"href":"https:\/\/www.culturalusa.com\/news\/wp-json\/wp\/v2\/categories?post=11518"},{"taxonomy":"post_tag","embeddable":true,"href":"https:\/\/www.culturalusa.com\/news\/wp-json\/wp\/v2\/tags?post=11518"}],"curies":[{"name":"wp","href":"https:\/\/api.w.org\/{rel}","templated":true}]}}