{"id":11535,"date":"2023-01-26T17:28:47","date_gmt":"2023-01-26T16:28:47","guid":{"rendered":"https:\/\/www.culturalusa.com\/news\/?p=11535"},"modified":"2023-01-26T17:34:44","modified_gmt":"2023-01-26T16:34:44","slug":"surexposition-des-enfants-aux-ecrans-les-deputes-proposent-un-texte","status":"publish","type":"post","link":"https:\/\/www.culturalusa.com\/news\/bien-etre-sante\/surexposition-des-enfants-aux-ecrans-les-deputes-proposent-un-texte\/","title":{"rendered":"Surexposition des enfants aux \u00e9crans, les d\u00e9put\u00e9s proposent un texte"},"content":{"rendered":"<h2>Comment \u00e9viter aux enfants une exposition excessive aux \u00e9crans? Les d\u00e9put\u00e9s Renaissance viennent de d\u00e9poser une proposition de loi pour mettre en place une s\u00e9rie de mesures de pr\u00e9vention, avec les professionnels de la petite enfance et les \u00e9coles.<\/h2>\n<p>A l&rsquo;initiative, la d\u00e9put\u00e9e du Loiret Caroline Janvier esp\u00e8re un examen de son texte \u00ab\u00a0au printemps\u00a0\u00bb dans l&rsquo;h\u00e9micycle, a-t-elle indiqu\u00e9 jeudi. Son groupe confirme qu&rsquo;il pourrait \u00eatre \u00e0 l&rsquo;ordre du jour fin mars.<\/p>\n<p>Cosign\u00e9e par ses coll\u00e8gues Renaissance, sa proposition de loi pr\u00e9voit une formation sp\u00e9cifique pour les professionnels de sant\u00e9 et de la petite enfance, ainsi que des messages de pr\u00e9vention sur les emballages d&rsquo;ordinateurs, tablettes et t\u00e9l\u00e9phones et sur l&rsquo;ensemble des publicit\u00e9s pour ces produits.<\/p>\n<p>La d\u00e9put\u00e9e demande aussi que le r\u00e8glement int\u00e9rieur des structures de la petite enfance et des \u00e9coles int\u00e8gre des r\u00e8gles restrictives d&rsquo;utilisation des \u00e9crans pour le personnel encadrant.<\/p>\n<p>Le texte pr\u00e9voit d&rsquo;ins\u00e9rer des recommandations sur la bonne utilisation des \u00e9crans dans le carnet de grossesse transmis aux jeunes parents, et la cr\u00e9ation d&rsquo;une plateforme num\u00e9rique d&rsquo;informations \u00e0 l&rsquo;attention des parents.<\/p>\n<p>Il ne s&rsquo;agit \u00ab\u00a0pas d&rsquo;une approche technophobe ni injonctive\u00a0\u00bb mais \u00ab\u00a0de sensibiliser au bon usage des \u00e9crans\u00a0\u00bb, souligne la parlementaire.<\/p>\n<p>L&rsquo;exc\u00e8s d&rsquo;\u00e9cran est un \u00ab\u00a0ph\u00e9nom\u00e8ne de grande ampleur\u00a0\u00bb qui \u00ab\u00a0commence d\u00e8s le plus jeune \u00e2ge\u00a0\u00bb avec des \u00ab\u00a0risques accrus d&rsquo;ob\u00e9sit\u00e9\u00a0\u00bb, de \u00ab\u00a0troubles du sommeil\u00a0\u00bb et \u00ab\u00a0d&rsquo;hypertensions art\u00e9rielle\u00a0\u00bb, affirme-t-elle.<\/p>\n<p>Lors de la pr\u00e9c\u00e9dente l\u00e9gislature, Caroline Janvier avait d\u00e9j\u00e0 sign\u00e9 une tribune sur le sujet dans Le Monde fin 2021 puis d\u00e9pos\u00e9 un premier texte en f\u00e9vrier 2022, que les d\u00e9put\u00e9s n&rsquo;avaient pas eu le temps d&rsquo;examiner avant la pr\u00e9sidentielle.<\/p>\n<h3>L&rsquo;Organisation mondiale de la sant\u00e9 (OMS) et le Haut conseil de la <strong>sant\u00e9 publique<\/strong> recommandent de ne pas exposer les enfants aux \u00e9crans avant l&rsquo;\u00e2ge de deux ans. (AFP)<\/h3>\n","protected":false},"excerpt":{"rendered":"<p>Comment \u00e9viter aux enfants une exposition excessive aux \u00e9crans? Les d\u00e9put\u00e9s Renaissance viennent de d\u00e9poser une proposition de loi pour mettre en place une s\u00e9rie de mesures de pr\u00e9vention, avec les professionnels de la petite enfance et les \u00e9coles. A l&rsquo;initiative, la d\u00e9put\u00e9e du Loiret Caroline Janvier esp\u00e8re un examen de son texte \u00ab\u00a0au printemps\u00a0\u00bb [&hellip;]<\/p>\n","protected":false},"author":1,"featured_media":11536,"comment_status":"open","ping_status":"closed","sticky":false,"template":"","format":"standard","meta":{"footnotes":""},"categories":[2209],"tags":[1293,1936,2613],"class_list":["post-11535","post","type-post","status-publish","format-standard","has-post-thumbnail","hentry","category-bien-etre-sante","tag-france","tag-sante-publique","tag-surexposition-des-enfants-aux-ecrans"],"aioseo_notices":[],"_links":{"self":[{"href":"https:\/\/www.culturalusa.com\/news\/wp-json\/wp\/v2\/posts\/11535","targetHints":{"allow":["GET"]}}],"collection":[{"href":"https:\/\/www.culturalusa.com\/news\/wp-json\/wp\/v2\/posts"}],"about":[{"href":"https:\/\/www.culturalusa.com\/news\/wp-json\/wp\/v2\/types\/post"}],"author":[{"embeddable":true,"href":"https:\/\/www.culturalusa.com\/news\/wp-json\/wp\/v2\/users\/1"}],"replies":[{"embeddable":true,"href":"https:\/\/www.culturalusa.com\/news\/wp-json\/wp\/v2\/comments?post=11535"}],"version-history":[{"count":2,"href":"https:\/\/www.culturalusa.com\/news\/wp-json\/wp\/v2\/posts\/11535\/revisions"}],"predecessor-version":[{"id":11538,"href":"https:\/\/www.culturalusa.com\/news\/wp-json\/wp\/v2\/posts\/11535\/revisions\/11538"}],"wp:featuredmedia":[{"embeddable":true,"href":"https:\/\/www.culturalusa.com\/news\/wp-json\/wp\/v2\/media\/11536"}],"wp:attachment":[{"href":"https:\/\/www.culturalusa.com\/news\/wp-json\/wp\/v2\/media?parent=11535"}],"wp:term":[{"taxonomy":"category","embeddable":true,"href":"https:\/\/www.culturalusa.com\/news\/wp-json\/wp\/v2\/categories?post=11535"},{"taxonomy":"post_tag","embeddable":true,"href":"https:\/\/www.culturalusa.com\/news\/wp-json\/wp\/v2\/tags?post=11535"}],"curies":[{"name":"wp","href":"https:\/\/api.w.org\/{rel}","templated":true}]}}