{"id":11554,"date":"2023-02-06T19:27:42","date_gmt":"2023-02-06T18:27:42","guid":{"rendered":"https:\/\/www.culturalusa.com\/news\/?p=11554"},"modified":"2023-02-06T19:27:42","modified_gmt":"2023-02-06T18:27:42","slug":"ukraine-lonu-salarme-du-risque-dune-guerre-plus-large","status":"publish","type":"post","link":"https:\/\/www.culturalusa.com\/news\/actualite\/ukraine-lonu-salarme-du-risque-dune-guerre-plus-large\/","title":{"rendered":"Ukraine : l&rsquo;ONU s&rsquo;alarme du risque d&rsquo;une \u00ab\u00a0guerre plus large\u00a0\u00bb"},"content":{"rendered":"<h2>Alors que les \u00ab\u00a0risques d&rsquo;escalade\u00a0\u00bb en Ukraine augmentent, le monde se dirige \u00ab\u00a0les yeux grands ouverts\u00a0\u00bb vers \u00ab\u00a0une guerre plus large\u00a0\u00bb, s&rsquo;est alarm\u00e9 le secr\u00e9taire g\u00e9n\u00e9ral de l&rsquo;ONU dans un discours particuli\u00e8rement sombre pr\u00e9sentant ses priorit\u00e9s pour 2023.<\/h2>\n<p>Guerre en Ukraine, crise climatique, pauvret\u00e9 extr\u00eame&#8230; \u00ab\u00a0Nous avons commenc\u00e9 l&rsquo;ann\u00e9e 2023 avec dans notre ligne de mire une convergence de d\u00e9fis jamais vue de notre vivant\u00a0\u00bb, a d\u00e9clar\u00e9 Antonio Guterres devant l&rsquo;Assembl\u00e9e g\u00e9n\u00e9rale de l&rsquo;ONU.<\/p>\n<blockquote><p>Selon les scientifiques g\u00e9rant l&rsquo;horloge de l&rsquo;apocalypse, l&rsquo;humanit\u00e9 n&rsquo;a jamais \u00e9t\u00e9 aussi proche de sa fin, d\u00e9sormais \u00e0 90 secondes avant minuit, a-t-il rappel\u00e9, y voyant un signal d&rsquo;alarme.<\/p><\/blockquote>\n<p>\u00ab\u00a0Nous devons nous r\u00e9veiller et nous mettre au travail\u00a0\u00bb, a-t-il insist\u00e9, dressant une liste des questions urgentes pour 2023.<\/p>\n<p>Tout en haut de cette liste, la guerre en Ukraine.<\/p>\n<p>\u00ab\u00a0Les perspectives de paix ne cessent de se r\u00e9duire. Les risques d&rsquo;une escalade et d&rsquo;un carnage suppl\u00e9mentaires ne cessent d&rsquo;augmenter.\u00a0\u00bb<\/p>\n<p>\u00ab\u00a0Je crains que le monde ne soit pas en train d&rsquo;avancer en dormant comme un somnambule vers une guerre plus large mais je crains qu&rsquo;il le fasse en fait les yeux grands ouverts\u00a0\u00bb, a-t-il lanc\u00e9, avant de s&rsquo;inqui\u00e9ter d&rsquo;autres menaces contre la paix, du conflit isra\u00e9lo-palestinien \u00e0 l&rsquo;Afghanistan en passant par la Birmanie, le Sahel ou Ha\u00efti.<\/p>\n<p>\u00ab\u00a0Si tous les pays remplissaient leurs obligations en vertu de la Charte (des Nations unies, ndlr), le droit \u00e0 la paix serait garanti\u00a0\u00bb, a-t-il insist\u00e9, pla\u00e7ant le respect des droits humains au coeur de ces valeurs.<\/p>\n<p>De mani\u00e8re plus large, Antonio Guterres a d\u00e9nonc\u00e9 l&rsquo;absence de \u00ab\u00a0vision strat\u00e9gique\u00a0\u00bb, et le \u00ab\u00a0penchant\u00a0\u00bb des d\u00e9cideurs politiques et \u00e9conomiques pour le court terme.<\/p>\n<p>\u00ab\u00a0La prochaine \u00e9lection. La prochaine manoeuvre politique pour s&rsquo;accrocher au pouvoir\u00a0\u00bb ou \u00ab\u00a0les cours d&rsquo;une action en bourse le lendemain\u00a0\u00bb: \u00ab\u00a0Cette r\u00e9flexion \u00e0 court terme n&rsquo;est pas seulement profond\u00e9ment irresponsable, elle est immorale.\u00a0\u00bb<\/p>\n<h3>\u00a0Des \u00ab\u00a0miettes\u00a0\u00bb pour les pauvres<\/h3>\n<p>Soulignant au contraire la n\u00e9cessit\u00e9 de penser aux g\u00e9n\u00e9rations futures, il a r\u00e9p\u00e9t\u00e9 son appel \u00e0 une \u00ab\u00a0transformation radicale\u00a0\u00bb de l&rsquo;architecture financi\u00e8re mondiale.<\/p>\n<p>\u00ab\u00a0Il y a quelque chose de fondamentalement mauvais dans notre syst\u00e8me \u00e9conomique et financier\u00a0\u00bb, a-t-il insist\u00e9, pointant sa responsabilit\u00e9 dans la hausse de la pauvret\u00e9 et de la faim, des \u00e9carts entre riches et pauvres, ou du poids de la dette des pays en d\u00e9veloppement.<\/p>\n<blockquote><p>\u00ab\u00a0Sans r\u00e9formes fondamentales, les pays et les individus les plus riches vont continuer \u00e0 accumuler les richesses, ne laissant que des miettes aux communaut\u00e9s et aux pays du Sud\u00a0\u00bb.<\/p><\/blockquote>\n<p>Une inqui\u00e9tude \u00e0 laquelle ont fait \u00e9cho les repr\u00e9sentants des pays en d\u00e9veloppement, de l&rsquo;Afrique aux petits Etats insulaires.<\/p>\n<p>\u00ab\u00a0Les plus pauvres ne peuvent pas continuer de payer le prix fort au b\u00e9n\u00e9fice des plus nantis\u00a0\u00bb, a insist\u00e9 l&rsquo;ambassadeur cubain Pedro Luis Pedroso Cuesta, au nom du groupe G77+Chine, qui compte 134 pays en d\u00e9veloppement.<\/p>\n<p>Selon le Programme de l&rsquo;ONU pour le d\u00e9veloppement, avec la pand\u00e9mie, le monde est d\u00e9j\u00e0 revenu cinq ans en arri\u00e8re en termes de d\u00e9veloppement humain (sant\u00e9, \u00e9ducation, niveau de vie).<\/p>\n<p>Et \u00ab\u00a0les objectifs de d\u00e9veloppement (ODD) sont en train de dispara\u00eetre dans le r\u00e9troviseur\u00a0\u00bb, a d\u00e9plor\u00e9 Antonio Guterres, en r\u00e9f\u00e9rence aux 17 objectifs fix\u00e9s en 2015 pour parvenir en 2030 \u00e0 l&rsquo;\u00e9limination de la pauvret\u00e9, \u00e0 la s\u00e9curit\u00e9 alimentaire pour tous ou encore \u00e0 l&rsquo;acc\u00e8s \u00e0 une \u00e9nergie propre et abordable.<\/p>\n<p>\u00ab\u00a0Nous avons des opportunit\u00e9s de (les) sauver\u00a0\u00bb, a toutefois assur\u00e9 le secr\u00e9taire g\u00e9n\u00e9ral, qui organise en septembre \u00e0 New York un sommet sur ce th\u00e8me.<\/p>\n<p>La lutte contre le r\u00e9chauffement ainsi que l'\u00a0\u00bbambition climatique\u00a0\u00bb seront au coeur d&rsquo;un autre sommet \u00e9galement en septembre auquel il a invit\u00e9 les dirigeants du monde, \u00ab\u00a0sous condition\u00a0\u00bb.<\/p>\n<p>\u00ab\u00a0Montrez-nous une action qui s&rsquo;acc\u00e9l\u00e8re pour cette d\u00e9cennie et de nouveaux plans ambitieux de neutralit\u00e9 carbone ou, s&rsquo;il vous plait, ne venez pas\u00a0\u00bb, a-t-il lanc\u00e9.<\/p>\n<p>Il s&rsquo;est aussi attaqu\u00e9 une nouvelle fois au secteur des \u00e9nergies fossiles: \u00ab\u00a0Si vous ne pouvez pas planifier un chemin cr\u00e9dible vers la neutralit\u00e9 carbone, avec des objectifs pour 2025 et 2030 couvrant toutes vos op\u00e9rations, vous ne devriez pas \u00eatre en activit\u00e9\u00a0\u00bb.<\/p>\n","protected":false},"excerpt":{"rendered":"<p>Alors que les \u00ab\u00a0risques d&rsquo;escalade\u00a0\u00bb en Ukraine augmentent, le monde se dirige \u00ab\u00a0les yeux grands ouverts\u00a0\u00bb vers \u00ab\u00a0une guerre plus large\u00a0\u00bb, s&rsquo;est alarm\u00e9 le secr\u00e9taire g\u00e9n\u00e9ral de l&rsquo;ONU dans un discours particuli\u00e8rement sombre pr\u00e9sentant ses priorit\u00e9s pour 2023. Guerre en Ukraine, crise climatique, pauvret\u00e9 extr\u00eame&#8230; \u00ab\u00a0Nous avons commenc\u00e9 l&rsquo;ann\u00e9e 2023 avec dans notre ligne de [&hellip;]<\/p>\n","protected":false},"author":1,"featured_media":10866,"comment_status":"open","ping_status":"closed","sticky":false,"template":"","format":"standard","meta":{"footnotes":""},"categories":[30],"tags":[2627,2626],"class_list":["post-11554","post","type-post","status-publish","format-standard","has-post-thumbnail","hentry","category-actualite","tag-lhorloge-de-lapocalypse","tag-ukraine-une-guerre-plus-large"],"aioseo_notices":[],"_links":{"self":[{"href":"https:\/\/www.culturalusa.com\/news\/wp-json\/wp\/v2\/posts\/11554","targetHints":{"allow":["GET"]}}],"collection":[{"href":"https:\/\/www.culturalusa.com\/news\/wp-json\/wp\/v2\/posts"}],"about":[{"href":"https:\/\/www.culturalusa.com\/news\/wp-json\/wp\/v2\/types\/post"}],"author":[{"embeddable":true,"href":"https:\/\/www.culturalusa.com\/news\/wp-json\/wp\/v2\/users\/1"}],"replies":[{"embeddable":true,"href":"https:\/\/www.culturalusa.com\/news\/wp-json\/wp\/v2\/comments?post=11554"}],"version-history":[{"count":1,"href":"https:\/\/www.culturalusa.com\/news\/wp-json\/wp\/v2\/posts\/11554\/revisions"}],"predecessor-version":[{"id":11555,"href":"https:\/\/www.culturalusa.com\/news\/wp-json\/wp\/v2\/posts\/11554\/revisions\/11555"}],"wp:featuredmedia":[{"embeddable":true,"href":"https:\/\/www.culturalusa.com\/news\/wp-json\/wp\/v2\/media\/10866"}],"wp:attachment":[{"href":"https:\/\/www.culturalusa.com\/news\/wp-json\/wp\/v2\/media?parent=11554"}],"wp:term":[{"taxonomy":"category","embeddable":true,"href":"https:\/\/www.culturalusa.com\/news\/wp-json\/wp\/v2\/categories?post=11554"},{"taxonomy":"post_tag","embeddable":true,"href":"https:\/\/www.culturalusa.com\/news\/wp-json\/wp\/v2\/tags?post=11554"}],"curies":[{"name":"wp","href":"https:\/\/api.w.org\/{rel}","templated":true}]}}