{"id":11568,"date":"2023-02-13T23:21:28","date_gmt":"2023-02-13T22:21:28","guid":{"rendered":"https:\/\/www.culturalusa.com\/news\/?p=11568"},"modified":"2023-02-17T15:27:46","modified_gmt":"2023-02-17T14:27:46","slug":"la-pedocriminalite-dans-leglise-catolique-portugaise-a-fait-pres-de-5-000-victimes","status":"publish","type":"post","link":"https:\/\/www.culturalusa.com\/news\/portugal\/la-pedocriminalite-dans-leglise-catolique-portugaise-a-fait-pres-de-5-000-victimes\/","title":{"rendered":"La p\u00e9docriminalit\u00e9 dans l&rsquo;Eglise Catolique portugaise a fait pr\u00e8s de 5.000 victimes"},"content":{"rendered":"<h3>Au moins 4.815 mineurs ont \u00e9t\u00e9 victimes de <span style=\"color: #800000;\">violences sexuelles au sein de l&rsquo;Eglise catholique portugaise<\/span> depuis 1950, a conclu une commission ind\u00e9pendante, qui a entendu plus de 500 t\u00e9moignages l&rsquo;ann\u00e9e derni\u00e8re.<\/h3>\n<p>\u00ab\u00a0Ces t\u00e9moignages nous permettent d&rsquo;arriver \u00e0 un r\u00e9seau de victimes beaucoup plus important, calcul\u00e9 au nombre minimal de 4.815 victimes\u00a0\u00bb, a d\u00e9clar\u00e9 le coordinateur de cette commission d&rsquo;experts, le p\u00e9dopsychiatre Pedro Strecht.<\/p>\n<p>\u00ab\u00a0Le rapport publi\u00e9 aujourd&rsquo;hui exprime une r\u00e9alit\u00e9 dure et tragique. (Nous croyons toutefois que le changement est en marche\u00a0\u00bb, a r\u00e9agi le pr\u00e9sident de la Conf\u00e9rence \u00e9piscopale portugaise (CEP), l&rsquo;\u00e9v\u00eaque de Leiria-Fatima Jos\u00e9 Ornelas.<\/p>\n<p>\u00ab\u00a0Nous demandons pardon \u00e0 toutes les victimes\u00a0\u00bb, a-t-il affirm\u00e9, \u00e9voquant \u00ab\u00a0<span style=\"color: #800000;\"><strong>une plaie ouverte qui nous blesse et nous fait honte<\/strong><\/span>\u00ab\u00a0.<\/p>\n<p>Les \u00e9v\u00eaques portugais vont se r\u00e9unir le 3 mars pour tirer les conclusions du rapport ind\u00e9pendant et annoncer des \u00ab\u00a0mesures concr\u00e8tes\u00a0\u00bb pour \u00ab\u00a0emp\u00eacher la r\u00e9p\u00e9tition de n&rsquo;importe quel type de violences\u00a0\u00bb.<\/p>\n<p>Pendant deux heures, les membres de la commission d&rsquo;experts ont expos\u00e9, de fa\u00e7on parfois crue et d\u00e9taill\u00e9e, les enseignements tir\u00e9s des 512 t\u00e9moignages valid\u00e9s, mais aussi de leurs recherches dans les archives de l&rsquo;Eglise et de leurs entretiens avec ses plus haut responsables.<\/p>\n<h3>\u00a0R\u00e9cits \u00ab\u00a0familiers\u00a0\u00bb<\/h3>\n<p>\u00ab\u00a0Malheureusement, l&rsquo;ampleur des chiffres et des r\u00e9cits nous est tr\u00e8s famili\u00e8re car nous les avons d\u00e9j\u00e0 entendus aux quatre coins du monde\u00a0\u00bb, a comment\u00e9 le j\u00e9suite Hans Zollner, membre de la Commission pontificale pour la protection des mineurs et directeur de l&rsquo;Institut d&rsquo;Anthropologie pour la pr\u00e9vention des abus, bas\u00e9e \u00e0 Rome.<\/p>\n<p>Mais le travail de la commission ind\u00e9pendante portugaise est aussi \u00ab\u00a0le signe que l&rsquo;Eglise est capable d&rsquo;affronter cette blessure profonde, a-t-il ajout\u00e9 apr\u00e8s avoir assist\u00e9 \u00e0 la pr\u00e9sentation du rapport, \u00e0 Lisbonne.<\/p>\n<p>Confront\u00e9 aux milliers de cas de violences sexuelles par des pr\u00eatres mis au jour dans le monde et aux accusations de dissimulation par des membres du clerg\u00e9, le pape Fran\u00e7ois a promis en 2019 de livrer une \u00ab\u00a0bataille totale\u00a0\u00bb contre la p\u00e9dophilie au sein de l&rsquo;Eglise.<\/p>\n<p>Attendu dans la capitale portugaise pour les Journ\u00e9es mondiales de la jeunesse qui auront lieu d\u00e9but ao\u00fbt, le souverain pontife pourrait rencontrer des victimes, a indiqu\u00e9 r\u00e9cemment l&rsquo;\u00e9v\u00eaque auxiliaire de Lisbonne, Am\u00e9rico Aguiar, charg\u00e9 de l&rsquo;organisation de ce rendez-vous mondial des jeunes catholiques.<\/p>\n<p>Fin 2021, la hi\u00e9rarchie de l&rsquo;Eglise portugaise avait charg\u00e9 une commission d&rsquo;experts ind\u00e9pendants de prendre la mesure du ph\u00e9nom\u00e8ne de la p\u00e9docriminalit\u00e9, comme cela a \u00e9t\u00e9 d\u00e9j\u00e0 fait dans des pays comme l&rsquo;Allemagne ou la France.<\/p>\n<h3>\u00a0\u00ab\u00a0Difficile de parler\u00a0\u00bb<\/h3>\n<p>\u00ab\u00a0La majorit\u00e9 des personnes que nous avons entendues consid\u00e8rent qu&rsquo;il n&rsquo;y a pas de r\u00e9paration possible. Mais elles attendent une demande d&rsquo;excuses de la part de leur agresseur ou de l&rsquo;Eglise en tant qu&rsquo;institution\u00a0\u00bb, a expliqu\u00e9 le coordinateur de la commission.<\/p>\n<p>La quasi totalit\u00e9 des crimes d\u00e9nonc\u00e9s \u00e0 la commission ind\u00e9pendante est d\u00e9j\u00e0 prescrite, mais vingt-cinq t\u00e9moignages ont \u00e9t\u00e9 transmis au minist\u00e8re public, a pr\u00e9cis\u00e9 Pedro Strecht.<\/p>\n<p>Parmi ces rares cas figure celui d&rsquo;Alexandra, deuxi\u00e8me pr\u00e9nom d&rsquo;une femme de 43 ans souhaitant rester anonyme, viol\u00e9e par un cur\u00e9 pendant la confession quand elle \u00e9tait une novice de 17 ans se pr\u00e9parant \u00e0 une vie de religieuse.<\/p>\n<p>\u00ab\u00a0C&rsquo;est tr\u00e8s difficile de parler du sujet au Portugal\u00a0\u00bb, o\u00f9 80% de la population se d\u00e9finit comme catholique, a t\u00e9moign\u00e9 la semaine derni\u00e8re \u00e0 l&rsquo;AFP cette m\u00e8re de famille.<\/p>\n<p>\u00ab\u00a0Cela faisait de longues ann\u00e9es que je gardais ce secret mais je sentais que cela devenait de plus en plus difficile de g\u00e9rer \u00e7a toute seule\u00a0\u00bb, a-t-elle racont\u00e9 lors d&rsquo;un entretien t\u00e9l\u00e9phonique.<\/p>\n<p>Attendant de conna\u00eetre les mesures que prendront les \u00e9v\u00eaques avec un m\u00e9lange d&rsquo;espoir et de scepticisme, Alexandra estime que le travail de la commission ind\u00e9pendante a repr\u00e9sent\u00e9 \u00ab\u00a0un bon d\u00e9but\u00a0\u00bb pour ceux qui cherchent \u00e0 \u00ab\u00a0briser le mur\u00a0\u00bb de silence qui les a longtemps entour\u00e9s. (AFP)<\/p>\n<p><span style=\"color: #800000;\"><strong>Savoir Plus :<\/strong><\/span><\/p>\n<h2><a href=\"https:\/\/www.etude-bible.org\/etudier-la-bible\/quest-ce-que-la-vraie-religion-que-dit-la-bible\/\">Quelle est la vraie religion selon la Bible ?<\/a><\/h2>\n","protected":false},"excerpt":{"rendered":"<p>Au moins 4.815 mineurs ont \u00e9t\u00e9 victimes de violences sexuelles au sein de l&rsquo;Eglise catholique portugaise depuis 1950, a conclu une commission ind\u00e9pendante, qui a entendu plus de 500 t\u00e9moignages l&rsquo;ann\u00e9e derni\u00e8re. \u00ab\u00a0Ces t\u00e9moignages nous permettent d&rsquo;arriver \u00e0 un r\u00e9seau de victimes beaucoup plus important, calcul\u00e9 au nombre minimal de 4.815 victimes\u00a0\u00bb, a d\u00e9clar\u00e9 le [&hellip;]<\/p>\n","protected":false},"author":1,"featured_media":11569,"comment_status":"open","ping_status":"closed","sticky":false,"template":"","format":"standard","meta":{"footnotes":""},"categories":[3],"tags":[2636,321],"class_list":["post-11568","post","type-post","status-publish","format-standard","has-post-thumbnail","hentry","category-portugal","tag-pedocriminalite-dans-leglise-catolique","tag-portugal"],"aioseo_notices":[],"_links":{"self":[{"href":"https:\/\/www.culturalusa.com\/news\/wp-json\/wp\/v2\/posts\/11568","targetHints":{"allow":["GET"]}}],"collection":[{"href":"https:\/\/www.culturalusa.com\/news\/wp-json\/wp\/v2\/posts"}],"about":[{"href":"https:\/\/www.culturalusa.com\/news\/wp-json\/wp\/v2\/types\/post"}],"author":[{"embeddable":true,"href":"https:\/\/www.culturalusa.com\/news\/wp-json\/wp\/v2\/users\/1"}],"replies":[{"embeddable":true,"href":"https:\/\/www.culturalusa.com\/news\/wp-json\/wp\/v2\/comments?post=11568"}],"version-history":[{"count":3,"href":"https:\/\/www.culturalusa.com\/news\/wp-json\/wp\/v2\/posts\/11568\/revisions"}],"predecessor-version":[{"id":11576,"href":"https:\/\/www.culturalusa.com\/news\/wp-json\/wp\/v2\/posts\/11568\/revisions\/11576"}],"wp:featuredmedia":[{"embeddable":true,"href":"https:\/\/www.culturalusa.com\/news\/wp-json\/wp\/v2\/media\/11569"}],"wp:attachment":[{"href":"https:\/\/www.culturalusa.com\/news\/wp-json\/wp\/v2\/media?parent=11568"}],"wp:term":[{"taxonomy":"category","embeddable":true,"href":"https:\/\/www.culturalusa.com\/news\/wp-json\/wp\/v2\/categories?post=11568"},{"taxonomy":"post_tag","embeddable":true,"href":"https:\/\/www.culturalusa.com\/news\/wp-json\/wp\/v2\/tags?post=11568"}],"curies":[{"name":"wp","href":"https:\/\/api.w.org\/{rel}","templated":true}]}}