{"id":11571,"date":"2023-02-15T18:02:14","date_gmt":"2023-02-15T17:02:14","guid":{"rendered":"https:\/\/www.culturalusa.com\/news\/?p=11571"},"modified":"2023-02-15T18:02:14","modified_gmt":"2023-02-15T17:02:14","slug":"climat-le-conseil-economique-et-social-veut-remettre-sur-la-table-prix-du-carbone","status":"publish","type":"post","link":"https:\/\/www.culturalusa.com\/news\/technologie\/climat-le-conseil-economique-et-social-veut-remettre-sur-la-table-prix-du-carbone\/","title":{"rendered":"Climat: le Conseil \u00e9conomique et social veut remettre sur la table \u00ab\u00a0prix du carbone\u00a0\u00bb"},"content":{"rendered":"<h2>La France a besoin de financements importants pour sa <span style=\"color: #800000;\">strat\u00e9gie climatique<\/span> et devra notamment \u00ab\u00a0reprendre une trajectoire cr\u00e9dible de prix du carbone\u00a0\u00bb, pr\u00f4ne le Conseil \u00e9conomique et social (Cese) dans un projet d&rsquo;avis soumis au vote.<\/h2>\n<p>Le pays aura besoin de quelque 70 milliards d&rsquo;euros d&rsquo;investissements climat suppl\u00e9mentaires par an d&rsquo;ici 2030, selon cet organe consultatif de la soci\u00e9t\u00e9 civile, qui reprend un chiffrage de France Strat\u00e9gie.<\/p>\n<p>Ces sommes doivent permettre de r\u00e9duire les \u00e9missions de gaz \u00e0 effet de serre des principaux secteurs \u00e9metteurs, avec par exemple la r\u00e9novation thermique des b\u00e2timents, le d\u00e9veloppement du ferroviaire ou l&rsquo;\u00e9lectrification des v\u00e9hicules.<\/p>\n<h3>Le CESE formule 15 propositions pour financer la strat\u00e9gie fran\u00e7aise pour l&rsquo;\u00e9conomie et le climat (SFEC) par laquelle le pays veut atteindre la neutralit\u00e9 carbone d&rsquo;ici 2050.<\/h3>\n<p>Il pr\u00e9conise notamment de \u00ab\u00a0redonner une trajectoire cr\u00e9dible\u00a0\u00bb et \u00ab\u00a0lisible\u00a0\u00bb au prix du carbone en France. Le sujet est sensible car le mouvement des gilets jaunes avait conduit \u00e0 geler la hausse de la composante carbone de la fiscalit\u00e9 des combustibles fossiles.<\/p>\n<p>\u00ab\u00a0C&rsquo;est compliqu\u00e9 politiquement. Notre proposition n&rsquo;est pas le retour d&rsquo;une taxe carbone demain mais de remettre ce sujet sur la table pour que \u00e7a puisse \u00e0 moyen terme faire partie du mix d&rsquo;outils disponibles\u00a0\u00bb, explique \u00e0 l&rsquo;AFP la rapporteure de l&rsquo;avis Julia Grimault, qui repr\u00e9sente l&rsquo;Institut de l&rsquo;\u00e9conomie pour le climat (I4CE) au CESE.<\/p>\n<p>Cela doit s&rsquo;accompagner de \u00ab\u00a0mesures d&rsquo;accompagnement pour assurer l&rsquo;accessibilit\u00e9 des m\u00e9nages et TPE aux alternatives d\u00e9carbon\u00e9es\u00a0\u00bb, insiste le texte.<\/p>\n<blockquote><p>Le but est de \u00ab\u00a0sortir de la d\u00e9pendance aux fossiles\u00a0\u00bb, souligne Julia Grimault: \u00ab\u00a0le but premier n&rsquo;est pas de faire une ressource fiscale suppl\u00e9mentaire mais de donner un signal-prix\u00a0\u00bb.<\/p><\/blockquote>\n<p>Autre id\u00e9e: renforcer les investissements pour le climat au niveau europ\u00e9en, en les sortant si n\u00e9cessaire des r\u00e8gles suppos\u00e9ment contraignantes de Maastricht sur la dette, et avec un emprunt commun.<\/p>\n<p>La Banque centrale europ\u00e9enne (BCE) pourrait pour sa part \u00ab\u00a0proposer des taux d&rsquo;int\u00e9r\u00eats diff\u00e9renci\u00e9s pour les projets favorables \u00e0 la transition\u00a0\u00bb, avance Julia Grimault.<\/p>\n<p>L&rsquo;avis sugg\u00e8re encore de \u00ab\u00a0mettre en place une obligation de financement sur seuls fonds propres pour les nouveaux investissements fossiles\u00a0\u00bb. Cette obligation pesant sur les banques, accroissant les risques qu&rsquo;elles prennent, doit les inciter \u00e0 ne plus investir dans de nouveaux projets fossiles.<\/p>\n<p>Enfin, le CESE recommande une programmation des finances publiques pour la transition \u00e9cologique pluriannuelle, adoss\u00e9e aux feuilles de route sur l&rsquo;\u00e9nergie et le climat.<\/p>\n","protected":false},"excerpt":{"rendered":"<p>La France a besoin de financements importants pour sa strat\u00e9gie climatique et devra notamment \u00ab\u00a0reprendre une trajectoire cr\u00e9dible de prix du carbone\u00a0\u00bb, pr\u00f4ne le Conseil \u00e9conomique et social (Cese) dans un projet d&rsquo;avis soumis au vote. Le pays aura besoin de quelque 70 milliards d&rsquo;euros d&rsquo;investissements climat suppl\u00e9mentaires par an d&rsquo;ici 2030, selon cet organe [&hellip;]<\/p>\n","protected":false},"author":1,"featured_media":1749,"comment_status":"open","ping_status":"closed","sticky":false,"template":"","format":"standard","meta":{"footnotes":""},"categories":[6],"tags":[208,2639,2638,2637],"class_list":["post-11571","post","type-post","status-publish","format-standard","has-post-thumbnail","hentry","category-technologie","tag-climat","tag-conseil-economique-et-social","tag-prix-du-carbone","tag-strategie-climatique"],"aioseo_notices":[],"_links":{"self":[{"href":"https:\/\/www.culturalusa.com\/news\/wp-json\/wp\/v2\/posts\/11571","targetHints":{"allow":["GET"]}}],"collection":[{"href":"https:\/\/www.culturalusa.com\/news\/wp-json\/wp\/v2\/posts"}],"about":[{"href":"https:\/\/www.culturalusa.com\/news\/wp-json\/wp\/v2\/types\/post"}],"author":[{"embeddable":true,"href":"https:\/\/www.culturalusa.com\/news\/wp-json\/wp\/v2\/users\/1"}],"replies":[{"embeddable":true,"href":"https:\/\/www.culturalusa.com\/news\/wp-json\/wp\/v2\/comments?post=11571"}],"version-history":[{"count":1,"href":"https:\/\/www.culturalusa.com\/news\/wp-json\/wp\/v2\/posts\/11571\/revisions"}],"predecessor-version":[{"id":11572,"href":"https:\/\/www.culturalusa.com\/news\/wp-json\/wp\/v2\/posts\/11571\/revisions\/11572"}],"wp:featuredmedia":[{"embeddable":true,"href":"https:\/\/www.culturalusa.com\/news\/wp-json\/wp\/v2\/media\/1749"}],"wp:attachment":[{"href":"https:\/\/www.culturalusa.com\/news\/wp-json\/wp\/v2\/media?parent=11571"}],"wp:term":[{"taxonomy":"category","embeddable":true,"href":"https:\/\/www.culturalusa.com\/news\/wp-json\/wp\/v2\/categories?post=11571"},{"taxonomy":"post_tag","embeddable":true,"href":"https:\/\/www.culturalusa.com\/news\/wp-json\/wp\/v2\/tags?post=11571"}],"curies":[{"name":"wp","href":"https:\/\/api.w.org\/{rel}","templated":true}]}}