{"id":11587,"date":"2023-02-24T15:43:25","date_gmt":"2023-02-24T14:43:25","guid":{"rendered":"https:\/\/www.culturalusa.com\/news\/?p=11587"},"modified":"2023-02-24T15:45:13","modified_gmt":"2023-02-24T14:45:13","slug":"vaccins-les-autorites-sanitaires-recommandent-de-revacciner-contre-le-covid-cette-annee","status":"publish","type":"post","link":"https:\/\/www.culturalusa.com\/news\/bien-etre-sante\/vaccins-les-autorites-sanitaires-recommandent-de-revacciner-contre-le-covid-cette-annee\/","title":{"rendered":"Vaccins: les autorit\u00e9s sanitaires recommandent de revacciner contre le covid cette ann\u00e9e"},"content":{"rendered":"<h2>Les autorit\u00e9s sanitaires fran\u00e7aises ont recommand\u00e9 de revacciner d\u00e8s le printemps les personnes les plus \u00e0 risque de Covid grave, puis de mener \u00e0 l&rsquo;automne une campagne plus large sans toutefois qu&rsquo;elle soit \u00e9tendue \u00e0 toute la population.<\/h2>\n<p>La Haute autorit\u00e9 de sant\u00e9 (HAS) \u00ab\u00a0recommande que les personnes \u00e2g\u00e9es de 80 ans et plus, les personnes immunod\u00e9prim\u00e9es et les personnes \u00e0 tr\u00e8s haut risque de la maladie puissent b\u00e9n\u00e9ficier d&rsquo;un rappel suppl\u00e9mentaire d\u00e8s le printemps\u00a0\u00bb, a-t-elle d\u00e9taill\u00e9 dans un communiqu\u00e9.<\/p>\n<p>Cette nouvelle dose doit toutefois attendre au moins six mois apr\u00e8s la derni\u00e8re vaccination ou la derni\u00e8re infection en date.<\/p>\n<p>La HAS, dont les avis sont g\u00e9n\u00e9ralement suivis par le gouvernement, recommande ensuite une campagne \u00e0 l&rsquo;automne, cette fois cibl\u00e9e plus largement sur l&rsquo;ensemble des personnes \u00e0 risque.<\/p>\n<p>Cela inclut \u00ab\u00a0les personnes atteintes de certaines comorbidit\u00e9s\u00a0\u00bb, comme le diab\u00e8te ou l&rsquo;ob\u00e9sit\u00e9, \u00ab\u00a0quel que soit leur \u00e2ge, les personnes \u00e2g\u00e9es de 65 ans et plus ainsi que les femmes enceintes\u00a0\u00bb, a pr\u00e9cis\u00e9 l&rsquo;autorit\u00e9, incluant aussi l&rsquo;entourage de ces personnes.<\/p>\n<p>Ces recommandations interviennent alors qu&rsquo;une \u00e9tude fran\u00e7aise vient de pr\u00e9ciser l&rsquo;efficacit\u00e9 des doses de rappel: celles-ci apparaissent utiles pour renforcer la protection contre les formes graves, mais cet effet dure peu dans le temps.<\/p>\n<p>Il importe donc de bien choisir le moment de cette vaccination de rappel, m\u00eame si cette d\u00e9cision est rendue complexe par la fr\u00e9quence importante des vagues de Covid, bien moins pr\u00e9visibles que le retour annuel de la grippe.<\/p>\n<p>La HAS recommande toutefois de coupler a priori la campagne anti-Covid d&rsquo;automne \u00e0 celle de vaccination contre la grippe saisonni\u00e8re. Elle souligne que l&rsquo;organisation serait ainsi plus facile et l&rsquo;\u00e9cho plus grand.<\/p>\n<p>Mais \u00ab\u00a0il ne faut pas exclure la possibilit\u00e9 de mettre en place \u00e0 tout moment une campagne de vaccination si la situation \u00e9pid\u00e9miologique le justifie, en particulier pour les personnes immunod\u00e9prim\u00e9es et\/ou vuln\u00e9rables\u00a0\u00bb, pr\u00e9vient-elle.<\/p>\n<p>En cas d&rsquo;\u00e9mergence d&rsquo;un variant plus dangereux ou contagieux, il serait m\u00eame envisageable d&rsquo;\u00e9tendre cette campagne \u00e0 toute la population, selon la HAS.<\/p>\n","protected":false},"excerpt":{"rendered":"<p>Les autorit\u00e9s sanitaires fran\u00e7aises ont recommand\u00e9 de revacciner d\u00e8s le printemps les personnes les plus \u00e0 risque de Covid grave, puis de mener \u00e0 l&rsquo;automne une campagne plus large sans toutefois qu&rsquo;elle soit \u00e9tendue \u00e0 toute la population. La Haute autorit\u00e9 de sant\u00e9 (HAS) \u00ab\u00a0recommande que les personnes \u00e2g\u00e9es de 80 ans et plus, les [&hellip;]<\/p>\n","protected":false},"author":1,"featured_media":8670,"comment_status":"open","ping_status":"closed","sticky":false,"template":"","format":"standard","meta":{"footnotes":""},"categories":[2209],"tags":[2648,2647,1430],"class_list":["post-11587","post","type-post","status-publish","format-standard","has-post-thumbnail","hentry","category-bien-etre-sante","tag-autorites-sanitaires","tag-revacciner-contre-le-covid","tag-vaccins"],"aioseo_notices":[],"_links":{"self":[{"href":"https:\/\/www.culturalusa.com\/news\/wp-json\/wp\/v2\/posts\/11587","targetHints":{"allow":["GET"]}}],"collection":[{"href":"https:\/\/www.culturalusa.com\/news\/wp-json\/wp\/v2\/posts"}],"about":[{"href":"https:\/\/www.culturalusa.com\/news\/wp-json\/wp\/v2\/types\/post"}],"author":[{"embeddable":true,"href":"https:\/\/www.culturalusa.com\/news\/wp-json\/wp\/v2\/users\/1"}],"replies":[{"embeddable":true,"href":"https:\/\/www.culturalusa.com\/news\/wp-json\/wp\/v2\/comments?post=11587"}],"version-history":[{"count":1,"href":"https:\/\/www.culturalusa.com\/news\/wp-json\/wp\/v2\/posts\/11587\/revisions"}],"predecessor-version":[{"id":11588,"href":"https:\/\/www.culturalusa.com\/news\/wp-json\/wp\/v2\/posts\/11587\/revisions\/11588"}],"wp:featuredmedia":[{"embeddable":true,"href":"https:\/\/www.culturalusa.com\/news\/wp-json\/wp\/v2\/media\/8670"}],"wp:attachment":[{"href":"https:\/\/www.culturalusa.com\/news\/wp-json\/wp\/v2\/media?parent=11587"}],"wp:term":[{"taxonomy":"category","embeddable":true,"href":"https:\/\/www.culturalusa.com\/news\/wp-json\/wp\/v2\/categories?post=11587"},{"taxonomy":"post_tag","embeddable":true,"href":"https:\/\/www.culturalusa.com\/news\/wp-json\/wp\/v2\/tags?post=11587"}],"curies":[{"name":"wp","href":"https:\/\/api.w.org\/{rel}","templated":true}]}}