{"id":11641,"date":"2023-03-22T17:48:38","date_gmt":"2023-03-22T16:48:38","guid":{"rendered":"https:\/\/www.culturalusa.com\/news\/?p=11641"},"modified":"2023-03-22T17:55:43","modified_gmt":"2023-03-22T16:55:43","slug":"interview-de-macron-sur-la-reforme-des-retraites-voici-ce-quil-faut-retenir","status":"publish","type":"post","link":"https:\/\/www.culturalusa.com\/news\/actualite\/interview-de-macron-sur-la-reforme-des-retraites-voici-ce-quil-faut-retenir\/","title":{"rendered":"Interview de Macron sur la R\u00e9forme des retraites, voici ce qu\u2019il faut retenir"},"content":{"rendered":"<h2>Le chef de l&rsquo;\u00c9tat prenait la parole pour l&rsquo;adoption de sa r\u00e9forme des retraites par 49.3 \u00e0 l&rsquo;Assembl\u00e9e nationale, dans les 13 Heures de TF1 et de France 2. Les manifestations parfois \u00e9maill\u00e9es de violences se r\u00e9p\u00e8tent chaque soir depuis jeudi et \u00e0 la veille d&rsquo;une nouvelle journ\u00e9e de mobilisation, le locataire de l&rsquo;\u00c9lys\u00e9e a r\u00e9affirm\u00e9 que la <span style=\"color: #800000;\">\u00ab\u00a0r\u00e9forme \u00e9tait n\u00e9cessaire\u00a0\u00bb et ne serait pas retir\u00e9e<\/span>.<\/h2>\n<p>Il fallait d&rsquo;urgence apaiser, dans un climat social au bord de l&rsquo;explosion et apr\u00e8s des propos tenus mardi devant des d\u00e9put\u00e9s de la majorit\u00e9 qui ont plut\u00f4t particip\u00e9 \u00e0 mettre de l&rsquo;huile sur le feu. Emmanuel Macron a r\u00e9pondu point par point sans conc\u00e9der d&rsquo;erreur, pr\u00e9f\u00e9rant se projeter dans la suite de son quinquennat. Ce qu&rsquo;il faut retenir de l&rsquo;entretien.<\/p>\n<h3>La r\u00e9forme des retraites sera appliqu\u00e9e<\/h3>\n<p>Le texte \u00ab va poursuivre son chemin d\u00e9mocratique \u00bb, a r\u00e9affirm\u00e9 le chef de l&rsquo;\u00c9tat, alors qu&rsquo;une nouvelle journ\u00e9e de mobilisation aura lieu ce jeudi 23 mars. Et d&rsquo;\u00e9voquer \u00e0 nouveau la \u00ab concertation au Parlement \u00bb et les \u00ab 175 heures de d\u00e9bat \u00bb autour de ce texte, qui n&rsquo;a pourtant jamais \u00e9t\u00e9 soumis au vote \u00e0 l&rsquo;Assembl\u00e9e nationale, \u00c9lisabeth Borne ayant utilis\u00e9 le 49.3 pour le faire adopter. Le pr\u00e9sident rappelle que la motion de censure, qui aurait pu renverser le gouvernement et conduire au rejet du texte, \u00ab a \u00e9chou\u00e9 \u00bb.<\/p>\n<p>Emmanuel Macron tient, malgr\u00e9 la contestation, \u00e0 promulguer le texte d&rsquo;ici \u00e0 la fin de l&rsquo;ann\u00e9e \u2013 la date du 1er septembre est celle pr\u00e9vue par la r\u00e9forme \u2013 sous r\u00e9serve de la d\u00e9cision du Conseil constitutionnel. Il a r\u00e9affirm\u00e9 que la r\u00e9forme \u00e9tait \u00ab n\u00e9cessaire \u00bb et que \u00e7a ne lui faisait \u00ab pas plaisir \u00bb de la porter. \u00ab Mais il n&rsquo;y a pas 36 solutions si l&rsquo;on veut que le r\u00e9gime soit \u00e9quilibr\u00e9. [\u2026] S&rsquo;il faut endosser l&rsquo;impopularit\u00e9, je l&rsquo;endosserai. \u00bb<\/p>\n<h3>\u00c9lisabeth Borne garde la confiance du pr\u00e9sident<\/h3>\n<p>\u00ab [La Premi\u00e8re ministre] a ma confiance pour conduire cette \u00e9quipe gouvernementale \u00bb, a affirm\u00e9 Emmanuel Macron. \u00ab Elle a souhait\u00e9 engager la responsabilit\u00e9 de son gouvernement, c&rsquo;est un geste tr\u00e8s solennel. Elle a pris ses responsabilit\u00e9s. \u00bb<\/p>\n<p>L&rsquo;\u00c9lys\u00e9e avait d\u00e9j\u00e0 fait savoir que le pr\u00e9sident n&rsquo;envisageait ni remaniement ni dissolution apr\u00e8s la motion de censure rejet\u00e9e \u00e0 neuf voix pr\u00e8s. \u00ab Il a \u00e9t\u00e9 montr\u00e9 qu&rsquo;il n&rsquo;y avait pas de majorit\u00e9 alternative \u00bb, a martel\u00e9 le chef de l&rsquo;\u00c9tat, qui a donn\u00e9 mandat \u00e0 \u00c9lisabeth Borne pour \u00ab \u00e9largir cette majorit\u00e9 autant qu&rsquo;elle le pourrait \u00bb, \u00e0 droite comme \u00e0 gauche et \u00ab du c\u00f4t\u00e9 de l&rsquo;\u00e9cologie \u00bb. Une majorit\u00e9 \u00e0 construire \u00ab texte par texte \u00bb, avec \u00ab des individualit\u00e9s \u00bb et pas des partis, qu&rsquo;il avait d\u00e9j\u00e0 pr\u00f4n\u00e9e au d\u00e9but de son second quinquennat. \u00ab Lucide \u00bb, Emmanuel Macron reconna\u00eet que cela \u00ab n&rsquo;a pas \u00e9t\u00e9 fait \u00bb jusqu&rsquo;\u00e0 pr\u00e9sent.<\/p>\n<h3>Le pr\u00e9sident assume ses propos sur l&rsquo;ill\u00e9gitimit\u00e9 de \u00ab la foule \u00bb<\/h3>\n<p>Interrog\u00e9 sur ses propos pol\u00e9miques tenus mardi soir \u2013 \u00ab la foule n&rsquo;a pas de l\u00e9gitimit\u00e9 face au peuple qui s&rsquo;exprime souverain \u00e0 travers ses \u00e9lus \u00bb \u2013, Emmanuel Macron a rappel\u00e9 avoir \u00ab dit \u00e7a devant des parlementaires qui ont subi des agressions inacceptables \u00bb. \u00ab Quand des groupes essaient d&rsquo;utiliser l&rsquo;extr\u00eame violence pour agresser des \u00e9lus de la R\u00e9publique [\u2026] parce qu&rsquo;ils ne sont pas contents de quelque chose, alors ce n&rsquo;est plus la R\u00e9publique \u00bb, estime-t-il, assumant des \u00ab propos qui clarifient \u00bb.<\/p>\n<p>Si le pr\u00e9sident veut \u00ab condamner \u00bb les violences et \u00ab lever \u00bb les blocages, il a assur\u00e9 \u00ab respecter \u00bb la l\u00e9gitimit\u00e9 des syndicats et des manifestations. Tout en glissant que \u00ab ces contestations, \u00e0 chaque r\u00e9forme des retraites, nous les avons \u00bb.<\/p>\n<h3>Un tacle aux oppositions et aux syndicats<\/h3>\n<p>Conc\u00e9dant une r\u00e9forme \u00ab tr\u00e8s difficile \u00bb \u00e0 mener, le chef de l&rsquo;\u00c9tat a raill\u00e9 les oppositions qui ne proposeraient rien \u00ab \u00e0 part retirer la r\u00e9forme \u00bb. \u00ab On n&rsquo;est pas concurrenc\u00e9s sur le sens des responsabilit\u00e9s. \u00bb Et de tacler ensuite les syndicats, visant notamment Laurent Berger, qui a refus\u00e9 le report de l&rsquo;\u00e2ge de d\u00e9part \u00e0 64 ans : \u00ab Je regrette qu&rsquo;aucune force syndicale n&rsquo;ait propos\u00e9 de compromis. \u00bb<\/p>\n<h3>Une n\u00e9cessit\u00e9 de r\u00e9former le travail<\/h3>\n<p>Emmanuel Macron estime que la col\u00e8re qui s&rsquo;exprime dans la rue ces derniers jours ne vise pas seulement la r\u00e9forme des retraites, mais qu&rsquo;elle est une \u00ab protestation sur le travail \u00bb et recouvre \u00ab un sentiment d&rsquo;injustice \u00bb. Reconnaissant demander \u00ab des efforts \u00bb avec la r\u00e9forme, il souhaite s&rsquo;attaquer au rapport au travail, boulevers\u00e9 selon lui depuis la pand\u00e9mie de Covid-19.<\/p>\n<p>Il dit vouloir engager avec les partenaires sociaux des discussions sur l&rsquo;usure professionnelle et la reconversion de fin de carri\u00e8re. Le gouvernement va \u00e9galement travailler sur un m\u00e9canisme visant les entreprises qui font beaucoup de profits en cette p\u00e9riode pour qu&rsquo;elles \u00ab distribuent davantage \u00e0 leurs salari\u00e9s \u00bb et participent \u00e0 l&rsquo;effort collectif. Le chef de l&rsquo;\u00c9tat veut \u00e9galement ouvrir le chantier des minimums salariaux de branche.<\/p>\n<h3>La loi immigration report\u00e9e et scind\u00e9e<\/h3>\n<p>Le pr\u00e9sident a dit vouloir \u00ab moins de textes de loi \u00bb, qui seraient par ailleurs \u00ab plus courts et plus clairs \u00bb. Le projet de loi immigration, qui devait arriver dans les prochains jours au S\u00e9nat, est report\u00e9 aux \u00ab prochaines semaines \u00bb et fera finalement l&rsquo;objet de plusieurs textes.<\/p>\n<h3>Un quinquennat \u00e0 r\u00e9inventer<\/h3>\n<p>Le locataire de l&rsquo;\u00c9lys\u00e9e a esquiss\u00e9 la suite de son mandat, indiquant viser le plein-emploi et une industrie d\u00e9carbon\u00e9e, vouloir mettre plus de gendarmes et de juges\u2026 Sans compter les \u00ab progr\u00e8s pour mieux vivre \u00bb, \u00e0 l&rsquo;\u00e9cole, contre les d\u00e9serts m\u00e9dicaux, en mati\u00e8re d&rsquo;\u00e9cologie. Un plan eau sera pr\u00e9sent\u00e9 dans les prochaines semaines : \u00ab On doit gagner la bataille pour la sobri\u00e9t\u00e9 en mati\u00e8re d&rsquo;eau [et] tous faire une petite part d&rsquo;effort. \u00bb<\/p>\n<p>\u00ab Nous n&rsquo;avons pas droit \u00e0 l&rsquo;immobilisme \u00bb, a martel\u00e9 Emmanuel Macron. Un changement de m\u00e9thode pour la suite du quinquennat ? \u00ab On doit apaiser, reb\u00e2tir un agenda parlementaire et des r\u00e9formes. \u00bb Et de saluer les textes d\u00e9j\u00e0 vot\u00e9s depuis avril dernier malgr\u00e9 la majorit\u00e9 relative \u00e0 l&rsquo;Assembl\u00e9e, signe que la \u00ab coconstruction \u00bb fonctionnerait d\u00e9j\u00e0. Le pr\u00e9sident ne conc\u00e8de qu&rsquo;un seul regret, \u00ab celui de ne pas avoir r\u00e9ussi \u00e0 convaincre \u00bb du bien-fond\u00e9 de la r\u00e9forme. Il souhaite que son gouvernement soit \u00ab plus engag\u00e9 sur le terrain \u00bb.<\/p>\n","protected":false},"excerpt":{"rendered":"<p>Le chef de l&rsquo;\u00c9tat prenait la parole pour l&rsquo;adoption de sa r\u00e9forme des retraites par 49.3 \u00e0 l&rsquo;Assembl\u00e9e nationale, dans les 13 Heures de TF1 et de France 2. Les manifestations parfois \u00e9maill\u00e9es de violences se r\u00e9p\u00e8tent chaque soir depuis jeudi et \u00e0 la veille d&rsquo;une nouvelle journ\u00e9e de mobilisation, le locataire de l&rsquo;\u00c9lys\u00e9e a [&hellip;]<\/p>\n","protected":false},"author":1,"featured_media":11642,"comment_status":"open","ping_status":"closed","sticky":false,"template":"","format":"standard","meta":{"footnotes":""},"categories":[30],"tags":[2688,2689,1055],"class_list":["post-11641","post","type-post","status-publish","format-standard","has-post-thumbnail","hentry","category-actualite","tag-interview-de-macron","tag-la-reforme-est-necessaire","tag-reforme-des-retraites"],"aioseo_notices":[],"_links":{"self":[{"href":"https:\/\/www.culturalusa.com\/news\/wp-json\/wp\/v2\/posts\/11641","targetHints":{"allow":["GET"]}}],"collection":[{"href":"https:\/\/www.culturalusa.com\/news\/wp-json\/wp\/v2\/posts"}],"about":[{"href":"https:\/\/www.culturalusa.com\/news\/wp-json\/wp\/v2\/types\/post"}],"author":[{"embeddable":true,"href":"https:\/\/www.culturalusa.com\/news\/wp-json\/wp\/v2\/users\/1"}],"replies":[{"embeddable":true,"href":"https:\/\/www.culturalusa.com\/news\/wp-json\/wp\/v2\/comments?post=11641"}],"version-history":[{"count":3,"href":"https:\/\/www.culturalusa.com\/news\/wp-json\/wp\/v2\/posts\/11641\/revisions"}],"predecessor-version":[{"id":11645,"href":"https:\/\/www.culturalusa.com\/news\/wp-json\/wp\/v2\/posts\/11641\/revisions\/11645"}],"wp:featuredmedia":[{"embeddable":true,"href":"https:\/\/www.culturalusa.com\/news\/wp-json\/wp\/v2\/media\/11642"}],"wp:attachment":[{"href":"https:\/\/www.culturalusa.com\/news\/wp-json\/wp\/v2\/media?parent=11641"}],"wp:term":[{"taxonomy":"category","embeddable":true,"href":"https:\/\/www.culturalusa.com\/news\/wp-json\/wp\/v2\/categories?post=11641"},{"taxonomy":"post_tag","embeddable":true,"href":"https:\/\/www.culturalusa.com\/news\/wp-json\/wp\/v2\/tags?post=11641"}],"curies":[{"name":"wp","href":"https:\/\/api.w.org\/{rel}","templated":true}]}}