{"id":11654,"date":"2023-03-30T17:35:16","date_gmt":"2023-03-30T15:35:16","guid":{"rendered":"https:\/\/www.culturalusa.com\/news\/?p=11654"},"modified":"2023-03-30T17:36:33","modified_gmt":"2023-03-30T15:36:33","slug":"covid-les-indicateurs-remontent-mais-le-suivi-est-plus-difficile","status":"publish","type":"post","link":"https:\/\/www.culturalusa.com\/news\/actualite\/covid-les-indicateurs-remontent-mais-le-suivi-est-plus-difficile\/","title":{"rendered":"Covid : les indicateurs remontent mais le suivi est plus difficile"},"content":{"rendered":"<h2>Le Covid-19 est reparti \u00e0 la hausse depuis le d\u00e9but du mois de mars sans impact n\u00e9gatif sur les hospitalisations, mais le suivi de l&rsquo;\u00e9pid\u00e9mie est devenu plus difficile avec les changements de politique sur les tests.<\/h2>\n<p>La semaine derni\u00e8re, les taux d&rsquo;incidence et de positivit\u00e9 \u00ab\u00a0continuaient \u00e0 augmenter, tout en restant \u00e0 des niveaux bas\u00a0\u00bb, selon le dernier bilan de Sant\u00e9 publique France.<\/p>\n<blockquote><p>Le taux de positivit\u00e9 des tests a ainsi atteint 16,6% contre 14% la semaine pr\u00e9c\u00e9dente.<\/p><\/blockquote>\n<p><strong>Sant\u00e9 publique<\/strong> France faisait \u00e9tat de 55.088 nouveaux cas confirm\u00e9s, contre 47.626 la semaine d&rsquo;avant.<\/p>\n<p>\u00ab\u00a0Il y a une reprise claire et nette depuis d\u00e9but mars\u00a0\u00bb, a confi\u00e9 \u00e0 l&rsquo;AFP l&rsquo;\u00e9pid\u00e9miologiste Mahmoud Zureik.<\/p>\n<p>\u00ab\u00a0On recense entre 8.000 et 10.000 nouveaux cas par jour mais compte tenu de la politique actuelle des tests, ces chiffres sont certainement largement sous-estim\u00e9s\u00a0\u00bb, a-t-il ajout\u00e9.<\/p>\n<h3>Depuis le d\u00e9but du mois, les tests Covid ne sont plus enti\u00e8rement et syst\u00e9matiquement pris en charge par la S\u00e9curit\u00e9 sociale aupr\u00e8s des Fran\u00e7ais vaccin\u00e9s, m\u00eame si ce remboursement int\u00e9gral est maintenu pour certaines cat\u00e9gories, comme par exemple les plus \u00e2g\u00e9s.<\/h3>\n<p>La semaine derni\u00e8re, le nombre de tests r\u00e9alis\u00e9s s&rsquo;\u00e9tablissait \u00e0 368.000, au plus bas depuis le d\u00e9but de l&rsquo;\u00e9pid\u00e9mie.<\/p>\n<p>\u00ab\u00a0On est presque devenu aveugle sur la situation sanitaire en l&rsquo;absence d&rsquo;indicateurs fiables, y compris hospitaliers\u00a0\u00bb, a estim\u00e9 M. Zureik, appelant \u00e0 une meilleure \u00ab\u00a0surveillance\u00a0\u00bb. Pas d'\u00a0\u00bbalarmisme\u00a0\u00bb pour autant, selon le professeur de sant\u00e9 publique.<\/p>\n<p>La semaine derni\u00e8re, les nouvelles hospitalisations \u00e9taient ainsi en diminution ou stables dans la majorit\u00e9 des r\u00e9gions.<\/p>\n<p>\u00ab\u00a0Le niveau des rappels vaccinaux adapt\u00e9s au variant Omicron restait insuffisant\u00a0\u00bb, a toutefois soulign\u00e9 Sant\u00e9 Publique France. Seuls 23,3% des 60-79 ans et 26,0% des 80 ans et plus ont re\u00e7u ce rappel.<\/p>\n<blockquote><p>Dans une \u00e9tude qui vient d&rsquo;\u00eatre publi\u00e9e dans le New England Journal of Medicine (NEJM), le groupement d&rsquo;int\u00e9r\u00eat scientifique EPI-PHARE constitu\u00e9 par l&rsquo;ANSM et la Cnam a montr\u00e9 qu&rsquo;il n&rsquo;y avait pas d&rsquo;augmentation du risque d&rsquo;\u00e9v\u00e9nement cardiovasculaire grave avec les vaccins bivalents \u00e0 ARNm contre le Covid-19 comparativement aux vaccins monovalents.<\/p><\/blockquote>\n<p>L&rsquo;Organisation mondiale de la sant\u00e9 (OMS) a par ailleurs estim\u00e9 que les adultes en bonne sant\u00e9 ne n\u00e9cessitaient pas de dose suppl\u00e9mentaire de vaccins anti-Covid, au-del\u00e0 de la vaccination primaire et d&rsquo;un premier booster, les b\u00e9n\u00e9fices pour la sant\u00e9 \u00e9tant minimes. (AFP)<\/p>\n","protected":false},"excerpt":{"rendered":"<p>Le Covid-19 est reparti \u00e0 la hausse depuis le d\u00e9but du mois de mars sans impact n\u00e9gatif sur les hospitalisations, mais le suivi de l&rsquo;\u00e9pid\u00e9mie est devenu plus difficile avec les changements de politique sur les tests. La semaine derni\u00e8re, les taux d&rsquo;incidence et de positivit\u00e9 \u00ab\u00a0continuaient \u00e0 augmenter, tout en restant \u00e0 des niveaux [&hellip;]<\/p>\n","protected":false},"author":1,"featured_media":11401,"comment_status":"open","ping_status":"closed","sticky":false,"template":"","format":"standard","meta":{"footnotes":""},"categories":[30],"tags":[2697,1214,1936],"class_list":["post-11654","post","type-post","status-publish","format-standard","has-post-thumbnail","hentry","category-actualite","tag-covid-les-indicateurs-remontent","tag-covid-19","tag-sante-publique"],"aioseo_notices":[],"_links":{"self":[{"href":"https:\/\/www.culturalusa.com\/news\/wp-json\/wp\/v2\/posts\/11654","targetHints":{"allow":["GET"]}}],"collection":[{"href":"https:\/\/www.culturalusa.com\/news\/wp-json\/wp\/v2\/posts"}],"about":[{"href":"https:\/\/www.culturalusa.com\/news\/wp-json\/wp\/v2\/types\/post"}],"author":[{"embeddable":true,"href":"https:\/\/www.culturalusa.com\/news\/wp-json\/wp\/v2\/users\/1"}],"replies":[{"embeddable":true,"href":"https:\/\/www.culturalusa.com\/news\/wp-json\/wp\/v2\/comments?post=11654"}],"version-history":[{"count":3,"href":"https:\/\/www.culturalusa.com\/news\/wp-json\/wp\/v2\/posts\/11654\/revisions"}],"predecessor-version":[{"id":11657,"href":"https:\/\/www.culturalusa.com\/news\/wp-json\/wp\/v2\/posts\/11654\/revisions\/11657"}],"wp:featuredmedia":[{"embeddable":true,"href":"https:\/\/www.culturalusa.com\/news\/wp-json\/wp\/v2\/media\/11401"}],"wp:attachment":[{"href":"https:\/\/www.culturalusa.com\/news\/wp-json\/wp\/v2\/media?parent=11654"}],"wp:term":[{"taxonomy":"category","embeddable":true,"href":"https:\/\/www.culturalusa.com\/news\/wp-json\/wp\/v2\/categories?post=11654"},{"taxonomy":"post_tag","embeddable":true,"href":"https:\/\/www.culturalusa.com\/news\/wp-json\/wp\/v2\/tags?post=11654"}],"curies":[{"name":"wp","href":"https:\/\/api.w.org\/{rel}","templated":true}]}}