{"id":11658,"date":"2023-03-30T16:51:39","date_gmt":"2023-03-30T14:51:39","guid":{"rendered":"https:\/\/www.culturalusa.com\/news\/?p=11658"},"modified":"2023-03-30T18:01:25","modified_gmt":"2023-03-30T16:01:25","slug":"attaque-meurtriere-a-lisbonne-dans-un-centre-musulman-chiite","status":"publish","type":"post","link":"https:\/\/www.culturalusa.com\/news\/portugal\/attaque-meurtriere-a-lisbonne-dans-un-centre-musulman-chiite\/","title":{"rendered":"Attaque meurtri\u00e8re \u00e0 Lisbonne dans un centre musulman chiite"},"content":{"rendered":"<h2>Les enqu\u00eateurs portugais ont \u00e9cart\u00e9 la piste terroriste apr\u00e8s une attaque \u00e0 l&rsquo;arme blanche dans un centre musulman chiite \u00e0 Lisbonne qui a fait deux morts et un bless\u00e9 grave, a indiqu\u00e9 mercredi le directeur national de la Police judiciaire Luis Neves.<\/h2>\n<p>\u00ab\u00a0Rien n&rsquo;indique qu&rsquo;il s&rsquo;agisse d&rsquo;une attaque terroriste\u00a0\u00bb ou d&rsquo;une \u00ab\u00a0radicalisation\u00a0\u00bb du suspect, a d\u00e9clar\u00e9 M. Neves en ajoutant que tous les indices \u00ab\u00a0semblent montrer qu&rsquo;il s&rsquo;agit d&rsquo;un crime de droit commun\u00a0\u00bb.<\/p>\n<p>\u00ab\u00a0Ce qui peut \u00eatre en cause ici, mais seule une \u00e9valuation psychiatrique pourra le d\u00e9terminer, est qu&rsquo;il s&rsquo;agisse d&rsquo;une crise psychotique\u00a0\u00bb, a-t-il d\u00e9taill\u00e9 en pr\u00e9cisant que l&rsquo;enqu\u00eate se poursuivait.<\/p>\n<p>D&rsquo;apr\u00e8s plusieurs t\u00e9moignages, le suspect, un r\u00e9fugi\u00e9 afghan, suivait des cours de langue mardi matin dans un centre isma\u00e9lien, une communaut\u00e9 musulmane chiite. Son comportement a chang\u00e9 apr\u00e8s avoir re\u00e7u un appel t\u00e9l\u00e9phonique.<\/p>\n<p>Arm\u00e9 d&rsquo;un grand couteau, il a d&rsquo;abord gri\u00e8vement bless\u00e9 un professeur, avant de tuer deux femmes employ\u00e9es dans ce centre et \u00eatre rapidement neutralis\u00e9 par les policiers qui ont fait usage d&rsquo;une arme \u00e0 feu. L&rsquo;homme est actuellement hospitalis\u00e9 dans la capitale portugaise.<\/p>\n<p>Le minist\u00e8re public a annonc\u00e9 l&rsquo;ouverture d&rsquo;une enqu\u00eate. Le suspect ne devrait pas \u00ab\u00a0\u00eatre en mesure d&rsquo;\u00eatre pr\u00e9sent\u00e9 \u00e0 un juge avant une dizaine de jours\u00a0\u00bb, a pr\u00e9cis\u00e9 le directeur de la police judiciaire.<\/p>\n<p>D&rsquo;apr\u00e8s les premiers \u00e9l\u00e9ments de l&rsquo;enqu\u00eate, il s&rsquo;agit d&rsquo;un \u00ab\u00a0acte isol\u00e9\u00a0\u00bb mais les motivations restent encore \u00e0 clarifier, avait indiqu\u00e9 mardi le ministre de l&rsquo;Int\u00e9rieur Jos\u00e9 Luis Carneiro.<\/p>\n<p>Les enqu\u00eateurs sont parvenus \u00e0 retracer l&rsquo;itin\u00e9raire du suspect depuis son pays d&rsquo;origine jusqu&rsquo;\u00e0 son arriv\u00e9e en Gr\u00e8ce, o\u00f9 son \u00e9pouse est d\u00e9c\u00e9d\u00e9e dans un incendie. L&rsquo;auteur pr\u00e9sum\u00e9, un p\u00e8re de trois enfants \u00e2g\u00e9s de 4 \u00e0 9 ans, \u00e9tait arriv\u00e9 au Portugal en 2021. Il pr\u00e9voyait de se rendre en Allemagne dans les prochains jours avec ses enfants, selon M. Neves.<\/p>\n<p>Le suspect s&rsquo;inqui\u00e9tait pour le sort de ses enfants, d&rsquo;apr\u00e8s les m\u00e9dias portugais qui ont d\u00e9voil\u00e9 une vid\u00e9o enregistr\u00e9e il y a deux ans et publi\u00e9e sur les r\u00e9seaux sociaux.<\/p>\n<p>Vis\u00e9e par l&rsquo;attaque, la communaut\u00e9 des musulmans chiites isma\u00e9liens a \u00e9tabli son si\u00e8ge mondial \u00e0 Lisbonne et son chef spirituel, l&rsquo;Aga Khan, a obtenu la nationalit\u00e9 portugaise en 2019.<\/p>\n<h3>Les Isma\u00e9liens, un courant minoritaire de l&rsquo;islam chiite, forment une communaut\u00e9 de 12 \u00e0 15 millions de personnes r\u00e9parties dans une trentaine de pays. Ils comptent environ 8.000 membres au Portugal.<\/h3>\n","protected":false},"excerpt":{"rendered":"<p>Les enqu\u00eateurs portugais ont \u00e9cart\u00e9 la piste terroriste apr\u00e8s une attaque \u00e0 l&rsquo;arme blanche dans un centre musulman chiite \u00e0 Lisbonne qui a fait deux morts et un bless\u00e9 grave, a indiqu\u00e9 mercredi le directeur national de la Police judiciaire Luis Neves. \u00ab\u00a0Rien n&rsquo;indique qu&rsquo;il s&rsquo;agisse d&rsquo;une attaque terroriste\u00a0\u00bb ou d&rsquo;une \u00ab\u00a0radicalisation\u00a0\u00bb du suspect, a [&hellip;]<\/p>\n","protected":false},"author":1,"featured_media":11659,"comment_status":"open","ping_status":"closed","sticky":false,"template":"","format":"standard","meta":{"footnotes":""},"categories":[3],"tags":[2698,2699,2700],"class_list":["post-11658","post","type-post","status-publish","format-standard","has-post-thumbnail","hentry","category-portugal","tag-attaque-meurtriere-a-lisbonne","tag-centre-musulman-chiite","tag-islam-chiite"],"aioseo_notices":[],"_links":{"self":[{"href":"https:\/\/www.culturalusa.com\/news\/wp-json\/wp\/v2\/posts\/11658","targetHints":{"allow":["GET"]}}],"collection":[{"href":"https:\/\/www.culturalusa.com\/news\/wp-json\/wp\/v2\/posts"}],"about":[{"href":"https:\/\/www.culturalusa.com\/news\/wp-json\/wp\/v2\/types\/post"}],"author":[{"embeddable":true,"href":"https:\/\/www.culturalusa.com\/news\/wp-json\/wp\/v2\/users\/1"}],"replies":[{"embeddable":true,"href":"https:\/\/www.culturalusa.com\/news\/wp-json\/wp\/v2\/comments?post=11658"}],"version-history":[{"count":1,"href":"https:\/\/www.culturalusa.com\/news\/wp-json\/wp\/v2\/posts\/11658\/revisions"}],"predecessor-version":[{"id":11660,"href":"https:\/\/www.culturalusa.com\/news\/wp-json\/wp\/v2\/posts\/11658\/revisions\/11660"}],"wp:featuredmedia":[{"embeddable":true,"href":"https:\/\/www.culturalusa.com\/news\/wp-json\/wp\/v2\/media\/11659"}],"wp:attachment":[{"href":"https:\/\/www.culturalusa.com\/news\/wp-json\/wp\/v2\/media?parent=11658"}],"wp:term":[{"taxonomy":"category","embeddable":true,"href":"https:\/\/www.culturalusa.com\/news\/wp-json\/wp\/v2\/categories?post=11658"},{"taxonomy":"post_tag","embeddable":true,"href":"https:\/\/www.culturalusa.com\/news\/wp-json\/wp\/v2\/tags?post=11658"}],"curies":[{"name":"wp","href":"https:\/\/api.w.org\/{rel}","templated":true}]}}