{"id":11712,"date":"2023-04-28T17:24:05","date_gmt":"2023-04-28T15:24:05","guid":{"rendered":"https:\/\/www.culturalusa.com\/news\/?p=11712"},"modified":"2023-04-28T17:24:05","modified_gmt":"2023-04-28T15:24:05","slug":"secheresse-record-dans-la-corne-de-lafrique-attribuable-au-rechauffement-climatique","status":"publish","type":"post","link":"https:\/\/www.culturalusa.com\/news\/technologie\/secheresse-record-dans-la-corne-de-lafrique-attribuable-au-rechauffement-climatique\/","title":{"rendered":"S\u00e9cheresse record dans la Corne de l&rsquo;Afrique, attribuable au r\u00e9chauffement climatique"},"content":{"rendered":"<h2>La s\u00e9cheresse historique qui frappe la Grande Corne de l&rsquo;Afrique est la conjonction in\u00e9dite d&rsquo;un manque de pluie et de fortes temp\u00e9ratures qui n&rsquo;aurait pas pu se produire sans les \u00e9missions humaines de gaz \u00e0 effet de serre, d\u00e9montre une \u00e9tude scientifique.<\/h2>\n<p>\u00ab\u00a0Le changement climatique caus\u00e9 par les activit\u00e9s humaines a rendu la s\u00e9cheresse agricole dans la Corne de l&rsquo;Afrique environ 100 fois plus probable\u00a0\u00bb qu&rsquo;autrefois, indique dans un rapport le World Weather Attribution (WWA), r\u00e9seau mondial de scientifiques qui \u00e9value sans d\u00e9lai le lien entre les \u00e9v\u00e9nements m\u00e9t\u00e9orologiques extr\u00eames et le d\u00e9r\u00e8glement climatique.<\/p>\n<blockquote><p>Depuis fin 2020, les pays de la Grande Corne de l&rsquo;Afrique (\u00c9thiopie, \u00c9rythr\u00e9e, Somalie, Djibouti, Kenya et Soudan), large p\u00e9ninsule de l&rsquo;est du continent, subissent leur pire s\u00e9cheresse de ces quarante derni\u00e8res ann\u00e9es.<\/p><\/blockquote>\n<p>Cinq saisons de pluies d\u00e9ficitaires d&rsquo;affil\u00e9e ont tu\u00e9 des millions de t\u00eates de b\u00e9tail et d\u00e9truit les r\u00e9coltes. Selon l&rsquo;ONU, 22 millions de personnes sont menac\u00e9es par la faim en Ethiopie, au Kenya et en Somalie (o\u00f9 il y a en plus une insurrection islamiste).<\/p>\n<p>Selon les 19 scientifiques ayant contribu\u00e9 au rapport, le changement climatique a eu \u00ab\u00a0peu d&rsquo;effet sur la pluviom\u00e9trie annuelle\u00a0\u00bb r\u00e9cente de la r\u00e9gion.<\/p>\n<p>Mais il a fortement influenc\u00e9 la hausse des temp\u00e9ratures, responsable d&rsquo;une augmentation en fl\u00e8che de l&rsquo;\u00e9vapotranspiration qui a conduit \u00e0 un ass\u00e8chement record des sols et des plantes.<\/p>\n<h3>\u00ab\u00a0C&rsquo;est le changement climatique qui a rendu cette s\u00e9cheresse aussi grave et exceptionnelle\u00a0\u00bb, a r\u00e9sum\u00e9 Joyce Kimoutai, climatologue kenyane contributrice au rapport, dans un briefing t\u00e9l\u00e9phonique.<\/h3>\n<p>\u00ab\u00a0Le changement climatique tue\u00a0\u00bb, a d\u00e9nonc\u00e9 Louis-Nicolas Jandeaux, charg\u00e9 de plaidoyer chez Oxfam France, lors d&rsquo;une conf\u00e9rence de presse organis\u00e9e jeudi \u00e0 Paris avec l&rsquo;Unicef et l&rsquo;ONG Care pour alerter sur la faim en Afrique.<\/p>\n<p>\u00ab\u00a0La faim due aux \u00e9v\u00e9nements climatiques est une preuve criante des in\u00e9galit\u00e9s mondiales : les pays les moins responsables (..) sont ceux qui en subissent le plus les cons\u00e9quences et ont le moins de ressources pour y faire face\u00a0\u00bb, a ajout\u00e9 M. Jandeaux, appelant les pays du G20 \u00e0 assumer leur double responsabilit\u00e9: \u00ab\u00a0r\u00e9duire leurs \u00e9missions\u00a0\u00bb et \u00ab\u00a0aider les populations les plus vuln\u00e9rables \u00e0 s&rsquo;adapter\u00a0\u00bb.<\/p>\n<h3>Cinq saisons de pluies d\u00e9ficitaires<\/h3>\n<p>Le r\u00e9seau du WWA, fond\u00e9 par des climatologues r\u00e9put\u00e9s, s&rsquo;est impos\u00e9 ces derni\u00e8res ann\u00e9es par sa capacit\u00e9 \u00e0 \u00e9valuer l&rsquo;influence, plus ou moins forte et non syst\u00e9matique, entre les \u00e9v\u00e9nements m\u00e9t\u00e9orologiques extr\u00eames &#8211; canicules, inondations, s\u00e9cheresse, etc &#8211; et le changement climatique caus\u00e9 par l&rsquo;homme.<\/p>\n<p>Les r\u00e9sultats de son rapport, produits en urgence, sont publi\u00e9s sans passer par le long processus des revues \u00e0 comit\u00e9 de lecture, mais combinent des m\u00e9thodes approuv\u00e9es par ses pairs, en premier lieu avec des donn\u00e9es m\u00e9t\u00e9orologiques historiques et des mod\u00e8les climatiques.<\/p>\n<p>Cette fois-ci, le WWA a concentr\u00e9 son \u00e9tude sur trois des pays les plus affect\u00e9s (le sud de l&rsquo;Ethiopie et de la Somalie et l&rsquo;est du Kenya).<\/p>\n<p>Il a constat\u00e9 que le changement climatique modifiait de mani\u00e8re oppos\u00e9e les deux saisons des pluies: la plus abondante, entre mars et mai, \u00ab\u00a0devient plus s\u00e8che et le d\u00e9ficit de pr\u00e9cipitation est deux fois plus probable\u00a0\u00bb que par le pass\u00e9, tandis que \u00ab\u00a0la petite saison devient plus humide\u00a0\u00bb.<\/p>\n<p>Mais ces derni\u00e8res ann\u00e9es, \u00ab\u00a0cette tendance humide de la petite saison a \u00e9t\u00e9 masqu\u00e9e par le ph\u00e9nom\u00e8ne climatique-cyclique de la Ni\u00f1a\u00a0\u00bb qui r\u00e9duit les pluies tropicales et dont il n&rsquo;y a pas de preuves \u00e0 ce jour qu&rsquo;il soit influenc\u00e9 par le changement climatique anthropique.<\/p>\n<p>Cette rare conjonction, dans une r\u00e9gion qui a encha\u00een\u00e9 cinq saisons de pluies d\u00e9ficitaires depuis fin 2020, s&rsquo;est ensuite combin\u00e9e \u00e0 l&rsquo;augmentation des temp\u00e9ratures pour entra\u00eener un ass\u00e8chement record des sols et des plantes.<\/p>\n<p>Si la plan\u00e8te ne s&rsquo;\u00e9tait pas d\u00e9j\u00e0 r\u00e9chauff\u00e9e de 1,2 degr\u00e9 par rapport \u00e0 l&rsquo;\u00e8re pr\u00e9-industrielle, cette pluviom\u00e9trie aurait soumis la r\u00e9gion \u00e0 des conditions, au pire, \u00ab\u00a0+anormalement s\u00e8ches+, soit un niveau en-dessous du premier degr\u00e9 de gravit\u00e9 de la s\u00e9cheresse dans la classification am\u00e9ricaine, assure le WWA.<\/p>\n<p>En clair, \u00ab\u00a0le d\u00e9r\u00e8glement climatique \u00e9tait une condition n\u00e9cessaire pour qu&rsquo;une s\u00e9cheresse aussi grave puisse survenir\u00a0\u00bb, concluent les scientifiques.<\/p>\n<p>La situation actuelle est qualifi\u00e9e de \u00ab\u00a0s\u00e9cheresse exceptionnelle\u00a0\u00bb, 4e et dernier niveau d&rsquo;alerte de l&rsquo;\u00e9chelle am\u00e9ricaine. Improbable autrefois, elle a d\u00e9sormais 5 % de chance de se reproduire chaque ann\u00e9e. (AFP)<\/p>\n","protected":false},"excerpt":{"rendered":"<p>La s\u00e9cheresse historique qui frappe la Grande Corne de l&rsquo;Afrique est la conjonction in\u00e9dite d&rsquo;un manque de pluie et de fortes temp\u00e9ratures qui n&rsquo;aurait pas pu se produire sans les \u00e9missions humaines de gaz \u00e0 effet de serre, d\u00e9montre une \u00e9tude scientifique. \u00ab\u00a0Le changement climatique caus\u00e9 par les activit\u00e9s humaines a rendu la s\u00e9cheresse agricole [&hellip;]<\/p>\n","protected":false},"author":1,"featured_media":11713,"comment_status":"open","ping_status":"closed","sticky":false,"template":"","format":"standard","meta":{"footnotes":""},"categories":[6],"tags":[2734,356,2299],"class_list":["post-11712","post","type-post","status-publish","format-standard","has-post-thumbnail","hentry","category-technologie","tag-corne-de-lafrique","tag-rechauffement-climatique","tag-secheresse"],"aioseo_notices":[],"_links":{"self":[{"href":"https:\/\/www.culturalusa.com\/news\/wp-json\/wp\/v2\/posts\/11712","targetHints":{"allow":["GET"]}}],"collection":[{"href":"https:\/\/www.culturalusa.com\/news\/wp-json\/wp\/v2\/posts"}],"about":[{"href":"https:\/\/www.culturalusa.com\/news\/wp-json\/wp\/v2\/types\/post"}],"author":[{"embeddable":true,"href":"https:\/\/www.culturalusa.com\/news\/wp-json\/wp\/v2\/users\/1"}],"replies":[{"embeddable":true,"href":"https:\/\/www.culturalusa.com\/news\/wp-json\/wp\/v2\/comments?post=11712"}],"version-history":[{"count":1,"href":"https:\/\/www.culturalusa.com\/news\/wp-json\/wp\/v2\/posts\/11712\/revisions"}],"predecessor-version":[{"id":11714,"href":"https:\/\/www.culturalusa.com\/news\/wp-json\/wp\/v2\/posts\/11712\/revisions\/11714"}],"wp:featuredmedia":[{"embeddable":true,"href":"https:\/\/www.culturalusa.com\/news\/wp-json\/wp\/v2\/media\/11713"}],"wp:attachment":[{"href":"https:\/\/www.culturalusa.com\/news\/wp-json\/wp\/v2\/media?parent=11712"}],"wp:term":[{"taxonomy":"category","embeddable":true,"href":"https:\/\/www.culturalusa.com\/news\/wp-json\/wp\/v2\/categories?post=11712"},{"taxonomy":"post_tag","embeddable":true,"href":"https:\/\/www.culturalusa.com\/news\/wp-json\/wp\/v2\/tags?post=11712"}],"curies":[{"name":"wp","href":"https:\/\/api.w.org\/{rel}","templated":true}]}}