{"id":11716,"date":"2023-04-29T17:02:42","date_gmt":"2023-04-29T15:02:42","guid":{"rendered":"https:\/\/www.culturalusa.com\/news\/?p=11716"},"modified":"2023-04-29T17:08:14","modified_gmt":"2023-04-29T15:08:14","slug":"finances-bruno-le-maire-promet-de-nouvelles-reformes-structurantes","status":"publish","type":"post","link":"https:\/\/www.culturalusa.com\/news\/actualite\/finances-bruno-le-maire-promet-de-nouvelles-reformes-structurantes\/","title":{"rendered":"Finances : Bruno Le Maire promet de nouvelles \u00ab\u00a0r\u00e9formes structurantes\u00a0\u00bb"},"content":{"rendered":"<h2>Bruno Le Maire, ministre fran\u00e7ais des Finances, a assur\u00e9, que la France allait continuer \u00e0 \u00ab faire passer des r\u00e9formes structurantes \u00bb au lendemain de l&rsquo;abaissement de la note financi\u00e8re de la France par l&rsquo;agence Fitch.<\/h2>\n<p>\u00ab Je crois que les faits infirment l&rsquo;appr\u00e9ciation de l&rsquo;agence Fitch. Nous sommes en mesure de faire passer des r\u00e9formes structurantes pour le pays \u00bb, a-t-il dit, citant la r\u00e9forme de l&rsquo;assurance-ch\u00f4mage et celle des retraites. \u00ab Et nous continuerons \u00e0 faire passer des r\u00e9formes structurantes pour le pays \u00bb, a-t-il affirm\u00e9.<\/p>\n<p>\u00ab Nous avons devant nous toute une s\u00e9rie de r\u00e9formes qui vont acc\u00e9l\u00e9rer la transformation du mod\u00e8le \u00e9conomique fran\u00e7ais \u00bb, a fait valoir samedi Bruno Le Maire. Il a \u00e9voqu\u00e9 \u00e0 ce sujet le \u00ab projet de loi industries vertes qui va \u00eatre pr\u00e9sent\u00e9 dans quelques jours et qui va permettre de r\u00e9industrialiser la France, d&rsquo;ouvrir de nouveaux sites industriels et de cr\u00e9er de nouveaux emplois \u00bb.<\/p>\n<p>\u00ab Ne doutez pas de notre d\u00e9termination totale \u00e0 r\u00e9tablir les finances publiques de la nation [\u2026] \u00e0 acc\u00e9l\u00e9rer le d\u00e9sendettement du pays, \u00e0 r\u00e9duire les d\u00e9ficits et \u00e0 acc\u00e9l\u00e9rer la r\u00e9duction des d\u00e9penses publiques \u00bb, a d\u00e9clar\u00e9 le ministre fran\u00e7ais depuis Stockholm o\u00f9 il participe \u00e0 une r\u00e9union des ministres des Finances de l&rsquo;UE.<\/p>\n<h3>\u00a0Forcer les R\u00e9formes<\/h3>\n<blockquote><p>Il y a six semaines, le gouvernement fran\u00e7ais a d\u00e9finitivement adopt\u00e9 son projet de <span style=\"color: #800000;\"><strong>r\u00e9forme des retraites<\/strong> <\/span>pr\u00e9voyant un report de l&rsquo;\u00e2ge l\u00e9gal de 62 \u00e0 64 ans, gr\u00e2ce \u00e0 l&rsquo;appui de l&rsquo;article 49.3 de la Constitution qui permet de faire passer un texte sans vote au Parlement.<\/p><\/blockquote>\n<p>Cette d\u00e9cision a entra\u00een\u00e9 au niveau social un net durcissement de la contestation, et plusieurs journ\u00e9es de manifestations violentes sur tout le territoire, rappelant l&rsquo;\u00e9pisode des Gilets jaunes \u00e0 partir de 2018.<\/p>\n<p>\u00ab Cette d\u00e9cision a donn\u00e9 lieu \u00e0 des manifestations et \u00e0 des gr\u00e8ves dans tout le pays et renforcera probablement les forces radicales et anti-establishment \u00bb, a estim\u00e9 Fitch qui avait assorti sa pr\u00e9c\u00e9dente notation d&rsquo;une perspective n\u00e9gative, soit le risque d&rsquo;un abaissement.<\/p>\n<p>La situation actuelle pourrait aussi \u00ab cr\u00e9er des pressions en faveur d&rsquo;une politique budg\u00e9taire plus expansionniste ou d&rsquo;un renversement des r\u00e9formes pr\u00e9c\u00e9dentes \u00bb, redoute l&rsquo;agence.<\/p>\n<p>Attendue pour une actualisation de sa note vendredi dernier, l\u2019agence Moody\u2019s n\u2019a finalement pas annonc\u00e9 de nouvelle notation, tandis que l\u2019agence S &amp; P Global, qui accorde actuellement la note de \u00ab AA \u00bb \u00e0 la France avec une perspective n\u00e9gative, doit publier ses conclusions le 2 juin. (AFP)<\/p>\n","protected":false},"excerpt":{"rendered":"<p>Bruno Le Maire, ministre fran\u00e7ais des Finances, a assur\u00e9, que la France allait continuer \u00e0 \u00ab faire passer des r\u00e9formes structurantes \u00bb au lendemain de l&rsquo;abaissement de la note financi\u00e8re de la France par l&rsquo;agence Fitch. \u00ab Je crois que les faits infirment l&rsquo;appr\u00e9ciation de l&rsquo;agence Fitch. Nous sommes en mesure de faire passer des [&hellip;]<\/p>\n","protected":false},"author":1,"featured_media":7264,"comment_status":"open","ping_status":"closed","sticky":false,"template":"","format":"standard","meta":{"footnotes":""},"categories":[30],"tags":[1782,2737,2735,2736],"class_list":["post-11716","post","type-post","status-publish","format-standard","has-post-thumbnail","hentry","category-actualite","tag-bruno-le-maire","tag-faire-passer-des-reformes-structurantes","tag-finances","tag-ministre-francais-des-finances"],"aioseo_notices":[],"_links":{"self":[{"href":"https:\/\/www.culturalusa.com\/news\/wp-json\/wp\/v2\/posts\/11716","targetHints":{"allow":["GET"]}}],"collection":[{"href":"https:\/\/www.culturalusa.com\/news\/wp-json\/wp\/v2\/posts"}],"about":[{"href":"https:\/\/www.culturalusa.com\/news\/wp-json\/wp\/v2\/types\/post"}],"author":[{"embeddable":true,"href":"https:\/\/www.culturalusa.com\/news\/wp-json\/wp\/v2\/users\/1"}],"replies":[{"embeddable":true,"href":"https:\/\/www.culturalusa.com\/news\/wp-json\/wp\/v2\/comments?post=11716"}],"version-history":[{"count":3,"href":"https:\/\/www.culturalusa.com\/news\/wp-json\/wp\/v2\/posts\/11716\/revisions"}],"predecessor-version":[{"id":11719,"href":"https:\/\/www.culturalusa.com\/news\/wp-json\/wp\/v2\/posts\/11716\/revisions\/11719"}],"wp:featuredmedia":[{"embeddable":true,"href":"https:\/\/www.culturalusa.com\/news\/wp-json\/wp\/v2\/media\/7264"}],"wp:attachment":[{"href":"https:\/\/www.culturalusa.com\/news\/wp-json\/wp\/v2\/media?parent=11716"}],"wp:term":[{"taxonomy":"category","embeddable":true,"href":"https:\/\/www.culturalusa.com\/news\/wp-json\/wp\/v2\/categories?post=11716"},{"taxonomy":"post_tag","embeddable":true,"href":"https:\/\/www.culturalusa.com\/news\/wp-json\/wp\/v2\/tags?post=11716"}],"curies":[{"name":"wp","href":"https:\/\/api.w.org\/{rel}","templated":true}]}}