{"id":11740,"date":"2023-05-05T18:26:35","date_gmt":"2023-05-05T16:26:35","guid":{"rendered":"https:\/\/www.culturalusa.com\/news\/?p=11740"},"modified":"2023-05-05T18:26:35","modified_gmt":"2023-05-05T16:26:35","slug":"inflation-alimentaire-les-distributeurs-recus-a-bercy","status":"publish","type":"post","link":"https:\/\/www.culturalusa.com\/news\/economie\/inflation-alimentaire-les-distributeurs-recus-a-bercy\/","title":{"rendered":"Inflation alimentaire : les distributeurs re\u00e7us \u00e0 Bercy"},"content":{"rendered":"<h2>Face \u00e0 une hausse des prix alimentaires proche de 15% sur un an en avril, le gouvernement r\u00e9unira \u00e0 Paris les poids lourds du secteur de la distribution, a indiqu\u00e9 le minist\u00e8re de l&rsquo;Economie.<\/h2>\n<p>Le ministre de l&rsquo;Economie Bruno Le Maire avait annonc\u00e9 d\u00e8s mardi son intention de discuter avec les distributeurs et l&rsquo;industrie agro-alimentaire de la possibilit\u00e9 de prolonger au-del\u00e0 de juin les baisses de prix sur certains produits dans les supermarch\u00e9s.<\/p>\n<p>La r\u00e9union de jeudi ne r\u00e9unira que les distributeurs, a pr\u00e9cis\u00e9 Bercy confirmant une information de BFM Business. Une seconde r\u00e9union avec les industriels est pr\u00e9vue \u00ab\u00a0dans un second temps\u00a0\u00bb, \u00e0 une date qui reste \u00e0 d\u00e9finir selon Bercy.<\/p>\n<p>Apr\u00e8s avoir invit\u00e9 les distributeurs \u00e0 baisser les prix sur une s\u00e9lection de produits de mars \u00e0 juin dans le cadre du \u00ab\u00a0trimestre anti-inflation\u00a0\u00bb, le gouvernement r\u00e9fl\u00e9chit \u00e0 de nouveaux moyens d&rsquo;amortir le choc de l&rsquo;inflation alimentaire au-del\u00e0 du premier semestre.<\/p>\n<p>Constatant que le co\u00fbt de certaines mati\u00e8res premi\u00e8res baisse depuis quelques mois, sans que cela se traduise n\u00e9cessairement dans les prix en supermarch\u00e9, l&rsquo;ex\u00e9cutif veut aussi pousser distributeurs et industriels \u00e0 rouvrir des n\u00e9gociations commerciales.<\/p>\n<p>Rendez-vous annuel destin\u00e9 \u00e0 fixer les conditions tarifaires dans lesquelles les distributeurs ach\u00e8tent \u00e0 leurs fournisseurs les produits qu&rsquo;ils proposent en supermarch\u00e9, les derni\u00e8res n\u00e9gociations commerciales se sont achev\u00e9es au 1er mars et ont abouti \u00e0 une hausse moyenne d&rsquo;environ 10% des prix pay\u00e9s par les supermarch\u00e9s \u00e0 leurs fournisseurs industriels.<\/p>\n<h3>La pression semble devoir peser cette fois plus lourdement sur l&rsquo;industrie agroalimentaire.<\/h3>\n<p>Face \u00e0 la hausse des prix alimentaires, \u00ab\u00a0l&rsquo;Etat a pris sa part, les distributeurs \u00e9galement, les consommateurs la prennent au quotidien\u00a0\u00bb, a soulign\u00e9 vendredi la ministre d\u00e9l\u00e9gu\u00e9e au Commerce Olivia Gr\u00e9goire lors d&rsquo;un d\u00e9bat \u00e0 l&rsquo;Assembl\u00e9e nationale.<\/p>\n<p>\u00ab\u00a0Nous attendons d\u00e9sormais que les industriels prennent la leur\u00a0\u00bb en rouvrant des n\u00e9gociations commerciales afin de baisser les prix, a-t-elle insist\u00e9.<\/p>\n<p>S&rsquo;ils ne s&rsquo;ex\u00e9cutent pas, Olivia Gr\u00e9goire menace de \u00ab\u00a0citer nomm\u00e9ment dans le d\u00e9bat public\u00a0\u00bb les acteurs r\u00e9calcitrants, voire \u00e0 les sanctionner via des \u00ab\u00a0mesures fiscales\u00a0\u00bb.<\/p>\n<p>\u00ab\u00a0La m\u00e9thode du gouvernement consiste \u00e0 dire +on envisage des modalit\u00e9s pour prolonger le trimestre anti-inflation+, +on fait appel \u00e0 la responsabilit\u00e9+&#8230; c&rsquo;est une m\u00e9thode de Bisounours!\u00a0\u00bb a comment\u00e9 le d\u00e9put\u00e9 communiste Andr\u00e9 Chassaigne vendredi lors du d\u00e9bat \u00e0 l&rsquo;Assembl\u00e9e.<\/p>\n","protected":false},"excerpt":{"rendered":"<p>Face \u00e0 une hausse des prix alimentaires proche de 15% sur un an en avril, le gouvernement r\u00e9unira \u00e0 Paris les poids lourds du secteur de la distribution, a indiqu\u00e9 le minist\u00e8re de l&rsquo;Economie. Le ministre de l&rsquo;Economie Bruno Le Maire avait annonc\u00e9 d\u00e8s mardi son intention de discuter avec les distributeurs et l&rsquo;industrie agro-alimentaire [&hellip;]<\/p>\n","protected":false},"author":1,"featured_media":10967,"comment_status":"open","ping_status":"closed","sticky":false,"template":"","format":"standard","meta":{"footnotes":""},"categories":[1],"tags":[2754,2755,2753],"class_list":["post-11740","post","type-post","status-publish","format-standard","has-post-thumbnail","hentry","category-economie","tag-hausse-des-prix-alimentaires","tag-industrie-agroalimentaire","tag-inflation-alimentaire"],"aioseo_notices":[],"_links":{"self":[{"href":"https:\/\/www.culturalusa.com\/news\/wp-json\/wp\/v2\/posts\/11740","targetHints":{"allow":["GET"]}}],"collection":[{"href":"https:\/\/www.culturalusa.com\/news\/wp-json\/wp\/v2\/posts"}],"about":[{"href":"https:\/\/www.culturalusa.com\/news\/wp-json\/wp\/v2\/types\/post"}],"author":[{"embeddable":true,"href":"https:\/\/www.culturalusa.com\/news\/wp-json\/wp\/v2\/users\/1"}],"replies":[{"embeddable":true,"href":"https:\/\/www.culturalusa.com\/news\/wp-json\/wp\/v2\/comments?post=11740"}],"version-history":[{"count":1,"href":"https:\/\/www.culturalusa.com\/news\/wp-json\/wp\/v2\/posts\/11740\/revisions"}],"predecessor-version":[{"id":11741,"href":"https:\/\/www.culturalusa.com\/news\/wp-json\/wp\/v2\/posts\/11740\/revisions\/11741"}],"wp:featuredmedia":[{"embeddable":true,"href":"https:\/\/www.culturalusa.com\/news\/wp-json\/wp\/v2\/media\/10967"}],"wp:attachment":[{"href":"https:\/\/www.culturalusa.com\/news\/wp-json\/wp\/v2\/media?parent=11740"}],"wp:term":[{"taxonomy":"category","embeddable":true,"href":"https:\/\/www.culturalusa.com\/news\/wp-json\/wp\/v2\/categories?post=11740"},{"taxonomy":"post_tag","embeddable":true,"href":"https:\/\/www.culturalusa.com\/news\/wp-json\/wp\/v2\/tags?post=11740"}],"curies":[{"name":"wp","href":"https:\/\/api.w.org\/{rel}","templated":true}]}}