{"id":11750,"date":"2023-05-10T18:26:48","date_gmt":"2023-05-10T16:26:48","guid":{"rendered":"https:\/\/www.culturalusa.com\/news\/?p=11750"},"modified":"2023-05-10T18:26:48","modified_gmt":"2023-05-10T16:26:48","slug":"climat-la-cop28-appelle-a-recourir-serieusement-au-captage-de-co2","status":"publish","type":"post","link":"https:\/\/www.culturalusa.com\/news\/technologie\/climat-la-cop28-appelle-a-recourir-serieusement-au-captage-de-co2\/","title":{"rendered":"Climat : la COP28 appelle \u00e0 recourir s\u00e9rieusement au \u00ab\u00a0captage de CO2\u00a0\u00bb"},"content":{"rendered":"<h2>Le chef du secteur p\u00e9trolier des Emirats arabes unis, qui pr\u00e9side cette ann\u00e9e les discussions de l&rsquo;ONU sur le climat, a appel\u00e9 \u00e0 miser \u00ab\u00a0s\u00e9rieusement\u00a0\u00bb sur la <span style=\"color: #800000;\">technologie de captage du CO2<\/span> pour lutter contre le changement climatique, et pas seulement sur les \u00e9nergies renouvelables.<\/h2>\n<p>Sultan al-Jaber, le PDG d&rsquo;Adnoc (Abu Dhabi National Oil Company), la compagnie p\u00e9troli\u00e8re nationale, a \u00e9t\u00e9 d\u00e9sign\u00e9 en janvier pr\u00e9sident de la COP28, la conf\u00e9rence de l&rsquo;ONU sur le climat pr\u00e9vue cette ann\u00e9e dans le riche Etat du Golfe, suscitant les critiques des d\u00e9fenseurs de l&rsquo;environnement.<\/p>\n<p>\u00ab\u00a0Les \u00e9nergies renouvelables ne sont pas et ne peuvent pas \u00eatre la seule r\u00e9ponse\u00a0\u00bb, a d\u00e9clar\u00e9 le responsable \u00e9mirati lors d&rsquo;une conf\u00e9rence sur le climat et les technologies organis\u00e9e \u00e0 Abou Dhabi, la capitale.<\/p>\n<p>\u00ab\u00a0Si nous voulons vraiment r\u00e9duire les \u00e9missions dans l&rsquo;industrie, nous devons nous pencher s\u00e9rieusement sur les technologies de captage du CO2\u00a0\u00bb, a-t-il ajout\u00e9.<\/p>\n<blockquote><p>Les grands exportateurs de p\u00e9trole du Golfe, Arabie saoudite et Emirats arabes unis en t\u00eate, ne cessent d&rsquo;appeler \u00e0 miser davantage sur le captage et le stockage du dioxyde de carbone, le principal responsable du r\u00e9chauffement de la plan\u00e8te.<\/p><\/blockquote>\n<p>Mais de nombreux experts estiment que cette technologie, encore naissante et tr\u00e8s co\u00fbteuse, n&rsquo;a pas fait ses preuves et qu&rsquo;elle ne peut se substituer aux politiques environnementales visant \u00e0 \u00e9liminer progressivement les hydrocarbures.<\/p>\n<p>\u00ab\u00a0Dans tout sc\u00e9nario r\u00e9aliste nous permettant d&rsquo;atteindre le niveau de z\u00e9ro \u00e9missions nettes, la technologie de captage du CO2 aura un r\u00f4le \u00e0 jouer\u00a0\u00bb, a estim\u00e9 Sultan al-Jaber. \u00ab\u00a0Sans elle, le calcul n&rsquo;est tout simplement pas bon\u00a0\u00bb, a-t-il insist\u00e9.<\/p>\n<h3>\u00a0\u00ab\u00a0Obstacle du co\u00fbt\u00a0\u00bb<\/h3>\n<p>Ce d\u00e9bat s&rsquo;annonce comme l&rsquo;un des principaux enjeux de la COP28, qui se tiendra en novembre et d\u00e9cembre \u00e0 Duba\u00ef, l&rsquo;autre grande ville des Emirats, carrefour mondial de la consommation, de l&rsquo;hyper-climatisation et des voitures de luxe.<\/p>\n<p>\u00ab\u00a0Nous devons \u00e9liminer progressivement les \u00e9missions\u00a0\u00bb, a assur\u00e9 Sultan al-Jaber, r\u00e9affirmant toutefois sa position selon laquelle le p\u00e9trole reste indispensable \u00e0 l&rsquo;\u00e9conomie mondiale et pour financer la transition \u00e9nerg\u00e9tique.<\/p>\n<p>L&rsquo;Union europ\u00e9enne a lanc\u00e9 cette ann\u00e9e une s\u00e9rie d&rsquo;initiatives visant \u00e0 r\u00e9duire l&rsquo;utilisation des hydrocarbures, notamment en interdisant la vente de nouvelles voitures fonctionnant aux combustibles fossiles \u00e0 partir de 2035.<\/p>\n<p>Elle a \u00e9galement d\u00e9cid\u00e9 de doubler la production d&rsquo;\u00e9nergie renouvelable d&rsquo;ici \u00e0 2030 et d&rsquo;introduire une taxe carbone aux fronti\u00e8res sur ses importations.<\/p>\n<p>En mars, le Groupe intergouvernemental d&rsquo;experts sur l&rsquo;\u00e9volution du climat (Giec) a pr\u00e9venu que le r\u00e9chauffement de la plan\u00e8te caus\u00e9 par l&rsquo;activit\u00e9 humaine atteindrait 1,5\u00b0C par rapport \u00e0 l&rsquo;\u00e8re pr\u00e9-industrielle d\u00e8s les ann\u00e9es 2030-2035.<\/p>\n<p>Les presque 200 pays signataires de l&rsquo;Accord de Paris s&rsquo;\u00e9taient engag\u00e9s en 2015 \u00e0 r\u00e9duire les \u00e9missions de gaz \u00e0 effet de serre pour maintenir le r\u00e9chauffement climatique \u00ab\u00a0bien en-de\u00e7\u00e0\u00a0\u00bb de +2\u00b0C, si possible +1,5\u00b0C.<\/p>\n<p>Selon le rapport, l&rsquo;investissement dans les \u00e9nergies solaire et \u00e9olienne ne permettra pas d&rsquo;atteindre cet objectif en raison des \u00e9missions des \u00e9nergies fossiles, sauf en cas de recours massif au captage et au stockage de CO2.<\/p>\n<p>Sultan al-Jaber a toutefois reconnu que le co\u00fbt de cette technologie reste \u00ab\u00a0un obstacle\u00a0\u00bb, appelant les gouvernements \u00e0 encourager le secteur priv\u00e9 dans ce domaine.<\/p>\n<h3>\u00a0\u00ab\u00a0Distraction\u00a0\u00bb<\/h3>\n<p>Cette technologie capture le CO2 et le stocke sous terre, emp\u00eachant le carbone de p\u00e9n\u00e9trer dans l&rsquo;atmosph\u00e8re.<\/p>\n<p>En revanche, le captage direct depuis l&rsquo;atmosph\u00e8re, qui en est encore \u00e0 ses balbutiements, \u00e9limine le CO2 directement de l&rsquo;air ambiant, ce qui en fait une technologie \u00e0 \u00ab\u00a0\u00e9missions n\u00e9gatives\u00a0\u00bb.<\/p>\n<p>L&rsquo;ann\u00e9e derni\u00e8re, Rex Weyler, figure embl\u00e9matique de Greenpeace, a qualifi\u00e9 la technologie du captage d'\u00a0\u00bbescroquerie\u00a0\u00bb.<\/p>\n<p>Julien Jreissati, directeur de programme \u00e0 Greenpeace au Moyen-Orient en Afrique du Nord, en parle comme d&rsquo;une forme de \u00ab\u00a0distraction\u00a0\u00bb.<\/p>\n<p>Ces technologies \u00ab\u00a0ne sont pas encore commercialement viables et n&rsquo;ont pas fait leurs preuves \u00e0 grande \u00e9chelle malgr\u00e9 des ann\u00e9es de d\u00e9veloppement et des milliards de dollars d&rsquo;investissement\u00a0\u00bb, a-t-il affirm\u00e9 \u00e0 l&rsquo;AFP.<\/p>\n<p>Selon l&rsquo;Agence internationale de l&rsquo;\u00e9nergie, il existe dans le monde environ 35 sites de stockage de dioxyde de carbone avec une capacit\u00e9 annuelle totale de captage de pr\u00e8s de 45 millions de tonnes de CO2. Or les \u00e9missions actuelles s&rsquo;\u00e9l\u00e8vent \u00e0 environ 40 milliards de tonnes. (AFP)<\/p>\n","protected":false},"excerpt":{"rendered":"<p>Le chef du secteur p\u00e9trolier des Emirats arabes unis, qui pr\u00e9side cette ann\u00e9e les discussions de l&rsquo;ONU sur le climat, a appel\u00e9 \u00e0 miser \u00ab\u00a0s\u00e9rieusement\u00a0\u00bb sur la technologie de captage du CO2 pour lutter contre le changement climatique, et pas seulement sur les \u00e9nergies renouvelables. Sultan al-Jaber, le PDG d&rsquo;Adnoc (Abu Dhabi National Oil Company), [&hellip;]<\/p>\n","protected":false},"author":1,"featured_media":11751,"comment_status":"open","ping_status":"closed","sticky":false,"template":"","format":"standard","meta":{"footnotes":""},"categories":[6],"tags":[2757,394,208,2756,2758],"class_list":["post-11750","post","type-post","status-publish","format-standard","has-post-thumbnail","hentry","category-technologie","tag-captage-de-co2","tag-changement-climatique","tag-climat","tag-cop28","tag-technologie-de-captage-du-co2"],"aioseo_notices":[],"_links":{"self":[{"href":"https:\/\/www.culturalusa.com\/news\/wp-json\/wp\/v2\/posts\/11750","targetHints":{"allow":["GET"]}}],"collection":[{"href":"https:\/\/www.culturalusa.com\/news\/wp-json\/wp\/v2\/posts"}],"about":[{"href":"https:\/\/www.culturalusa.com\/news\/wp-json\/wp\/v2\/types\/post"}],"author":[{"embeddable":true,"href":"https:\/\/www.culturalusa.com\/news\/wp-json\/wp\/v2\/users\/1"}],"replies":[{"embeddable":true,"href":"https:\/\/www.culturalusa.com\/news\/wp-json\/wp\/v2\/comments?post=11750"}],"version-history":[{"count":1,"href":"https:\/\/www.culturalusa.com\/news\/wp-json\/wp\/v2\/posts\/11750\/revisions"}],"predecessor-version":[{"id":11752,"href":"https:\/\/www.culturalusa.com\/news\/wp-json\/wp\/v2\/posts\/11750\/revisions\/11752"}],"wp:featuredmedia":[{"embeddable":true,"href":"https:\/\/www.culturalusa.com\/news\/wp-json\/wp\/v2\/media\/11751"}],"wp:attachment":[{"href":"https:\/\/www.culturalusa.com\/news\/wp-json\/wp\/v2\/media?parent=11750"}],"wp:term":[{"taxonomy":"category","embeddable":true,"href":"https:\/\/www.culturalusa.com\/news\/wp-json\/wp\/v2\/categories?post=11750"},{"taxonomy":"post_tag","embeddable":true,"href":"https:\/\/www.culturalusa.com\/news\/wp-json\/wp\/v2\/tags?post=11750"}],"curies":[{"name":"wp","href":"https:\/\/api.w.org\/{rel}","templated":true}]}}