{"id":11753,"date":"2023-05-11T17:43:47","date_gmt":"2023-05-11T15:43:47","guid":{"rendered":"https:\/\/www.culturalusa.com\/news\/?p=11753"},"modified":"2023-05-11T17:43:47","modified_gmt":"2023-05-11T15:43:47","slug":"vivendi-recherche-des-createurs-de-contenu-pour-relancer-dailymotion","status":"publish","type":"post","link":"https:\/\/www.culturalusa.com\/news\/actualite\/vivendi-recherche-des-createurs-de-contenu-pour-relancer-dailymotion\/","title":{"rendered":"Vivendi recherche des cr\u00e9ateurs de contenu pour relancer Dailymotion"},"content":{"rendered":"<h2>Le g\u00e9ant fran\u00e7ais des m\u00e9dias Vivendi souhaite faire rena\u00eetre sa plateforme d&rsquo;h\u00e9bergement de vid\u00e9os Dailymotion et recherche des vid\u00e9astes pour exister face \u00e0 YouTube et TikTok.<\/h2>\n<p>\u00ab\u00a0Nous souhaitons faire la diff\u00e9rence dans la diversit\u00e9 des contenus propos\u00e9s et dans la mani\u00e8re dont on souhaite que les utilisateurs participent\u00a0\u00bb, a expliqu\u00e9 \u00e0 l&rsquo;AFP le directeur des op\u00e9rations de Dailymotion Guillaume Cl\u00e9ment.<\/p>\n<blockquote><p>Cr\u00e9\u00e9 en 2005, Dailymotion a eu un temps les faveurs de nombreuses stars francophones du web qui l&rsquo;ont ensuite d\u00e9sert\u00e9 pour devenir des YouTubeurs, du nom de la plateforme rachet\u00e9e en 2006 par Google.<\/p><\/blockquote>\n<p>L&rsquo;histoire actionnariale de l&rsquo;entreprise a \u00e9t\u00e9 mouvement\u00e9e, avec des interventions successives de l&rsquo;Etat pour emp\u00eacher une cession \u00e0 l&rsquo;\u00e9tranger, la prise de contr\u00f4le par Orange pour recapitaliser l&rsquo;entreprise, puis \u00e0 partir de 2015 la vente \u00e0 Vivendi, contr\u00f4l\u00e9 par la famille Bollor\u00e9.<\/p>\n<p>La plateforme s&rsquo;est alors sp\u00e9cialis\u00e9e dans la fourniture d&rsquo;un lecteur vid\u00e9o aux professionnels et notamment aux m\u00e9dias qui constituent aujourd&rsquo;hui l&rsquo;essentiel de son audience mondiale.<\/p>\n<p>Sur 400 millions d&rsquo;utilisateurs actifs par mois, moins d&rsquo;un quart utilisent le site Dailymotion en direct. Encore bien loin des 2,5 milliards d&rsquo;utilisateurs mensuels de YouTube, ou des plus de 1,7 milliard de TikTok. Mais la plateforme ambitionne d\u00e9sormais de d\u00e9passer le milliard d&rsquo;utilisateurs d&rsquo;ici 2026.<\/p>\n<h3>Elle tente ainsi de retrouver des cr\u00e9ateurs, avec qui elle partagera ses revenus publicitaires.<\/h3>\n<p>La soci\u00e9t\u00e9 en a d\u00e9j\u00e0 s\u00e9lectionn\u00e9 200 et se donne pour objectif d&rsquo;en \u00ab\u00a0s\u00e9duire plus de 5.000 d&rsquo;ici fin 2024\u00a0\u00bb, a d\u00e9clar\u00e9 au Figaro son PDG Maxime Saada, \u00e9galement pr\u00e9sident du directoire du groupe de t\u00e9l\u00e9vision Canal+.<\/p>\n<p>\u00ab\u00a0On cherche des cr\u00e9ateurs qui apportent un point de vue sur le monde par leurs d\u00e9cryptages, qui apportent de la nuance aux utilisateurs\u00a0\u00bb, a pr\u00e9cis\u00e9 Guillaume Cl\u00e9ment, citant les vid\u00e9astes Verbozz (sp\u00e9cialiste des technologies), Mr ContraDico (sujets de soci\u00e9t\u00e9), Lo\u00efc Roussel (histoires) ou encore Expresso Critique (cin\u00e9ma).<\/p>\n<p>Selon le dirigeant, l&rsquo;algorithme de la plateforme sera \u00ab\u00a0capable d&rsquo;analyser le score de sentiment d&rsquo;une vid\u00e9o pour recommander une autre vid\u00e9o qui pr\u00e9senterait un point de vue compl\u00e9mentaire ou contradictoire.\u00a0\u00bb<\/p>\n<p>Le \u00ab\u00a0nouveau Dailymotion\u00a0\u00bb b\u00e9n\u00e9ficiera aussi d&rsquo;une mise \u00e0 jour de son application mobile, avec de nouvelles fonctionnalit\u00e9s comme les \u00ab\u00a0React\u00a0\u00bb (des commentaires d&rsquo;utilisateurs au format vid\u00e9o), ou des sondages.<\/p>\n","protected":false},"excerpt":{"rendered":"<p>Le g\u00e9ant fran\u00e7ais des m\u00e9dias Vivendi souhaite faire rena\u00eetre sa plateforme d&rsquo;h\u00e9bergement de vid\u00e9os Dailymotion et recherche des vid\u00e9astes pour exister face \u00e0 YouTube et TikTok. \u00ab\u00a0Nous souhaitons faire la diff\u00e9rence dans la diversit\u00e9 des contenus propos\u00e9s et dans la mani\u00e8re dont on souhaite que les utilisateurs participent\u00a0\u00bb, a expliqu\u00e9 \u00e0 l&rsquo;AFP le directeur des [&hellip;]<\/p>\n","protected":false},"author":1,"featured_media":11754,"comment_status":"open","ping_status":"closed","sticky":false,"template":"","format":"standard","meta":{"footnotes":""},"categories":[30],"tags":[2759,2760,2761],"class_list":["post-11753","post","type-post","status-publish","format-standard","has-post-thumbnail","hentry","category-actualite","tag-createurs-de-contenu","tag-dailymotion","tag-videos-dailymotion"],"aioseo_notices":[],"_links":{"self":[{"href":"https:\/\/www.culturalusa.com\/news\/wp-json\/wp\/v2\/posts\/11753","targetHints":{"allow":["GET"]}}],"collection":[{"href":"https:\/\/www.culturalusa.com\/news\/wp-json\/wp\/v2\/posts"}],"about":[{"href":"https:\/\/www.culturalusa.com\/news\/wp-json\/wp\/v2\/types\/post"}],"author":[{"embeddable":true,"href":"https:\/\/www.culturalusa.com\/news\/wp-json\/wp\/v2\/users\/1"}],"replies":[{"embeddable":true,"href":"https:\/\/www.culturalusa.com\/news\/wp-json\/wp\/v2\/comments?post=11753"}],"version-history":[{"count":1,"href":"https:\/\/www.culturalusa.com\/news\/wp-json\/wp\/v2\/posts\/11753\/revisions"}],"predecessor-version":[{"id":11755,"href":"https:\/\/www.culturalusa.com\/news\/wp-json\/wp\/v2\/posts\/11753\/revisions\/11755"}],"wp:featuredmedia":[{"embeddable":true,"href":"https:\/\/www.culturalusa.com\/news\/wp-json\/wp\/v2\/media\/11754"}],"wp:attachment":[{"href":"https:\/\/www.culturalusa.com\/news\/wp-json\/wp\/v2\/media?parent=11753"}],"wp:term":[{"taxonomy":"category","embeddable":true,"href":"https:\/\/www.culturalusa.com\/news\/wp-json\/wp\/v2\/categories?post=11753"},{"taxonomy":"post_tag","embeddable":true,"href":"https:\/\/www.culturalusa.com\/news\/wp-json\/wp\/v2\/tags?post=11753"}],"curies":[{"name":"wp","href":"https:\/\/api.w.org\/{rel}","templated":true}]}}