{"id":11756,"date":"2023-05-12T18:57:17","date_gmt":"2023-05-12T16:57:17","guid":{"rendered":"https:\/\/www.culturalusa.com\/news\/?p=11756"},"modified":"2023-05-12T19:04:59","modified_gmt":"2023-05-12T17:04:59","slug":"migrants-entrees-irregulieres-dans-lue-a-un-niveau-sans-precedent","status":"publish","type":"post","link":"https:\/\/www.culturalusa.com\/news\/monde\/migrants-entrees-irregulieres-dans-lue-a-un-niveau-sans-precedent\/","title":{"rendered":"Migrants : entr\u00e9es irr\u00e9guli\u00e8res dans l&rsquo;UE \u00e0 un niveau sans pr\u00e9c\u00e9dent"},"content":{"rendered":"<h2>Les travers\u00e9es de migrants via la M\u00e9diterran\u00e9e centrale ont atteint des niveaux sans pr\u00e9c\u00e9dent, des gangs de passeurs de plus en plus organis\u00e9s produisant des bateaux de fortune beaucoup plus facilement, a d\u00e9clar\u00e9 le chef de l&rsquo;agence europ\u00e9enne des fronti\u00e8res.<\/h2>\n<p>Entre janvier et avril, le nombre d&rsquo;entr\u00e9es irr\u00e9guli\u00e8res dans l&rsquo;UE par la M\u00e9diterran\u00e9e centrale a augment\u00e9 de pr\u00e8s de 300% par rapport \u00e0 la m\u00eame p\u00e9riode de 2022, atteignant 42.200.<\/p>\n<blockquote><p>\u00ab\u00a0Je n&rsquo;ai jamais vu cela auparavant\u00a0\u00bb, a d\u00e9clar\u00e9 vendredi Hans Leijtens, chef de l&rsquo;agence europ\u00e9enne des fronti\u00e8res, dans un entretien \u00e0 l&rsquo;AFP, ajoutant que ces passages repr\u00e9sentaient un peu plus de la moiti\u00e9 des 80.700 entr\u00e9es irr\u00e9guli\u00e8res dans l&rsquo;UE d\u00e9tect\u00e9es jusqu&rsquo;\u00e0 pr\u00e9sent cette ann\u00e9e.<\/p><\/blockquote>\n<p>\u00ab\u00a0Surtout depuis la Tunisie, nous constatons en ce moment une croissance de 1.100% par rapport \u00e0 l&rsquo;ann\u00e9e derni\u00e8re\u00a0\u00bb, a d\u00e9clar\u00e9 M. Leijtens.<\/p>\n<p>Dans un communiqu\u00e9 envoy\u00e9 \u00e0 l&rsquo;AFP, Frontex a d\u00e9clar\u00e9 vendredi que le niveau de passages par cette voie est le plus \u00e9lev\u00e9 depuis que l&rsquo;agence a commenc\u00e9 \u00e0 collecter des donn\u00e9es en 2009.<\/p>\n<p>Selon Hans Leijtens, la forte augmentation est due au changement de mode op\u00e9ratoire des passeurs, et au prix plus bas d&rsquo;un passage.<\/p>\n<p>\u00ab\u00a0Ils utilisent actuellement de petites embarcations de fortune en m\u00e9tal qui peuvent \u00eatre produites sur la plage en une journ\u00e9e, 24 heures\u00a0\u00bb, et qui co\u00fbte environ 1.000 euros, a d\u00e9clar\u00e9 M. Leijtens.<\/p>\n<p>\u00ab\u00a0Les prix plus bas signifient qu&rsquo;ils ont besoin de volumes plus importants. Il y a donc une raison pour eux de pousser davantage. Cela peut \u00e9galement expliquer les chiffres actuels\u00a0\u00bb, a-t-il ajout\u00e9.<\/p>\n<p>Selon le chef de Frontex, les passeurs deviennent de plus en plus organis\u00e9s et se font concurrence \u00ab\u00a0sans avoir de probl\u00e8mes avec les pertes humaines\u00a0\u00bb. Dans au moins un cas, a-t-il dit, un bateau a \u00e9t\u00e9 coul\u00e9 par des concurrents.<\/p>\n<h3>\u00a0\u00ab\u00a0Un vrai dilemme\u00a0\u00bb<\/h3>\n<p>Des ONG des droits de l&rsquo;Homme, notamment Human Rights Watch, avaient accus\u00e9 Frontex d&rsquo;\u00eatre complice des abus contre les migrants en Libye et de collaborer avec la garde c\u00f4ti\u00e8re libyenne pour intercepter les bateaux.<\/p>\n<p>Selon M. Leijtens, l&rsquo;agence ne coop\u00e9rait en aucune mani\u00e8re avec la Libye. Il a rejet\u00e9 les accusations selon lesquelles elle favoriserait les refoulements en informant les autorit\u00e9s des lieux o\u00f9 se trouvent les bateaux dans les zones de recherche et de sauvetage europ\u00e9ennes.<\/p>\n<p>La mission d&rsquo;enqu\u00eate des Nations unies a averti que les migrants bloqu\u00e9s en Libye en essayant de rejoindre l&rsquo;Europe sont syst\u00e9matiquement tortur\u00e9s et forc\u00e9s \u00e0 l&rsquo;esclavage sexuel.<\/p>\n<p>\u00ab\u00a0Ce que nous faisons, c&rsquo;est seulement lorsqu&rsquo;un navire est en d\u00e9tresse, nous diffusons l&rsquo;appel de d\u00e9tresse et il est \u00e9galement re\u00e7u par les autorit\u00e9s libyennes et tunisiennes\u00a0\u00bb, a-t-il d\u00e9clar\u00e9.<\/p>\n<p>\u00ab\u00a0Si le centre de coordination convient que ce sera la garde c\u00f4ti\u00e8re libyenne qui effectuera la recherche et le sauvetage, ils navigueront et sauveront des vies. Le refoulement est quelque chose de compl\u00e8tement diff\u00e9rent\u00a0\u00bb, a d\u00e9clar\u00e9 M. Leijtens \u00e0 l&rsquo;AFP.<\/p>\n<p>\u00ab\u00a0Nous sommes &#8211; et cela peut sembler un peu dur &#8211; indiff\u00e9rents \u00e0 qui sauve des vies tant qu&rsquo;elles sont sauv\u00e9es\u00a0\u00bb, a-t-il ajout\u00e9.<\/p>\n<p>\u00ab\u00a0Et bien s\u00fbr, on esp\u00e8re qu&rsquo;ils ne finiront pas dans les camps d\u00e9crits dans les rapports de l&rsquo;ONU. Et cela repr\u00e9sente pour nous professionnellement un v\u00e9ritable dilemme\u00a0\u00bb, a-t-il d\u00e9clar\u00e9.<\/p>\n<h3>\u00a0Refoulements pr\u00e9ventifs<\/h3>\n<p>Suite \u00e0 la d\u00e9mission de son pr\u00e9d\u00e9cesseur, Fabrice Leggeri, le nouveau chef de Frontex a promis en janvier de restaurer la confiance dans l&rsquo;organisation et d&rsquo;arr\u00eater les refoulements.<\/p>\n<p>Il a promis une refonte de l&rsquo;organisation, \u00e9branl\u00e9e par des accusations de complicit\u00e9 dans des violations des droits de l&rsquo;Homme.<\/p>\n<p>Deux mois apr\u00e8s sa prise de fonction, M. Leijtens a d\u00e9clar\u00e9 qu&rsquo;il \u00ab\u00a0ne pouvait pas assurer\u00a0\u00bb que les refoulements ill\u00e9gaux de migrants ne se produisaient pas dans l&rsquo;UE.<\/p>\n<p>\u00ab\u00a0Bien s\u00fbr, je ne peux jamais emp\u00eacher les choses de se produire. Je peux cr\u00e9er des conditions o\u00f9, tout d&rsquo;abord, nous sommes au courant au moment o\u00f9 elles se produisent, o\u00f9 nous essayons d&rsquo;\u00eatre l\u00e0 pour les emp\u00eacher de se produire. Nous essayons d&rsquo;\u00e9duquer notre personnel\u00a0\u00bb, a-t-il d\u00e9clar\u00e9.<\/p>\n<p>M. Leijtens a d\u00e9clar\u00e9 qu&rsquo;il \u00e9tait en contact avec des ONG qui, dans le pass\u00e9, ont d\u00e9nonc\u00e9 les actions de Frontex, et qu&rsquo;il a essay\u00e9 d&rsquo;utiliser son influence dans les discussions avec les Etats membres de l&rsquo;UE accus\u00e9s d&rsquo;autoriser les refoulements.<\/p>\n<p>Interrog\u00e9 sur le r\u00f4le de la Russie dans la d\u00e9stabilisation de la situation aux fronti\u00e8res de l&rsquo;UE, le chef de Frontex a d\u00e9clar\u00e9 qu&rsquo;il y avait \u00ab\u00a0des preuves d&rsquo;instrumentalisation de la migration par le B\u00e9larus et probablement aussi la Russie\u00a0\u00bb.<\/p>\n<p>\u00ab\u00a0Bien s\u00fbr, c&rsquo;est dans leur strat\u00e9gie et s&rsquo;ils l&rsquo;utilisent ou non, c&rsquo;est \u00e0 eux de d\u00e9cider. Ils en ont les capacit\u00e9s, et l&rsquo;autre question est de savoir s&rsquo;ils ont la volont\u00e9 de le faire.<\/p>\n<p>\u00ab\u00a0Et je ne peux pas regarder dans la t\u00eate de M. Poutine ou d&rsquo;autres pour savoir s&rsquo;il le fera, mais c&rsquo;est certainement dans leur strat\u00e9gie\u00a0\u00bb, a d\u00e9clar\u00e9 M. Leijtens. (AFP)<\/p>\n","protected":false},"excerpt":{"rendered":"<p>Les travers\u00e9es de migrants via la M\u00e9diterran\u00e9e centrale ont atteint des niveaux sans pr\u00e9c\u00e9dent, des gangs de passeurs de plus en plus organis\u00e9s produisant des bateaux de fortune beaucoup plus facilement, a d\u00e9clar\u00e9 le chef de l&rsquo;agence europ\u00e9enne des fronti\u00e8res. Entre janvier et avril, le nombre d&rsquo;entr\u00e9es irr\u00e9guli\u00e8res dans l&rsquo;UE par la M\u00e9diterran\u00e9e centrale a [&hellip;]<\/p>\n","protected":false},"author":1,"featured_media":11759,"comment_status":"open","ping_status":"closed","sticky":false,"template":"","format":"standard","meta":{"footnotes":""},"categories":[1372],"tags":[2762,244],"class_list":["post-11756","post","type-post","status-publish","format-standard","has-post-thumbnail","hentry","category-monde","tag-entrees-irregulieres-dans-lue","tag-migrants"],"aioseo_notices":[],"_links":{"self":[{"href":"https:\/\/www.culturalusa.com\/news\/wp-json\/wp\/v2\/posts\/11756","targetHints":{"allow":["GET"]}}],"collection":[{"href":"https:\/\/www.culturalusa.com\/news\/wp-json\/wp\/v2\/posts"}],"about":[{"href":"https:\/\/www.culturalusa.com\/news\/wp-json\/wp\/v2\/types\/post"}],"author":[{"embeddable":true,"href":"https:\/\/www.culturalusa.com\/news\/wp-json\/wp\/v2\/users\/1"}],"replies":[{"embeddable":true,"href":"https:\/\/www.culturalusa.com\/news\/wp-json\/wp\/v2\/comments?post=11756"}],"version-history":[{"count":3,"href":"https:\/\/www.culturalusa.com\/news\/wp-json\/wp\/v2\/posts\/11756\/revisions"}],"predecessor-version":[{"id":11760,"href":"https:\/\/www.culturalusa.com\/news\/wp-json\/wp\/v2\/posts\/11756\/revisions\/11760"}],"wp:featuredmedia":[{"embeddable":true,"href":"https:\/\/www.culturalusa.com\/news\/wp-json\/wp\/v2\/media\/11759"}],"wp:attachment":[{"href":"https:\/\/www.culturalusa.com\/news\/wp-json\/wp\/v2\/media?parent=11756"}],"wp:term":[{"taxonomy":"category","embeddable":true,"href":"https:\/\/www.culturalusa.com\/news\/wp-json\/wp\/v2\/categories?post=11756"},{"taxonomy":"post_tag","embeddable":true,"href":"https:\/\/www.culturalusa.com\/news\/wp-json\/wp\/v2\/tags?post=11756"}],"curies":[{"name":"wp","href":"https:\/\/api.w.org\/{rel}","templated":true}]}}