{"id":11792,"date":"2023-06-14T21:50:33","date_gmt":"2023-06-14T19:50:33","guid":{"rendered":"https:\/\/www.culturalusa.com\/news\/?p=11792"},"modified":"2023-06-14T21:50:33","modified_gmt":"2023-06-14T19:50:33","slug":"emmanuel-macron-limmigration-pose-avant-tout-un-probleme-de-traitement-des-donnees","status":"publish","type":"post","link":"https:\/\/www.culturalusa.com\/news\/politique\/emmanuel-macron-limmigration-pose-avant-tout-un-probleme-de-traitement-des-donnees\/","title":{"rendered":"Emmanuel Macron : l&rsquo;immigration pose avant tout un probl\u00e8me de \u00ab\u00a0traitement des donn\u00e9es\u00a0\u00bb"},"content":{"rendered":"<h2>Emmanuel Macron a estim\u00e9 que l&rsquo;immigration posait surtout un probl\u00e8me technologique de \u00ab\u00a0traitement des donn\u00e9es\u00a0\u00bb et sugg\u00e9r\u00e9 d&rsquo;utiliser l&rsquo;intelligence artificielle pour le r\u00e9gler.<\/h2>\n<p>\u00ab\u00a0Quel est le principal probl\u00e8me qu&rsquo;on a sur l&rsquo;immigration ? C&rsquo;est tr\u00e8s peu un probl\u00e8me de principes, c&rsquo;est un probl\u00e8me de capacit\u00e9s de traitement de donn\u00e9es\u00a0\u00bb, a-t-il lanc\u00e9, lors d&rsquo;un \u00e9change avec des entrepreneurs au salon VivaTech, plus grand salon europ\u00e9en de la tech.<\/p>\n<p>\u00ab\u00a0On a beaucoup de gens qui arrivent, on a des r\u00e8gles qui sont anciennes et on les traite comme au d\u00e9but du 20\u00e8 si\u00e8cle, a d\u00e9plor\u00e9 le chef de l&rsquo;Etat.<\/p>\n<blockquote><p>\u00ab\u00a0Utilisons l&rsquo;intelligence artificielle et les technologies pour traiter beaucoup plus vite les donn\u00e9es ! Il y aura beaucoup moins de fraudes, on embauchera beaucoup moins de gens et on ira beaucoup plus vite\u00a0\u00bb, a-t-il martel\u00e9.<\/p><\/blockquote>\n<p>Emmanuel Macron a invit\u00e9 plus largement les services publics \u00e0 \u00ab\u00a0s&rsquo;approprier ces nouveaux usages pour \u00eatre beaucoup plus efficace, faire des \u00e9conomies et avoir un meilleur service\u00a0\u00bb.<\/p>\n<p>Il a aussi appel\u00e9 \u00e0 un d\u00e9bat public sur l&rsquo;intelligence artificielle et les peurs qu&rsquo;elle peut susciter. Une mission se penchera d&rsquo;ici la fin de l&rsquo;ann\u00e9e sur ses \u00ab\u00a0impacts \u00e9conomiques et sociaux\u00a0\u00bb, a-t-il dit sans plus de pr\u00e9cisions.<\/p>\n<p>\u00ab\u00a0On peut avoir dans notre pays de la r\u00e9ticence ou des craintes, qu&rsquo;ils faut d&rsquo;ailleurs savoir entendre, sur le changement\u00a0\u00bb, a-t-il not\u00e9, en rappelant celles suscit\u00e9es par les OGM ou la robotisation.<\/p>\n<p>\u00ab\u00a0Nous sommes un pays qui a robotis\u00e9 beaucoup moins que nos voisins parce qu&rsquo;il y a eu cette peur soci\u00e9tale, sociale (..) Il faut surtout \u00e9viter cela sur l&rsquo;intelligence artificielle\u00a0\u00bb, a-t-il insist\u00e9.<\/p>\n<p>\u00ab\u00a0Si \u00e7a va peut-\u00eatre bousculer certains emplois existants, \u00e7a (va) peut-\u00eatre pr\u00e9server sur notre sol des emplois qui sinon iraient \u00e0 l&rsquo;autre bout du monde\u00a0\u00bb, a-t-il insist\u00e9.<\/p>\n","protected":false},"excerpt":{"rendered":"<p>Emmanuel Macron a estim\u00e9 que l&rsquo;immigration posait surtout un probl\u00e8me technologique de \u00ab\u00a0traitement des donn\u00e9es\u00a0\u00bb et sugg\u00e9r\u00e9 d&rsquo;utiliser l&rsquo;intelligence artificielle pour le r\u00e9gler. \u00ab\u00a0Quel est le principal probl\u00e8me qu&rsquo;on a sur l&rsquo;immigration ? C&rsquo;est tr\u00e8s peu un probl\u00e8me de principes, c&rsquo;est un probl\u00e8me de capacit\u00e9s de traitement de donn\u00e9es\u00a0\u00bb, a-t-il lanc\u00e9, lors d&rsquo;un \u00e9change avec [&hellip;]<\/p>\n","protected":false},"author":1,"featured_media":11793,"comment_status":"open","ping_status":"closed","sticky":false,"template":"","format":"standard","meta":{"footnotes":""},"categories":[1494],"tags":[250,779,2775],"class_list":["post-11792","post","type-post","status-publish","format-standard","has-post-thumbnail","hentry","category-politique","tag-immigration","tag-intelligence-artificielle","tag-traitement-des-donnees"],"aioseo_notices":[],"_links":{"self":[{"href":"https:\/\/www.culturalusa.com\/news\/wp-json\/wp\/v2\/posts\/11792","targetHints":{"allow":["GET"]}}],"collection":[{"href":"https:\/\/www.culturalusa.com\/news\/wp-json\/wp\/v2\/posts"}],"about":[{"href":"https:\/\/www.culturalusa.com\/news\/wp-json\/wp\/v2\/types\/post"}],"author":[{"embeddable":true,"href":"https:\/\/www.culturalusa.com\/news\/wp-json\/wp\/v2\/users\/1"}],"replies":[{"embeddable":true,"href":"https:\/\/www.culturalusa.com\/news\/wp-json\/wp\/v2\/comments?post=11792"}],"version-history":[{"count":1,"href":"https:\/\/www.culturalusa.com\/news\/wp-json\/wp\/v2\/posts\/11792\/revisions"}],"predecessor-version":[{"id":11794,"href":"https:\/\/www.culturalusa.com\/news\/wp-json\/wp\/v2\/posts\/11792\/revisions\/11794"}],"wp:featuredmedia":[{"embeddable":true,"href":"https:\/\/www.culturalusa.com\/news\/wp-json\/wp\/v2\/media\/11793"}],"wp:attachment":[{"href":"https:\/\/www.culturalusa.com\/news\/wp-json\/wp\/v2\/media?parent=11792"}],"wp:term":[{"taxonomy":"category","embeddable":true,"href":"https:\/\/www.culturalusa.com\/news\/wp-json\/wp\/v2\/categories?post=11792"},{"taxonomy":"post_tag","embeddable":true,"href":"https:\/\/www.culturalusa.com\/news\/wp-json\/wp\/v2\/tags?post=11792"}],"curies":[{"name":"wp","href":"https:\/\/api.w.org\/{rel}","templated":true}]}}