{"id":11811,"date":"2023-06-29T18:36:21","date_gmt":"2023-06-29T16:36:21","guid":{"rendered":"https:\/\/www.culturalusa.com\/news\/?p=11811"},"modified":"2023-06-29T18:36:21","modified_gmt":"2023-06-29T16:36:21","slug":"sante-le-laboratoire-sanofi-veut-lancer-cinq-nouveaux-vaccins-en-deux-ans","status":"publish","type":"post","link":"https:\/\/www.culturalusa.com\/news\/bien-etre-sante\/sante-le-laboratoire-sanofi-veut-lancer-cinq-nouveaux-vaccins-en-deux-ans\/","title":{"rendered":"Sant\u00e9 : le laboratoire Sanofi veut lancer cinq nouveaux vaccins en deux ans"},"content":{"rendered":"<h2>Le laboratoire pharmaceutique fran\u00e7ais Sanofi a pr\u00e9cis\u00e9 ses ambitions de d\u00e9veloppement de vaccins dans divers domaines th\u00e9rapeutiques, annon\u00e7ant vouloir lancer d&rsquo;ici \u00e0 2025 au moins cinq vaccins innovants en essais cliniques de phase 3, \u00e9tape d\u00e9terminante avant une mise sur le march\u00e9.<\/h2>\n<p>A l&rsquo;occasion d&rsquo;une conf\u00e9rence d\u00e9di\u00e9e aux investisseurs, o\u00f9 ont \u00e9t\u00e9 pr\u00e9sent\u00e9es les derni\u00e8res donn\u00e9es de ses vaccins en d\u00e9veloppement dans plusieurs domaines th\u00e9rapeutiques, le groupe a r\u00e9affirm\u00e9 son objectif de chiffre d&rsquo;affaires annuel de plus de 10 milliards d&rsquo;euros dans le domaine des vaccins d&rsquo;ici \u00e0 2030.<\/p>\n<blockquote><p>Le g\u00e9ant de l&rsquo;industrie de la sant\u00e9 projette de \u00ab\u00a0lancer au moins cinq nouveaux programmes de phase III de vaccins innovants d&rsquo;ici \u00e0 2025\u00a0\u00bb, selon un communiqu\u00e9 du groupe.<\/p><\/blockquote>\n<p>Le responsable monde de la R&amp;D Vaccins Jean-Fran\u00e7ois Toussaint en a pr\u00e9sent\u00e9 trois, dont deux vaccins p\u00e9diatriques contre la bronchiolite des jeunes enfants et contre le pneumocoque et un autre contre la fi\u00e8vre jaune.<\/p>\n<p>Au vu de premiers r\u00e9sultats \u00ab\u00a0tr\u00e8s probants\u00a0\u00bb d&rsquo;un vaccin par voie intranasale d\u00e9di\u00e9 aux enfants de 1 \u00e0 5 ans pour les aider \u00e0 d\u00e9velopper leur propre r\u00e9ponse immunitaire apr\u00e8s la premi\u00e8re saison de circulation du virus respiratoire syncytial (VRS), Sanofi a d\u00e9cid\u00e9 de \u00ab\u00a0l&rsquo;avancer en \u00e9tude de phase 3 \u00e0 partir du d\u00e9but de l&rsquo;ann\u00e9e prochaine\u00a0\u00bb, a-t-il d\u00e9taill\u00e9 \u00e0 l&rsquo;AFP.<\/p>\n<p>La phase 3, derni\u00e8re \u00e9tape des essais cliniques avant toute commercialisation, du vaccin p\u00e9diatrique antipneumocoque, est pr\u00e9vue au premier semestre 2024.<\/p>\n<p>Concernant le VRS, responsable de bronchiolites et pneumonies qui causent des dizaines de milliers de morts par an, le groupe avait aussi fait \u00e9tat de \u00ab\u00a0r\u00e9sultats tr\u00e8s prometteurs\u00a0\u00bb d&rsquo;un traitement pr\u00e9ventif: un anticorps monoclonal qui vise \u00e0 emp\u00eacher la survenue de la bronchiolite des nourrissons de moins de douze mois confront\u00e9s \u00e0 leur premi\u00e8re saison d&rsquo;exposition au VRS.<\/p>\n<p>Ce traitement cod\u00e9velopp\u00e9 avec le britannique AstraZeneca, le nirsevimab, vendu sous le nom Beyfortus, a obtenu une autorisation de mise sur le march\u00e9 dans l&rsquo;Union europ\u00e9enne fin 2022 et est en attente d&rsquo;enregistrement aux \u00c9tats-Unis.<\/p>\n<p>Son lancement pr\u00e9vu \u00ab\u00a0d\u00e8s la saison 2023\u00a0\u00bb du VRS pourra \u00ab\u00a0d\u00e9sengorger le syst\u00e8me hospitalier durant l&rsquo;hiver\u00a0\u00bb, s&rsquo;est r\u00e9joui M. Toussaint aupr\u00e8s de l&rsquo;AFP.<\/p>\n<h3>Le groupe am\u00e9ricain Pfizer est \u00e9galement positionn\u00e9 sur le vaccin anti-VRS \u00e0 destination des nourrissons mais avec une approche diff\u00e9rente, consistant \u00e0 immuniser les femmes enceintes.<\/h3>\n<p>Pour les personnes \u00e2g\u00e9es, Sanofi travaille \u00e0 un vaccin qui combine jusqu&rsquo;\u00e0 trois agents pathog\u00e8nes (virus respiratoire syncytial, m\u00e9tapneumovirus, virus parainfluenza) et dont des \u00e9tudes d&rsquo;essais cliniques de phase 1 vont d\u00e9buter \u00ab\u00a0d&rsquo;ici la fin de l&rsquo;ann\u00e9e\u00a0\u00bb, selon M. Toussaint.<\/p>\n<p>Un concurrent, le g\u00e9ant pharmaceutique GSK, a r\u00e9cemment re\u00e7u le feu vert de la Commission europ\u00e9enne et des \u00c9tats-Unis pour son vaccin anti-VRS pour les personnes \u00e2g\u00e9es de plus de 60 ans. (AFP)<\/p>\n","protected":false},"excerpt":{"rendered":"<p>Le laboratoire pharmaceutique fran\u00e7ais Sanofi a pr\u00e9cis\u00e9 ses ambitions de d\u00e9veloppement de vaccins dans divers domaines th\u00e9rapeutiques, annon\u00e7ant vouloir lancer d&rsquo;ici \u00e0 2025 au moins cinq vaccins innovants en essais cliniques de phase 3, \u00e9tape d\u00e9terminante avant une mise sur le march\u00e9. A l&rsquo;occasion d&rsquo;une conf\u00e9rence d\u00e9di\u00e9e aux investisseurs, o\u00f9 ont \u00e9t\u00e9 pr\u00e9sent\u00e9es les derni\u00e8res [&hellip;]<\/p>\n","protected":false},"author":1,"featured_media":8059,"comment_status":"open","ping_status":"closed","sticky":false,"template":"","format":"standard","meta":{"footnotes":""},"categories":[2209],"tags":[2785,2549,935],"class_list":["post-11811","post","type-post","status-publish","format-standard","has-post-thumbnail","hentry","category-bien-etre-sante","tag-laboratoire-sanofi","tag-nouveaux-vaccins","tag-sante"],"aioseo_notices":[],"_links":{"self":[{"href":"https:\/\/www.culturalusa.com\/news\/wp-json\/wp\/v2\/posts\/11811","targetHints":{"allow":["GET"]}}],"collection":[{"href":"https:\/\/www.culturalusa.com\/news\/wp-json\/wp\/v2\/posts"}],"about":[{"href":"https:\/\/www.culturalusa.com\/news\/wp-json\/wp\/v2\/types\/post"}],"author":[{"embeddable":true,"href":"https:\/\/www.culturalusa.com\/news\/wp-json\/wp\/v2\/users\/1"}],"replies":[{"embeddable":true,"href":"https:\/\/www.culturalusa.com\/news\/wp-json\/wp\/v2\/comments?post=11811"}],"version-history":[{"count":1,"href":"https:\/\/www.culturalusa.com\/news\/wp-json\/wp\/v2\/posts\/11811\/revisions"}],"predecessor-version":[{"id":11812,"href":"https:\/\/www.culturalusa.com\/news\/wp-json\/wp\/v2\/posts\/11811\/revisions\/11812"}],"wp:featuredmedia":[{"embeddable":true,"href":"https:\/\/www.culturalusa.com\/news\/wp-json\/wp\/v2\/media\/8059"}],"wp:attachment":[{"href":"https:\/\/www.culturalusa.com\/news\/wp-json\/wp\/v2\/media?parent=11811"}],"wp:term":[{"taxonomy":"category","embeddable":true,"href":"https:\/\/www.culturalusa.com\/news\/wp-json\/wp\/v2\/categories?post=11811"},{"taxonomy":"post_tag","embeddable":true,"href":"https:\/\/www.culturalusa.com\/news\/wp-json\/wp\/v2\/tags?post=11811"}],"curies":[{"name":"wp","href":"https:\/\/api.w.org\/{rel}","templated":true}]}}