{"id":11813,"date":"2023-06-29T19:01:40","date_gmt":"2023-06-29T17:01:40","guid":{"rendered":"https:\/\/www.culturalusa.com\/news\/?p=11813"},"modified":"2023-06-29T19:01:40","modified_gmt":"2023-06-29T17:01:40","slug":"lunion-europeenne-craint-un-poutine-affaibli-et-redit-son-soutien-a-lukraine","status":"publish","type":"post","link":"https:\/\/www.culturalusa.com\/news\/actualite\/lunion-europeenne-craint-un-poutine-affaibli-et-redit-son-soutien-a-lukraine\/","title":{"rendered":"L&rsquo;Union Europ\u00e9enne craint un Poutine \u00ab\u00a0affaibli\u00a0\u00bb et redit son soutien \u00e0 l&rsquo;Ukraine"},"content":{"rendered":"<h2>Les dirigeants europ\u00e9ens r\u00e9unis en sommet se sont inqui\u00e9t\u00e9s des risques induits par un Vladimir Poutine affaibli apr\u00e8s la r\u00e9bellion qui a d\u00e9stabilis\u00e9 le pouvoir russe, et ont r\u00e9it\u00e9r\u00e9 leur soutien \u00e0 long terme \u00e0 l&rsquo;Ukraine.<\/h2>\n<p>Le pr\u00e9sident russe a \u00e9t\u00e9 \u00ab\u00a0affaibli\u00a0\u00bb par la r\u00e9bellion du groupe Wagner ce qui fait de lui \u00ab\u00a0un plus grand danger\u00a0\u00bb, a affirm\u00e9 le chef de la diplomatie europ\u00e9enne Josep Borrell, \u00e0 son arriv\u00e9e \u00e0 Bruxelles. \u00ab\u00a0Il faut que nous soyons tr\u00e8s attentifs aux cons\u00e9quences\u00a0\u00bb.<\/p>\n<p>\u00ab\u00a0Jusqu&rsquo;\u00e0 pr\u00e9sent, nous consid\u00e9rions la Russie comme une menace pour sa force d\u00e9ploy\u00e9e en Ukraine. Aujourd&rsquo;hui, nous devons consid\u00e9rer la Russie comme un risque en raison de son instabilit\u00e9 interne\u00a0\u00bb, a-t-il poursuivi.<\/p>\n<p>Cette mutinerie a montr\u00e9 de \u00ab\u00a0profondes fissures\u00a0\u00bb dans le syst\u00e8me mis en place par Poutine et \u00ab\u00a0elle aura des cons\u00e9quences pour nous\u00a0\u00bb, a \u00e9galement averti la pr\u00e9sidente de la Commission europ\u00e9enne Ursula von der Leyen.<\/p>\n<p>L&rsquo;Ukraine \u00e9tait jeudi au coeur des discussions des dirigeants europ\u00e9ens, avec une intervention pr\u00e9vue du pr\u00e9sident Volodymyr Zelensky en visio-conf\u00e9rence.<\/p>\n<p>L&rsquo;UE a martel\u00e9 son engagement sur la dur\u00e9e au c\u00f4t\u00e9 de Kiev. \u00ab\u00a0Il est important que nous doublions le soutien \u00e0 l&rsquo;Ukraine, pour la capacit\u00e9 militaire et l&rsquo;aide financi\u00e8re\u00a0\u00bb, a plaid\u00e9 Mme von der Leyen.<\/p>\n<p>Elle a propos\u00e9 le 20 juin aux Etats membres d&rsquo;approuver un paquet d&rsquo;aide de 50 milliards d&rsquo;euros pour soutenir l&rsquo;Ukraine jusqu&rsquo;en 2027, dans le cadre d&rsquo;une rallonge du budget pluriannuel de l&rsquo;UE.<\/p>\n<h3>\u00a0\u00ab\u00a0Tenir longtemps\u00a0\u00bb<\/h3>\n<p>Le sommet des chefs d&rsquo;Etat et de gouvernement europ\u00e9ens est \u00ab\u00a0l&rsquo;occasion de nous mettre d&rsquo;accord sur la mani\u00e8re dont nous allons continuer \u00e0 organiser ensemble notre soutien \u00e0 l&rsquo;Ukraine\u00a0\u00bb, a soulign\u00e9 le chancelier allemand Olaf Scholz.<\/p>\n<p>\u00ab\u00a0Nous devons nous pr\u00e9parer \u00e0 ce que cela dure longtemps\u00a0\u00bb, a-t-il expliqu\u00e9.<\/p>\n<p>Le secr\u00e9taire g\u00e9n\u00e9ral de l&rsquo;Otan, le Norv\u00e9gien Jens Stoltenberg, invit\u00e9 du sommet, a \u00e9galement plaid\u00e9 pour une aide durable \u00e0 l&rsquo;Ukraine, qui ambitionne d&rsquo;adh\u00e9rer \u00e0 l&rsquo;Alliance atlantique et \u00e0 l&rsquo;UE.<\/p>\n<p>\u00ab\u00a0Il faut continuer \u00e0 soutenir l&rsquo;Ukraine pour qu&rsquo;elle reste un pays souverain et ind\u00e9pendant, sinon les d\u00e9bats sur l&rsquo;adh\u00e9sion n&rsquo;auront plus lieu d&rsquo;\u00eatre\u00a0\u00bb, a-t-il averti.<\/p>\n<p>Kiev a r\u00e9clam\u00e9 jeudi de la clart\u00e9 concernant la perspective de rejoindre l&rsquo;Otan apr\u00e8s la guerre. \u00ab\u00a0L&rsquo;Ukraine continue de travailler activement avec tous les alli\u00e9s de l&rsquo;Otan pour les convaincre que le moment est venu pour de la clart\u00e9 sur (son) adh\u00e9sion \u00e0 l&rsquo;Alliance\u00a0\u00bb, a d\u00e9clar\u00e9 le chef de la diplomatie ukrainienne Dmytro Kouleba.<\/p>\n<p>Volodymyr Zelensky avait r\u00e9clam\u00e9 que l&rsquo;Otan s&rsquo;engage sur des \u00e9l\u00e9ments \u00ab\u00a0concrets\u00a0\u00bb lors de son sommet pr\u00e9vu les 11 et 12 juillet prochains \u00e0 Vilnius (Lituanie).<\/p>\n<p>L&rsquo;Union europ\u00e9enne, de son c\u00f4t\u00e9, doit se pr\u00e9parer \u00e0 l&rsquo;adh\u00e9sion de l&rsquo;Ukraine et aborder le sujet sensible des r\u00e9formes \u00e0 mener pour \u00eatre en mesure d&rsquo;int\u00e9grer ce pays, g\u00e9ant agricole, a averti le pr\u00e9sident du Conseil europ\u00e9en, Charles Michel.<\/p>\n<p>\u00ab\u00a0Le d\u00e9bat sera difficile\u00a0\u00bb, a-t-il reconnu dans un entretien \u00e0 l&rsquo;AFP. \u00ab\u00a0Mais nous ne devons pas attendre le dernier moment si, en d\u00e9cembre, le rapport de la Commission europ\u00e9enne recommande d&rsquo;ouvrir les n\u00e9gociations d&rsquo;adh\u00e9sion avec l&rsquo;Ukraine\u00a0\u00bb.<\/p>\n<blockquote><p>Volodymyr Zelensky r\u00e9clame l&rsquo;ouverture des n\u00e9gociations d&rsquo;adh\u00e9sion d\u00e8s la fin de l&rsquo;ann\u00e9e 2023. Cette d\u00e9cision requiert l&rsquo;approbation unanime des 27 Etats membres.<\/p><\/blockquote>\n<p>En juin 2022, l&rsquo;UE a accord\u00e9 \u00e0 l&rsquo;Ukraine le statut de candidat \u00e0 l&rsquo;adh\u00e9sion dans un geste hautement symbolique \u00e0 la suite de l&rsquo;invasion du pays par la Russie. Neuf autres pays, dont la Serbie, le Kosovo, la Moldavie et la Turquie, frappent \u00e0 la porte de l&rsquo;UE.<\/p>\n<p>L&rsquo;\u00e9largissement sera au coeur des discussions lors des prochains sommets europ\u00e9ens de Grenade en Espagne et de Bruxelles \u00e0 la fin de l&rsquo;ann\u00e9e. (AFP)<\/p>\n","protected":false},"excerpt":{"rendered":"<p>Les dirigeants europ\u00e9ens r\u00e9unis en sommet se sont inqui\u00e9t\u00e9s des risques induits par un Vladimir Poutine affaibli apr\u00e8s la r\u00e9bellion qui a d\u00e9stabilis\u00e9 le pouvoir russe, et ont r\u00e9it\u00e9r\u00e9 leur soutien \u00e0 long terme \u00e0 l&rsquo;Ukraine. Le pr\u00e9sident russe a \u00e9t\u00e9 \u00ab\u00a0affaibli\u00a0\u00bb par la r\u00e9bellion du groupe Wagner ce qui fait de lui \u00ab\u00a0un plus [&hellip;]<\/p>\n","protected":false},"author":1,"featured_media":11814,"comment_status":"open","ping_status":"closed","sticky":false,"template":"","format":"standard","meta":{"footnotes":""},"categories":[30],"tags":[2289,690,2786,173],"class_list":["post-11813","post","type-post","status-publish","format-standard","has-post-thumbnail","hentry","category-actualite","tag-guerre-en-ukraine","tag-poutine","tag-rebellion-russie","tag-union-europeenne"],"aioseo_notices":[],"_links":{"self":[{"href":"https:\/\/www.culturalusa.com\/news\/wp-json\/wp\/v2\/posts\/11813","targetHints":{"allow":["GET"]}}],"collection":[{"href":"https:\/\/www.culturalusa.com\/news\/wp-json\/wp\/v2\/posts"}],"about":[{"href":"https:\/\/www.culturalusa.com\/news\/wp-json\/wp\/v2\/types\/post"}],"author":[{"embeddable":true,"href":"https:\/\/www.culturalusa.com\/news\/wp-json\/wp\/v2\/users\/1"}],"replies":[{"embeddable":true,"href":"https:\/\/www.culturalusa.com\/news\/wp-json\/wp\/v2\/comments?post=11813"}],"version-history":[{"count":1,"href":"https:\/\/www.culturalusa.com\/news\/wp-json\/wp\/v2\/posts\/11813\/revisions"}],"predecessor-version":[{"id":11815,"href":"https:\/\/www.culturalusa.com\/news\/wp-json\/wp\/v2\/posts\/11813\/revisions\/11815"}],"wp:featuredmedia":[{"embeddable":true,"href":"https:\/\/www.culturalusa.com\/news\/wp-json\/wp\/v2\/media\/11814"}],"wp:attachment":[{"href":"https:\/\/www.culturalusa.com\/news\/wp-json\/wp\/v2\/media?parent=11813"}],"wp:term":[{"taxonomy":"category","embeddable":true,"href":"https:\/\/www.culturalusa.com\/news\/wp-json\/wp\/v2\/categories?post=11813"},{"taxonomy":"post_tag","embeddable":true,"href":"https:\/\/www.culturalusa.com\/news\/wp-json\/wp\/v2\/tags?post=11813"}],"curies":[{"name":"wp","href":"https:\/\/api.w.org\/{rel}","templated":true}]}}