{"id":11831,"date":"2023-07-13T18:39:10","date_gmt":"2023-07-13T16:39:10","guid":{"rendered":"https:\/\/www.culturalusa.com\/news\/?p=11831"},"modified":"2023-07-13T18:39:10","modified_gmt":"2023-07-13T16:39:10","slug":"lisbonne-altice-portugal-perquisitionne-dans-une-enquete-pour-corruption","status":"publish","type":"post","link":"https:\/\/www.culturalusa.com\/news\/portugal\/lisbonne-altice-portugal-perquisitionne-dans-une-enquete-pour-corruption\/","title":{"rendered":"Lisbonne : Altice Portugal perquisitionn\u00e9 dans une enqu\u00eate pour corruption"},"content":{"rendered":"<h2>Le si\u00e8ge d&rsquo;Altice Portugal \u00e0 Lisbonne a \u00e9t\u00e9 perquisitionn\u00e9 dans le cadre d&rsquo;une enqu\u00eate portant sur des soup\u00e7ons de corruption, blanchiment d&rsquo;argent et fraude fiscale, ont annonc\u00e9 la filiale du groupe du milliardaire Patrick Drahi et le parquet portugais.<\/h2>\n<p>\u00ab\u00a0Altice confirme avoir \u00e9t\u00e9 une des entreprises vis\u00e9es par des perquisitions des autorit\u00e9s\u00a0\u00bb, a indiqu\u00e9 la soci\u00e9t\u00e9 dans un communiqu\u00e9, en disant apporter \u00ab\u00a0toute la coop\u00e9ration qui lui est demand\u00e9e\u00a0\u00bb.<\/p>\n<p>Le D\u00e9partement central d&rsquo;investigation et d&rsquo;action p\u00e9nale du minist\u00e8re public a pour sa part fait \u00e9tat de \u00ab\u00a0dizaines de perquisitions\u00a0\u00bb r\u00e9alis\u00e9es dans \u00ab\u00a0plusieurs r\u00e9gions du pays, notamment \u00e0 Lisbonne\u00a0\u00bb.<\/p>\n<h3>\u00ab\u00a0L&rsquo;enqu\u00eate porte sur des faits susceptibles de constituer des crimes de corruption dans le secteur priv\u00e9, fraude fiscale, faux et usage de faux et blanchiment\u00a0\u00bb, a-t-il pr\u00e9cis\u00e9 dans un communiqu\u00e9.<\/h3>\n<blockquote><p>D&rsquo;apr\u00e8s la cha\u00eene d&rsquo;information CNN Portugal, le cofondateur d&rsquo;Altice Armando Pereira \u00e9tait un des suspects impliqu\u00e9es dans cette affaire concernant la vente de biens immobiliers qui appartenaient \u00e0 l&rsquo;op\u00e9rateur historique Portugal Telecom, entretemps rachet\u00e9 par Altice.<\/p><\/blockquote>\n<p>Les enqu\u00eateurs s&rsquo;int\u00e9ressent notamment \u00e0 la vente de quatre immeubles pour un montant de 15 millions d&rsquo;euros, qui aurait l\u00e9s\u00e9 l&rsquo;Etat portugais et Altice International \u00e0 hauteur de plusieurs millions d&rsquo;euros, rapportait \u00e9galement CNN Portugal, sans citer sa source.<\/p>\n","protected":false},"excerpt":{"rendered":"<p>Le si\u00e8ge d&rsquo;Altice Portugal \u00e0 Lisbonne a \u00e9t\u00e9 perquisitionn\u00e9 dans le cadre d&rsquo;une enqu\u00eate portant sur des soup\u00e7ons de corruption, blanchiment d&rsquo;argent et fraude fiscale, ont annonc\u00e9 la filiale du groupe du milliardaire Patrick Drahi et le parquet portugais. \u00ab\u00a0Altice confirme avoir \u00e9t\u00e9 une des entreprises vis\u00e9es par des perquisitions des autorit\u00e9s\u00a0\u00bb, a indiqu\u00e9 la [&hellip;]<\/p>\n","protected":false},"author":1,"featured_media":11832,"comment_status":"open","ping_status":"closed","sticky":false,"template":"","format":"standard","meta":{"footnotes":""},"categories":[3],"tags":[2796,2797,299,47],"class_list":["post-11831","post","type-post","status-publish","format-standard","has-post-thumbnail","hentry","category-portugal","tag-altice-portugal","tag-blanchiment-dargent-et-fraude-fiscale","tag-corruption","tag-lisbonne"],"aioseo_notices":[],"_links":{"self":[{"href":"https:\/\/www.culturalusa.com\/news\/wp-json\/wp\/v2\/posts\/11831","targetHints":{"allow":["GET"]}}],"collection":[{"href":"https:\/\/www.culturalusa.com\/news\/wp-json\/wp\/v2\/posts"}],"about":[{"href":"https:\/\/www.culturalusa.com\/news\/wp-json\/wp\/v2\/types\/post"}],"author":[{"embeddable":true,"href":"https:\/\/www.culturalusa.com\/news\/wp-json\/wp\/v2\/users\/1"}],"replies":[{"embeddable":true,"href":"https:\/\/www.culturalusa.com\/news\/wp-json\/wp\/v2\/comments?post=11831"}],"version-history":[{"count":1,"href":"https:\/\/www.culturalusa.com\/news\/wp-json\/wp\/v2\/posts\/11831\/revisions"}],"predecessor-version":[{"id":11833,"href":"https:\/\/www.culturalusa.com\/news\/wp-json\/wp\/v2\/posts\/11831\/revisions\/11833"}],"wp:featuredmedia":[{"embeddable":true,"href":"https:\/\/www.culturalusa.com\/news\/wp-json\/wp\/v2\/media\/11832"}],"wp:attachment":[{"href":"https:\/\/www.culturalusa.com\/news\/wp-json\/wp\/v2\/media?parent=11831"}],"wp:term":[{"taxonomy":"category","embeddable":true,"href":"https:\/\/www.culturalusa.com\/news\/wp-json\/wp\/v2\/categories?post=11831"},{"taxonomy":"post_tag","embeddable":true,"href":"https:\/\/www.culturalusa.com\/news\/wp-json\/wp\/v2\/tags?post=11831"}],"curies":[{"name":"wp","href":"https:\/\/api.w.org\/{rel}","templated":true}]}}