{"id":1184,"date":"2013-09-02T19:52:43","date_gmt":"2013-09-02T17:52:43","guid":{"rendered":"http:\/\/www.culturalusa.com\/news\/?p=1184"},"modified":"2013-09-02T19:52:43","modified_gmt":"2013-09-02T17:52:43","slug":"le-portugal-est-le-nouvel-eldorado-des-retraites-europeens","status":"publish","type":"post","link":"https:\/\/www.culturalusa.com\/news\/economie\/le-portugal-est-le-nouvel-eldorado-des-retraites-europeens\/","title":{"rendered":"Le Portugal est le nouvel Eldorado des retrait\u00e9s europ\u00e9ens"},"content":{"rendered":"<p><img loading=\"lazy\" decoding=\"async\" src=\"http:\/\/www.culturalusa.com\/news\/wp-content\/uploads\/2013\/06\/tourisme-portugal.jpg\" alt=\"Eldorado des retrait\u00e9s au Portugal\" width=\"467\" height=\"319\" class=\"aligncenter size-full wp-image-1105\" srcset=\"https:\/\/www.culturalusa.com\/news\/wp-content\/uploads\/2013\/06\/tourisme-portugal.jpg 467w, https:\/\/www.culturalusa.com\/news\/wp-content\/uploads\/2013\/06\/tourisme-portugal-275x188.jpg 275w\" sizes=\"auto, (max-width: 467px) 100vw, 467px\" \/>Englu\u00e9 dans la crise, le Portugal suscite l&rsquo;int\u00e9r\u00eat d&rsquo;un nombre toujours plus grand de retrait\u00e9s europ\u00e9ens en qu\u00eate de douceur de vivre, attir\u00e9s par de g\u00e9n\u00e9reuses exon\u00e9rations fiscales et des prix immobiliers en forte baisse.<\/p>\n<p>\u00ab\u00a0En manque de soleil, de nombreux seniors anglais, allemands et scandinaves vivent d\u00e9j\u00e0 au Portugal, surtout en Algarve (sud), et les visiteurs fran\u00e7ais sont en nette hausse\u00a0\u00bb, commente \u00e0 l&rsquo;AFP Carlos Vinhas Pereira, pr\u00e9sident de la Chambre de commerce et d&rsquo;industrie franco-portugaise.<\/p>\n<p>Pour attirer encore plus de candidats \u00e0 l&rsquo;exil, le gouvernement a all\u00e9g\u00e9 le fardeau fiscal: depuis d\u00e9but 2013, tous les retrait\u00e9s europ\u00e9ens du secteur priv\u00e9 qui s&rsquo;installent pour la premi\u00e8re fois au Portugal sont exon\u00e9r\u00e9s d&rsquo;imp\u00f4ts sur leurs pensions per\u00e7ues dans leur pays d&rsquo;origine.<\/p>\n<p>\u00ab\u00a0Les mesures d&rsquo;aust\u00e9rit\u00e9 que le gouvernement applique pour satisfaire les exigences de la tro\u00efka des cr\u00e9anciers ont contribu\u00e9 \u00e0 baisser la demande int\u00e9rieure, d&rsquo;o\u00f9 l&rsquo;id\u00e9e de faire appel \u00e0 l&rsquo;ext\u00e9rieur pour relancer la machine\u00a0\u00bb, rel\u00e8ve M. Vinhas Pereira.<br \/>\nCes incitations fiscales accord\u00e9es aux \u00e9trangers n&rsquo;ont pas manqu\u00e9 de susciter des grincements de dents dans un pays qui a d\u00e9clar\u00e9 la guerre \u00e0 la fraude fiscale et fortement augment\u00e9 les imp\u00f4ts des Portugais pour faire rentrer de l&rsquo;argent dans les caisses de l&rsquo;Etat.<\/p>\n<p>Pour Erwin Mohr, vice-pr\u00e9sident de l&rsquo;association des propri\u00e9taires \u00e9trangers au Portugal qui a \u00e9lu domicile \u00e0 Portimao (Algarve) il y a 19 ans pour \u00ab\u00a0\u00e9chapper \u00e0 la neige en Allemagne\u00a0\u00bb, le pays est bel et bien en passe de \u00ab\u00a0devenir la Floride de l&rsquo;Europe\u00a0\u00bb, voire un \u00ab\u00a0paradis fiscal pour les nouveaux retrait\u00e9s\u00a0\u00bb.<br \/>\n\u00ab\u00a0Un couple de retrait\u00e9s allemands install\u00e9 au Portugal d\u00e9pense facilement 1.500 \u00e0 2.000 euros par mois, ce qui compense sans conteste l&rsquo;\u00e9ventuel manque \u00e0 gagner pour le fisc portugais\u00a0\u00bb, juge-t-il. \u00ab\u00a0Sans les retrait\u00e9s, l&rsquo;\u00e9conomie de l&rsquo;Algarve s&rsquo;\u00e9croulerait\u00a0\u00bb, assure-t-il.<br \/>\nCours de portugais gratuits<\/p>\n<p>Fin 2011, l&rsquo;Institut national de la statistique recensait 735.000 logements vides au Portugal. \u00ab\u00a0Contrairement \u00e0 l&rsquo;Espagne, il n&rsquo;y a pas eu de bulle immobili\u00e8re au Portugal, et il n&rsquo;y a pas de villes fant\u00f4me\u00a0\u00bb, nuance M. Vinhas Pereira.<br \/>\nSurendett\u00e9s, de nombreux Portugais se sont fait confisquer leurs maisons par les banques qui jouent d\u00e9sormais les agents immobiliers et offrent des conditions de cr\u00e9dit tr\u00e8s avantageuses pour des repreneurs \u00e9trangers.<\/p>\n<p>\u00ab\u00a0En Algarve, vous pouvez d\u00e9crocher un cr\u00e9dit de 120.000 euros \u00e0 1,5% pour un deux pi\u00e8ces \u00e0 100 m\u00e8tres de la plage, et ensuite le relouer pour rentrer dans vos frais\u00a0\u00bb, assure Ivo Agostinho, agent immobilier de Formula Prime, qui compte de nombreux retrait\u00e9s dans sa client\u00e8le.<\/p>\n<p>Les prix immobiliers ont chut\u00e9 d&rsquo;environ 30% ces trois derni\u00e8res ann\u00e9es au Portugal. Mais \u00e0 Lisbonne, \u00ab\u00a0les prix ne baisseront plus, c&rsquo;est le moment d&rsquo;acheter\u00a0\u00bb, affirme Pascal Gon\u00e7alves, de l&rsquo;agence immobili\u00e8re Maison au Portugal qui a d\u00e9cel\u00e9 des signes avant-coureurs d&rsquo;une reprise du march\u00e9.<\/p>\n<p>Cette agence offre d&rsquo;ailleurs aux heureux acheteurs \u00ab\u00a020 heures de cours de portugais gratuits \u00e0 l&rsquo;Institut Camoes pour vaincre les barri\u00e8res et leur permettre de mieux s&rsquo;int\u00e9grer\u00a0\u00bb.<\/p>\n<p>Un magistrat fran\u00e7ais \u00e2g\u00e9 de 65 ans et sa soeur ain\u00e9e, \u00e9galement dans la fonction publique, sont \u00e0 la recherche d&rsquo;une maison en Algarve: \u00ab\u00a0Le climat est bon, la vie moins ch\u00e8re, et nous faisons plus confiance au Portugal qu&rsquo;au Maroc ou \u00e0 la Tunisie, nous pr\u00e9f\u00e9rons la r\u00e9volution des oeillets au printemps arabe\u00a0\u00bb.<\/p>\n<p>Mais ils ne pourront pas profiter des avantages fiscaux, r\u00e9serv\u00e9s aux seuls retrait\u00e9s du secteur priv\u00e9, sous certaines conditions.<br \/>\nBerthold Grandy, directeur juridique de la Chambre de commerce et d&rsquo;industrie germano-portugaise, met d&rsquo;ailleurs en garde les candidats \u00e0 l&rsquo;exil: \u00ab\u00a0paradis fiscal oui, mais \u00e0 condition d&rsquo;avoir bien v\u00e9rifi\u00e9 les accords de double imposition respectifs\u00a0\u00bb pour \u00ab\u00a0\u00e9viter de mauvaises surprises\u00a0\u00bb dans son pays d&rsquo;origine. (AFP)<\/p>\n<p style=\"text-align:center;\"><script type=\"text\/javascript\"><!--\ngoogle_ad_client = \"ca-pub-2727717456356200\";\n\/* CulturaLusa 468x60 *\/\ngoogle_ad_slot = \"2785499263\";\ngoogle_ad_width = 468;\ngoogle_ad_height = 60;\n\/\/-->\n<\/script><br \/>\n<script type=\"text\/javascript\"\nsrc=\"http:\/\/pagead2.googlesyndication.com\/pagead\/show_ads.js\">\n<\/script><\/p>\n","protected":false},"excerpt":{"rendered":"<p>Englu\u00e9 dans la crise, le Portugal suscite l&rsquo;int\u00e9r\u00eat d&rsquo;un nombre toujours plus grand de retrait\u00e9s europ\u00e9ens en qu\u00eate de douceur de vivre, attir\u00e9s par de g\u00e9n\u00e9reuses exon\u00e9rations fiscales et des prix immobiliers en forte baisse. \u00ab\u00a0En manque de soleil, de nombreux seniors anglais, allemands et scandinaves vivent d\u00e9j\u00e0 au Portugal, surtout en Algarve (sud), et [&hellip;]<\/p>\n","protected":false},"author":1,"featured_media":0,"comment_status":"open","ping_status":"closed","sticky":false,"template":"","format":"standard","meta":{"footnotes":""},"categories":[1],"tags":[],"class_list":["post-1184","post","type-post","status-publish","format-standard","hentry","category-economie"],"aioseo_notices":[],"_links":{"self":[{"href":"https:\/\/www.culturalusa.com\/news\/wp-json\/wp\/v2\/posts\/1184","targetHints":{"allow":["GET"]}}],"collection":[{"href":"https:\/\/www.culturalusa.com\/news\/wp-json\/wp\/v2\/posts"}],"about":[{"href":"https:\/\/www.culturalusa.com\/news\/wp-json\/wp\/v2\/types\/post"}],"author":[{"embeddable":true,"href":"https:\/\/www.culturalusa.com\/news\/wp-json\/wp\/v2\/users\/1"}],"replies":[{"embeddable":true,"href":"https:\/\/www.culturalusa.com\/news\/wp-json\/wp\/v2\/comments?post=1184"}],"version-history":[{"count":0,"href":"https:\/\/www.culturalusa.com\/news\/wp-json\/wp\/v2\/posts\/1184\/revisions"}],"wp:attachment":[{"href":"https:\/\/www.culturalusa.com\/news\/wp-json\/wp\/v2\/media?parent=1184"}],"wp:term":[{"taxonomy":"category","embeddable":true,"href":"https:\/\/www.culturalusa.com\/news\/wp-json\/wp\/v2\/categories?post=1184"},{"taxonomy":"post_tag","embeddable":true,"href":"https:\/\/www.culturalusa.com\/news\/wp-json\/wp\/v2\/tags?post=1184"}],"curies":[{"name":"wp","href":"https:\/\/api.w.org\/{rel}","templated":true}]}}