{"id":11840,"date":"2023-07-14T17:13:48","date_gmt":"2023-07-14T15:13:48","guid":{"rendered":"https:\/\/www.culturalusa.com\/news\/?p=11840"},"modified":"2023-07-14T17:13:48","modified_gmt":"2023-07-14T15:13:48","slug":"planete-une-coalition-de-pays-reclame-une-sortie-urgente-des-energies-fossiles","status":"publish","type":"post","link":"https:\/\/www.culturalusa.com\/news\/technologie\/planete-une-coalition-de-pays-reclame-une-sortie-urgente-des-energies-fossiles\/","title":{"rendered":"Plan\u00e8te : une coalition de pays r\u00e9clame une \u00ab\u00a0sortie urgente\u00a0\u00bb des \u00e9nergies fossiles"},"content":{"rendered":"<h2>Une coalition de dix-huit pays men\u00e9e par les \u00celes Marshall a r\u00e9clam\u00e9 \u00ab\u00a0une sortie urgente des \u00e9nergies fossiles\u00a0\u00bb et \u00ab\u00a0un pic des gaz \u00e0 effet de serre d&rsquo;ici \u00e0 2025\u00a0\u00bb au terme d&rsquo;un sommet sur le climat \u00e0 Bruxelles \u00e0 cinq mois de la COP28.<\/h2>\n<p>\u00ab\u00a0Nous devons acc\u00e9l\u00e9rer la transition \u00e9nerg\u00e9tique mondiale hors des \u00e9nergies fossiles\u00a0\u00bb, objectif affich\u00e9 du G7, et \u00ab\u00a0nous devons atteindre le pic d&rsquo;\u00e9missions de gaz \u00e0 effet de serre d&rsquo;ici \u00e0 2025 au plus tard\u00a0\u00bb, affirme le texte sign\u00e9 par des ministres repr\u00e9sentant l&rsquo;Allemagne, la France, le S\u00e9n\u00e9gal, la Colombie et plusieurs \u00c9tats insulaires.<\/p>\n<blockquote><p>\u00ab\u00a0Cela n\u00e9cessite des transformations syst\u00e9miques dans tous les secteurs, entra\u00een\u00e9es par une sortie urgente des combustibles fossiles, en commen\u00e7ant par un d\u00e9clin rapide de leur production et de leur utilisation dans cette d\u00e9cennie\u00a0\u00bb, \u00e9crivent-ils dans une d\u00e9claration finale du 7e sommet minist\u00e9riel pour l&rsquo;action climatique (MoCA) \u00e0 Bruxelles.<\/p><\/blockquote>\n<p>Ces affirmations dessinent en creux les lignes de n\u00e9gociations qui s&rsquo;affrontent dans les pr\u00e9paratifs de la conf\u00e9rence climat de l&rsquo;ONU \u00e0 Duba\u00ef, o\u00f9 l&rsquo;humanit\u00e9 doit s&rsquo;accorder sur les moyens de sauver l&rsquo;objectif en p\u00e9ril de l&rsquo;accord de Paris: contenir le r\u00e9chauffement \u00ab\u00a0bien en de\u00e7\u00e0 de 2\u00b0C\u00a0\u00bb par rapport \u00e0 la p\u00e9riode pr\u00e9-industrielle et si possible \u00e0 1,5\u00b0C.<\/p>\n<p>\u00ab\u00a0Nous devons \u00e9liminer bien avant 2050 les combustibles fossiles +unabated+\u00a0\u00bb, c&rsquo;est- \u00e0-dire non adoss\u00e9s \u00e0 des dispositifs de captage ou de stockage de carbone, avait affirm\u00e9 mardi le commissaire europ\u00e9en \u00e0 l&rsquo;Environnement Frans Timmermans, \u00e9galement signataire de cette d\u00e9claration, lors d&rsquo;un discours en Espagne.<\/p>\n<p>Ce qui est entendu par le terme anglais \u00ab\u00a0unabated\u00a0\u00bb promet d&rsquo;\u00eatre \u00e2prement d\u00e9battu d&rsquo;ici \u00e0 la COP28 et les dix-huit ministres mettent en garde: \u00ab\u00a0Les technologies de r\u00e9duction d&rsquo;\u00e9missions et de d\u00e9pollution (\u00ab\u00a0abatement technologies\u00a0\u00bb en anglais) ne doivent pas servir de feu vert \u00e0 l&rsquo;expansion continue des combustibles fossiles (&#8230;) et devraient \u00eatre reconnues comme n&rsquo;ayant qu&rsquo;un r\u00f4le minimal \u00e0 jouer dans la d\u00e9carbonation\u00a0\u00bb de l&rsquo;\u00e9nergie.<\/p>\n<p>Le le pr\u00e9sident \u00e9mirati de la COP28 Sultan al-Jaber a pr\u00e9sent\u00e9 son plan pour esp\u00e9rer obtenir un accord ambitieux \u00e0 Duba\u00ef sur l&rsquo;acc\u00e9l\u00e9ration de la transition \u00e9nerg\u00e9tique, sans toutefois se prononcer sur un objectif temporel de sortie des \u00e9nergies fossiles.<\/p>\n<p>\u00ab\u00a0Je n&rsquo;ai pas de baguette magique, je ne veux pas inventer des dates qui ne sont pas justifi\u00e9es\u00a0\u00bb faute de d\u00e9veloppement suffisant des \u00e9nergies bas carbone pour r\u00e9pondre \u00e0 la croissance mondiale, a-t-il d\u00e9clar\u00e9 dans un entretien \u00e0 l&rsquo;AFP.<\/p>\n<p>Parmi les objectifs concrets qu&rsquo;il a propos\u00e9: tripler la capacit\u00e9 des renouvelables dans le monde d&rsquo;ici \u00e0 2030, \u00e0 11.000 gigawatts, doubler l&rsquo;am\u00e9lioration de l&rsquo;efficacit\u00e9 \u00e9nerg\u00e9tique d&rsquo;ici \u00e0 2030 et doubler la production d&rsquo;hydrog\u00e8ne \u00e0 180 millions de tonnes d&rsquo;ici \u00e0 2030. (AFP)<\/p>\n","protected":false},"excerpt":{"rendered":"<p>Une coalition de dix-huit pays men\u00e9e par les \u00celes Marshall a r\u00e9clam\u00e9 \u00ab\u00a0une sortie urgente des \u00e9nergies fossiles\u00a0\u00bb et \u00ab\u00a0un pic des gaz \u00e0 effet de serre d&rsquo;ici \u00e0 2025\u00a0\u00bb au terme d&rsquo;un sommet sur le climat \u00e0 Bruxelles \u00e0 cinq mois de la COP28. \u00ab\u00a0Nous devons acc\u00e9l\u00e9rer la transition \u00e9nerg\u00e9tique mondiale hors des \u00e9nergies [&hellip;]<\/p>\n","protected":false},"author":1,"featured_media":10717,"comment_status":"open","ping_status":"closed","sticky":false,"template":"","format":"standard","meta":{"footnotes":""},"categories":[6],"tags":[227,2802,2801],"class_list":["post-11840","post","type-post","status-publish","format-standard","has-post-thumbnail","hentry","category-technologie","tag-gaz-a-effet-de-serre","tag-sommet-sur-le-climat-a-bruxelles","tag-sortie-urgente-des-energies-fossiles"],"aioseo_notices":[],"_links":{"self":[{"href":"https:\/\/www.culturalusa.com\/news\/wp-json\/wp\/v2\/posts\/11840","targetHints":{"allow":["GET"]}}],"collection":[{"href":"https:\/\/www.culturalusa.com\/news\/wp-json\/wp\/v2\/posts"}],"about":[{"href":"https:\/\/www.culturalusa.com\/news\/wp-json\/wp\/v2\/types\/post"}],"author":[{"embeddable":true,"href":"https:\/\/www.culturalusa.com\/news\/wp-json\/wp\/v2\/users\/1"}],"replies":[{"embeddable":true,"href":"https:\/\/www.culturalusa.com\/news\/wp-json\/wp\/v2\/comments?post=11840"}],"version-history":[{"count":1,"href":"https:\/\/www.culturalusa.com\/news\/wp-json\/wp\/v2\/posts\/11840\/revisions"}],"predecessor-version":[{"id":11841,"href":"https:\/\/www.culturalusa.com\/news\/wp-json\/wp\/v2\/posts\/11840\/revisions\/11841"}],"wp:featuredmedia":[{"embeddable":true,"href":"https:\/\/www.culturalusa.com\/news\/wp-json\/wp\/v2\/media\/10717"}],"wp:attachment":[{"href":"https:\/\/www.culturalusa.com\/news\/wp-json\/wp\/v2\/media?parent=11840"}],"wp:term":[{"taxonomy":"category","embeddable":true,"href":"https:\/\/www.culturalusa.com\/news\/wp-json\/wp\/v2\/categories?post=11840"},{"taxonomy":"post_tag","embeddable":true,"href":"https:\/\/www.culturalusa.com\/news\/wp-json\/wp\/v2\/tags?post=11840"}],"curies":[{"name":"wp","href":"https:\/\/api.w.org\/{rel}","templated":true}]}}