{"id":11842,"date":"2023-07-16T16:50:48","date_gmt":"2023-07-16T14:50:48","guid":{"rendered":"https:\/\/www.culturalusa.com\/news\/?p=11842"},"modified":"2023-07-16T16:50:48","modified_gmt":"2023-07-16T14:50:48","slug":"jane-birkin-est-parti-a-lage-de-76-ans","status":"publish","type":"post","link":"https:\/\/www.culturalusa.com\/news\/culture\/jane-birkin-est-parti-a-lage-de-76-ans\/","title":{"rendered":"Jane Birkin est parti \u00e0 l&rsquo;\u00e2ge de 76 ans"},"content":{"rendered":"<h2>Elle \u00e9tait l&rsquo;Anglaise pr\u00e9f\u00e9r\u00e9e des Fran\u00e7ais, une icone de mode et une voix teint\u00e9e d&rsquo;un d\u00e9licieux accent: Jane Birkin est morte \u00e0 l&rsquo;\u00e2ge de 76 ans, retrouv\u00e9e sans vie dimanche \u00e0 Paris, apr\u00e8s avoir marqu\u00e9 de son empreinte la chanson et le cin\u00e9ma.<\/h2>\n<p>L&rsquo;information, donn\u00e9e par Le Parisien et BFMTV, a \u00e9t\u00e9 confirm\u00e9e \u00e0 l&rsquo;AFP par une source proche du dossier.<\/p>\n<blockquote><p>Cette Londonienne d&rsquo;origine, naturalis\u00e9e fran\u00e7aise, dont le nom est indissociable de celui de Serge Gainsbourg, avait r\u00e9cemment fait part de graves probl\u00e8mes de sant\u00e9 qui l&rsquo;avaient oblig\u00e9e \u00e0 annuler des concerts.<\/p><\/blockquote>\n<p>Elle \u00e9tait apparue affaiblie lors de la derni\u00e8re c\u00e9r\u00e9monie des C\u00e9sar en f\u00e9vrier, aux c\u00f4t\u00e9s de sa fille Charlotte et de sa petite-fille Alice.<\/p>\n<p>Jane Birkin a connu un succ\u00e8s mondial avec des chansons comme \u00ab\u00a0Je t&rsquo;aime&#8230; moi non plus\u00a0\u00bb, duo avec Gainsbourg en 1969 au parfum de scandale, \u00ab\u00a0Jane B\u00a0\u00bb la m\u00eame ann\u00e9e ou \u00ab\u00a0Ex-fan des sixties\u00a0\u00bb en 1978. Le public l&rsquo;appr\u00e9ciait pour sa sensibilit\u00e9, soulign\u00e9e par le d\u00e9licat accent britannique qu&rsquo;elle a conserv\u00e9 toute sa vie.<\/p>\n<p>\u00ab\u00a0Inimaginable de vivre dans un monde sans ta lumi\u00e8re\u00a0\u00bb, a d\u00e9plor\u00e9 le chanteur \u00c9tienne Daho, un des ses proches, sur Instagram. Sheila, Patrick Bruel ont eux aussi salu\u00e9 sa m\u00e9moire sur les r\u00e9seaux sociaux.<\/p>\n<p>Au cin\u00e9ma, elle a jou\u00e9 dans \u00ab\u00a0Blow up\u00a0\u00bb d&rsquo;Antonioni, Palme d&rsquo;or en 1967, \u00ab\u00a0La Piscine\u00a0\u00bb avec Romy Schneider et Alain Delon en 1969, ou des r\u00e9alisateurs comme Jean-Luc Godard, Jacques Doillon, Jacques Rivette ou Agn\u00e8s Varda.<\/p>\n<p>La relation avec Serge Gainsbourg, qu&rsquo;elle a connu sur un plateau de tournage en 1968, a donn\u00e9 une nouvelle orientation \u00e0 sa carri\u00e8re. Et a fait du couple un duo mythique dans le Paris des seventies, m\u00ealant passion, glamour et scandales.<\/p>\n<p>Jane finira par \u00e9touffer face \u00e0 celui qui est enferm\u00e9 dans ses exc\u00e8s qui se doublent parfois d&rsquo;acc\u00e8s de violence. En 1981, elle fuit leur appartement de la rue Verneuil \u00e0 Paris, avec ses filles Kate (n\u00e9e de son union avec John Barry) et Charlotte, et refait sa vie avec le cin\u00e9aste Jacques Doillon.<\/p>\n<p>Longtemps apr\u00e8s le d\u00e9c\u00e8s de Serge Gainsbourg en 1991, et en d\u00e9pit d&rsquo;\u00e9preuves comme la disparition de sa fille Kate Barry, en 2013, puis une leuc\u00e9mie longue \u00e0 gu\u00e9rir, elle a toujours chant\u00e9 l\u2019\u0153uvre de celui avec lequel elle forma un couple mythique.<\/p>\n<p>Jane Birkin \u00e9tait officier de l&rsquo;Ordre de l&rsquo;Empire britannique et, en France, commandeur de l&rsquo;Ordre des Arts et des Lettres. Mais elle a refus\u00e9 la L\u00e9gion d&rsquo;honneur en 1989, estimant que \u00ab\u00a0seuls des h\u00e9ros\u00a0\u00bb devaient la recevoir.<\/p>\n<p>C&rsquo;\u00e9tait une fa\u00e7on de saluer son p\u00e8re, David, un officier de la Royal Navy qui avait transport\u00e9 des r\u00e9sistants de Grande-Bretagne vers la France pendant la Seconde Guerre mondiale. Celui-ci s&rsquo;\u00e9tait \u00e9teint en 1991, le jour des fun\u00e9railles de Serge Gainsbourg.<\/p>\n<p>Les circonstances de la mort de Jane Birkin n&rsquo;ont pas \u00e9t\u00e9 pr\u00e9cis\u00e9es.<\/p>\n","protected":false},"excerpt":{"rendered":"<p>Elle \u00e9tait l&rsquo;Anglaise pr\u00e9f\u00e9r\u00e9e des Fran\u00e7ais, une icone de mode et une voix teint\u00e9e d&rsquo;un d\u00e9licieux accent: Jane Birkin est morte \u00e0 l&rsquo;\u00e2ge de 76 ans, retrouv\u00e9e sans vie dimanche \u00e0 Paris, apr\u00e8s avoir marqu\u00e9 de son empreinte la chanson et le cin\u00e9ma. L&rsquo;information, donn\u00e9e par Le Parisien et BFMTV, a \u00e9t\u00e9 confirm\u00e9e \u00e0 l&rsquo;AFP [&hellip;]<\/p>\n","protected":false},"author":1,"featured_media":11843,"comment_status":"open","ping_status":"closed","sticky":false,"template":"","format":"standard","meta":{"footnotes":""},"categories":[4],"tags":[1196,2803,1195],"class_list":["post-11842","post","type-post","status-publish","format-standard","has-post-thumbnail","hentry","category-culture","tag-jane-birkin","tag-jane-birkin-est-parti-a-76-ans","tag-serge-gainsbourg"],"aioseo_notices":[],"_links":{"self":[{"href":"https:\/\/www.culturalusa.com\/news\/wp-json\/wp\/v2\/posts\/11842","targetHints":{"allow":["GET"]}}],"collection":[{"href":"https:\/\/www.culturalusa.com\/news\/wp-json\/wp\/v2\/posts"}],"about":[{"href":"https:\/\/www.culturalusa.com\/news\/wp-json\/wp\/v2\/types\/post"}],"author":[{"embeddable":true,"href":"https:\/\/www.culturalusa.com\/news\/wp-json\/wp\/v2\/users\/1"}],"replies":[{"embeddable":true,"href":"https:\/\/www.culturalusa.com\/news\/wp-json\/wp\/v2\/comments?post=11842"}],"version-history":[{"count":1,"href":"https:\/\/www.culturalusa.com\/news\/wp-json\/wp\/v2\/posts\/11842\/revisions"}],"predecessor-version":[{"id":11844,"href":"https:\/\/www.culturalusa.com\/news\/wp-json\/wp\/v2\/posts\/11842\/revisions\/11844"}],"wp:featuredmedia":[{"embeddable":true,"href":"https:\/\/www.culturalusa.com\/news\/wp-json\/wp\/v2\/media\/11843"}],"wp:attachment":[{"href":"https:\/\/www.culturalusa.com\/news\/wp-json\/wp\/v2\/media?parent=11842"}],"wp:term":[{"taxonomy":"category","embeddable":true,"href":"https:\/\/www.culturalusa.com\/news\/wp-json\/wp\/v2\/categories?post=11842"},{"taxonomy":"post_tag","embeddable":true,"href":"https:\/\/www.culturalusa.com\/news\/wp-json\/wp\/v2\/tags?post=11842"}],"curies":[{"name":"wp","href":"https:\/\/api.w.org\/{rel}","templated":true}]}}