{"id":11845,"date":"2023-07-18T19:23:51","date_gmt":"2023-07-18T17:23:51","guid":{"rendered":"https:\/\/www.culturalusa.com\/news\/?p=11845"},"modified":"2023-07-18T19:23:51","modified_gmt":"2023-07-18T17:23:51","slug":"lespagne-inflige-194-millions-deuros-damende-a-apple-et-amazon","status":"publish","type":"post","link":"https:\/\/www.culturalusa.com\/news\/actualite\/lespagne-inflige-194-millions-deuros-damende-a-apple-et-amazon\/","title":{"rendered":"L&rsquo;Espagne inflige 194 millions d&rsquo;euros d&rsquo;amende \u00e0 Apple et Amazon"},"content":{"rendered":"<h2>Concurrence: l&rsquo;autorit\u00e9 de la concurrence espagnole a inflig\u00e9 une amende globale de 194 millions d&rsquo;euros aux g\u00e9ants am\u00e9ricains Apple et Amazon pour des pratiques jug\u00e9es anticoncurrentielles dans la distribution des produits de la marque \u00e0 la pomme par Amazon Espagne.<\/h2>\n<p>Les deux poids lourds de la tech sont accus\u00e9s par la Commission nationale des march\u00e9s et de la concurrence (CNMC) d&rsquo;avoir restreint l&rsquo;acc\u00e8s \u00e0 la plateforme Amazon de certains revendeurs de produits Apple dans le cadre de deux contrats sign\u00e9s en octobre 2018.<\/p>\n<p>En vertu de ces contrats, \u00ab\u00a0seul un certain nombre de revendeurs d\u00e9sign\u00e9s par Apple pouvaient vendre des produits de la marque Apple via le site web d&rsquo;Amazon Espagne\u00a0\u00bb, a d\u00e9taill\u00e9 dans un communiqu\u00e9 l&rsquo;organisme charg\u00e9 de faire respecter le droit de la concurrence en Espagne.<\/p>\n<p>En outre, ces accords \u00ab\u00a0ont limit\u00e9 la possibilit\u00e9 offerte aux concurrents d&rsquo;Apple d&rsquo;acheter des espaces publicitaires sur le site d&rsquo;Amazon en Espagne pour proposer leurs produits\u00a0\u00bb, ce qui a \u00ab\u00a0nui directement aux consommateurs en limitant leur capacit\u00e9 \u00e0 d\u00e9couvrir de nouvelles marques\u00a0\u00bb, ajoute le communiqu\u00e9.<\/p>\n<h3>La CNMC, qui estime que ces pratiques ont \u00ab\u00a0modifi\u00e9 la dynamique de vente des produits Apple\u00a0\u00bb via Amazon Espagne, pr\u00e9cise avoir inflig\u00e9 dans le d\u00e9tail 143,6 millions d&rsquo;euros d&rsquo;amende \u00e0 Apple et 50,5 millions d&rsquo;euros \u00e0 Amazon.<\/h3>\n<p>Dans une r\u00e9action transmise \u00e0 l&rsquo;AFP, Apple a annonc\u00e9 qu&rsquo;il allait faire appel de cette d\u00e9cision, assurant avoir mis en place ces r\u00e8gles avec Amazon afin de \u00ab\u00a0prot\u00e9ger les consommateurs\u00a0\u00bb face aux risques de contrefa\u00e7ons.<\/p>\n<p>L&rsquo;objectif d&rsquo;Apple est de \u00ab\u00a0prot\u00e9ger les utilisateurs contre les risques que font peser les produits contrefaits en terme de s\u00e9curit\u00e9, de s\u00fbret\u00e9 et de qualit\u00e9\u00a0\u00bb, a indiqu\u00e9 le groupe, qui assure avoir r\u00e9ussi gr\u00e2ce \u00e0 ces r\u00e8gles \u00e0 \u00ab\u00a0r\u00e9duire efficacement la contrefa\u00e7on\u00a0\u00bb.<\/p>\n<p>Apple et Amazon avaient \u00e9cop\u00e9 en novembre 2021 d&rsquo;une amende similaire (200 millions d&rsquo;euros), inflig\u00e9e par le gendarme de la concurrence italien pour un contrat de fin 2018 interdisant \u00e0 des revendeurs officiels et non-officiels de produits Apple d&rsquo;utiliser la plateforme italienne d&rsquo;Amazon.<\/p>\n<p>Cette amende a finalement \u00e9t\u00e9 annul\u00e9e l&rsquo;an dernier par une cour d&rsquo;appel administrative.<\/p>\n<p>Amazon et Apple, comme l&rsquo;ensemble des poids lourds de la tech, sont r\u00e9guli\u00e8rement mis en cause en Europe pour non respect du droit de la concurrence. En Italie, Amazon a ainsi \u00e9cop\u00e9 de 1,128 milliard d&rsquo;euros d&rsquo;amende en d\u00e9cembre 2021. En France, 371,6 millions d&rsquo;euros d&rsquo;amende ont \u00e9t\u00e9 inflig\u00e9s \u00e0 Apple en octobre 2022.<\/p>\n<p>Apr\u00e8s des ann\u00e9es \u00e0 courir en vain apr\u00e8s les infractions dans des proc\u00e9dures judiciaires interminables, l&rsquo;Union europ\u00e9enne s&rsquo;est accord\u00e9e en mars 2022 sur une nouvelle l\u00e9gislation, le R\u00e8glement sur les march\u00e9s num\u00e9riques (DMA), devant mettre fin aux abus de position dominante des g\u00e9ants du num\u00e9rique.<\/p>\n<p>Cette nouvelle l\u00e9gislation, qui entrera en vigueur \u00e0 partir de mars 2024, permettra \u00e0 Bruxelles d&rsquo;agir en amont en imposant aux acteurs les plus puissants des r\u00e8gles \u00e0 respecter sous peine d&rsquo;amendes dissuasives. L&rsquo;objectif est d&rsquo;agir avant que les comportements abusifs n&rsquo;aient d\u00e9truit la concurrence. (AFP)<\/p>\n","protected":false},"excerpt":{"rendered":"<p>Concurrence: l&rsquo;autorit\u00e9 de la concurrence espagnole a inflig\u00e9 une amende globale de 194 millions d&rsquo;euros aux g\u00e9ants am\u00e9ricains Apple et Amazon pour des pratiques jug\u00e9es anticoncurrentielles dans la distribution des produits de la marque \u00e0 la pomme par Amazon Espagne. Les deux poids lourds de la tech sont accus\u00e9s par la Commission nationale des march\u00e9s [&hellip;]<\/p>\n","protected":false},"author":1,"featured_media":11846,"comment_status":"open","ping_status":"closed","sticky":false,"template":"","format":"standard","meta":{"footnotes":""},"categories":[30],"tags":[2804,2380,2378,407],"class_list":["post-11845","post","type-post","status-publish","format-standard","has-post-thumbnail","hentry","category-actualite","tag-amende-a-apple-et-amazon","tag-anticoncurrentielles","tag-concurrence","tag-espagne"],"aioseo_notices":[],"_links":{"self":[{"href":"https:\/\/www.culturalusa.com\/news\/wp-json\/wp\/v2\/posts\/11845","targetHints":{"allow":["GET"]}}],"collection":[{"href":"https:\/\/www.culturalusa.com\/news\/wp-json\/wp\/v2\/posts"}],"about":[{"href":"https:\/\/www.culturalusa.com\/news\/wp-json\/wp\/v2\/types\/post"}],"author":[{"embeddable":true,"href":"https:\/\/www.culturalusa.com\/news\/wp-json\/wp\/v2\/users\/1"}],"replies":[{"embeddable":true,"href":"https:\/\/www.culturalusa.com\/news\/wp-json\/wp\/v2\/comments?post=11845"}],"version-history":[{"count":1,"href":"https:\/\/www.culturalusa.com\/news\/wp-json\/wp\/v2\/posts\/11845\/revisions"}],"predecessor-version":[{"id":11847,"href":"https:\/\/www.culturalusa.com\/news\/wp-json\/wp\/v2\/posts\/11845\/revisions\/11847"}],"wp:featuredmedia":[{"embeddable":true,"href":"https:\/\/www.culturalusa.com\/news\/wp-json\/wp\/v2\/media\/11846"}],"wp:attachment":[{"href":"https:\/\/www.culturalusa.com\/news\/wp-json\/wp\/v2\/media?parent=11845"}],"wp:term":[{"taxonomy":"category","embeddable":true,"href":"https:\/\/www.culturalusa.com\/news\/wp-json\/wp\/v2\/categories?post=11845"},{"taxonomy":"post_tag","embeddable":true,"href":"https:\/\/www.culturalusa.com\/news\/wp-json\/wp\/v2\/tags?post=11845"}],"curies":[{"name":"wp","href":"https:\/\/api.w.org\/{rel}","templated":true}]}}