{"id":11857,"date":"2023-08-07T19:24:01","date_gmt":"2023-08-07T17:24:01","guid":{"rendered":"https:\/\/www.culturalusa.com\/news\/?p=11857"},"modified":"2023-08-07T19:24:01","modified_gmt":"2023-08-07T17:24:01","slug":"affaire-altice-corruption-au-portugal-dans-le-groupe-de-telecoms-et-medias","status":"publish","type":"post","link":"https:\/\/www.culturalusa.com\/news\/portugal\/affaire-altice-corruption-au-portugal-dans-le-groupe-de-telecoms-et-medias\/","title":{"rendered":"Affaire Altice : corruption au Portugal dans le groupe de t\u00e9l\u00e9coms et m\u00e9dias"},"content":{"rendered":"<div id=\"\" class=\"text-color text-font block-html mb-4\">\n<h2>Le patron d&rsquo;Altice, Patrick Drahi, est mont\u00e9 au cr\u00e9neau pour d\u00e9fendre son groupe de t\u00e9l\u00e9coms et m\u00e9dias, cible d&rsquo;accusations de corruption au Portugal, se disant \u00ab\u00a0trahi\u00a0\u00bb par quelques-uns et minimisant l&rsquo;impact de l&rsquo;affaire, tout en annon\u00e7ant une vaste enqu\u00eate interne.<\/h2>\n<p>L&rsquo;homme d&rsquo;affaires a profit\u00e9 d&rsquo;une conf\u00e9rence d&rsquo;analystes pour expliquer qu&rsquo;il se sentait \u00ab\u00a0trahi et tromp\u00e9 par un petit groupe d&rsquo;individus\u00a0\u00bb, dans sa premi\u00e8re prise de parole depuis l&rsquo;arrestation au Portugal de son bras droit et cofondateur d&rsquo;Altice, Armando Pereira.<\/p>\n<p>Ce dernier a \u00e9t\u00e9 arr\u00eat\u00e9 \u00e0 Lisbonne le 13 juillet et mis en examen dans le cadre d&rsquo;une enqu\u00eate pour corruption et blanchiment.<\/p>\n<p>\u00ab\u00a0Nous avons imm\u00e9diatement suspendu une quinzaine de personnes au Portugal, en France et aux Etats-Unis\u00a0\u00bb, suite \u00e0 une enqu\u00eate interne, a-t-il annonc\u00e9, en promettant de faire \u00ab\u00a0toute la transparence\u00a0\u00bb sur cette affaire qui \u00e9clabousse l&rsquo;ensemble du groupe.<\/p>\n<p>\u00ab\u00a0Il est tr\u00e8s d\u00e9sagr\u00e9able de voir le mot corruption \u00e0 c\u00f4t\u00e9 du nom de notre groupe et la plupart du temps, dans la presse, \u00e0 c\u00f4t\u00e9 de mon nom, mais notre groupe est victime et non pas accus\u00e9\u00a0\u00bb, a ajout\u00e9 le propri\u00e9taire de cet empire des t\u00e9l\u00e9coms, pr\u00e9sent dans plus de cinq pays.<\/p>\n<p>Patrick Drahi a expliqu\u00e9 que l&rsquo;enqu\u00eate judiciaire, qui porte sur des achats du groupe, ne visait que le Portugal mais a reconnu que \u00ab\u00a0des entit\u00e9s d&rsquo;Altice hors du Portugal ont fait des affaires avec certains des fournisseurs identifi\u00e9s par les autorit\u00e9s portugaises\u00a0\u00bb.<\/p>\n<p>Le groupe, a-t-il promis, va suspendre tout paiement aupr\u00e8s des entit\u00e9s impliqu\u00e9es et changer les fournisseurs concern\u00e9s.<\/p>\n<p>\u00ab\u00a0Mais cette affaire ne concerne qu&rsquo;une tr\u00e8s petite partie de nos achats globaux\u00a0\u00bb, moins de 5%, a-t-il fait valoir.<\/p>\n<p>Autre argument, le r\u00f4le d&rsquo;Armando Pereira : il n&rsquo;\u00e9tait que \u00ab\u00a0responsable des approvisionnements techniques\u00a0\u00bb, sans \u00eatre impliqu\u00e9 dans \u00ab\u00a0les op\u00e9rations d&rsquo;aucune des entit\u00e9s d&rsquo;Altice international\u00a0\u00bb, maison m\u00e8re d&rsquo;Altice Portugal, ni ne poss\u00e9dait d&rsquo;actions.<\/p>\n<p>Patrick Drahi, qui aura 60 ans le 20 ao\u00fbt, a aussi assur\u00e9 que ce scandale n&rsquo;aurait \u00ab\u00a0aucun impact\u00a0\u00bb sur les finances et les pr\u00e9visions de sa branche Altice International, dont les r\u00e9sultats \u00e9taient pr\u00e9sent\u00e9s lundi.<\/p>\n<h3>\u00a0Cadres suspendus<\/h3>\n<p>\u00ab\u00a0Quelques individus, surtout dans la branche achat, ont soigneusement dissimul\u00e9 leurs actions vis-\u00e0-vis de moi, de leurs coll\u00e8gues et de l&rsquo;ensemble du groupe\u00a0\u00bb, s&rsquo;est d\u00e9fendu le milliardaire franco-isra\u00e9lien.<\/p>\n<p>\u00ab\u00a0Nous menons de vastes enqu\u00eates internationales dans un certain nombre de pays, en collaboration avec des cabinets d&rsquo;avocats sp\u00e9cialis\u00e9s, afin de proc\u00e9der \u00e0 un examen ind\u00e9pendant\u00a0\u00bb, a-t-il dit.<\/p>\n<p>Le groupe a notamment suspendu Tatiana Agova-Bregou, la directrice ex\u00e9cutive des contenus, acquisitions et partenariats, mise en cause dans des \u00e9coutes de la justice portugaise. De plus, Alexandre Fonseca, co-PDG d&rsquo;Altice, ex-pr\u00e9sident ex\u00e9cutif d&rsquo;Altice Portugal et nomm\u00e9 en mars \u00e0 la t\u00eate de la filiale am\u00e9ricaine, a communiqu\u00e9 lui-m\u00eame sur LinkedIn sa mise en retrait.<\/p>\n<p>Yossi Benchetrit, patron des achats aux Etats-Unis et gendre d&rsquo;Armando Pereira, a \u00e9t\u00e9 \u00ab\u00a0licenci\u00e9\u00a0\u00bb, a annonc\u00e9 le nouveau dirigeant d&rsquo;Altice USA, Dennis Mathew.<\/p>\n<p>Cette affaire intervient alors que le groupe est fragilis\u00e9 par son endettement global de pr\u00e8s de 60 milliards d&rsquo;euros.<\/p>\n<p>Altice doit pr\u00e9senter mardi les r\u00e9sultats de sa branche Altice France, maison m\u00e8re de SFR, endett\u00e9e \u00e0 hauteur d&rsquo;environ 23 milliards d&rsquo;euros.<\/p>\n<p>Outre les t\u00e9l\u00e9coms, Altice est aussi pr\u00e9sent dans les m\u00e9dias, o\u00f9 il poss\u00e8de en France notamment RMC et BFMTV.<\/p>\n<p>Si l&rsquo;entrepreneur franco-isra\u00e9lien est admir\u00e9 pour son ascension fulgurante et son sens avis\u00e9 du risque, ses montages financiers effraient l&rsquo;establishment fran\u00e7ais, tandis que ses m\u00e9thodes de gestion sont d\u00e9nonc\u00e9es par les syndicats et certains actionnaires.<\/p>\n<\/div>\n","protected":false},"excerpt":{"rendered":"<p>Le patron d&rsquo;Altice, Patrick Drahi, est mont\u00e9 au cr\u00e9neau pour d\u00e9fendre son groupe de t\u00e9l\u00e9coms et m\u00e9dias, cible d&rsquo;accusations de corruption au Portugal, se disant \u00ab\u00a0trahi\u00a0\u00bb par quelques-uns et minimisant l&rsquo;impact de l&rsquo;affaire, tout en annon\u00e7ant une vaste enqu\u00eate interne. L&rsquo;homme d&rsquo;affaires a profit\u00e9 d&rsquo;une conf\u00e9rence d&rsquo;analystes pour expliquer qu&rsquo;il se sentait \u00ab\u00a0trahi et tromp\u00e9 [&hellip;]<\/p>\n","protected":false},"author":1,"featured_media":11858,"comment_status":"open","ping_status":"closed","sticky":false,"template":"","format":"standard","meta":{"footnotes":""},"categories":[3],"tags":[2811,2812,2813],"class_list":["post-11857","post","type-post","status-publish","format-standard","has-post-thumbnail","hentry","category-portugal","tag-affaire-altice","tag-corruption-au-portugal","tag-groupe-de-telecoms-et-medias"],"aioseo_notices":[],"_links":{"self":[{"href":"https:\/\/www.culturalusa.com\/news\/wp-json\/wp\/v2\/posts\/11857","targetHints":{"allow":["GET"]}}],"collection":[{"href":"https:\/\/www.culturalusa.com\/news\/wp-json\/wp\/v2\/posts"}],"about":[{"href":"https:\/\/www.culturalusa.com\/news\/wp-json\/wp\/v2\/types\/post"}],"author":[{"embeddable":true,"href":"https:\/\/www.culturalusa.com\/news\/wp-json\/wp\/v2\/users\/1"}],"replies":[{"embeddable":true,"href":"https:\/\/www.culturalusa.com\/news\/wp-json\/wp\/v2\/comments?post=11857"}],"version-history":[{"count":1,"href":"https:\/\/www.culturalusa.com\/news\/wp-json\/wp\/v2\/posts\/11857\/revisions"}],"predecessor-version":[{"id":11859,"href":"https:\/\/www.culturalusa.com\/news\/wp-json\/wp\/v2\/posts\/11857\/revisions\/11859"}],"wp:featuredmedia":[{"embeddable":true,"href":"https:\/\/www.culturalusa.com\/news\/wp-json\/wp\/v2\/media\/11858"}],"wp:attachment":[{"href":"https:\/\/www.culturalusa.com\/news\/wp-json\/wp\/v2\/media?parent=11857"}],"wp:term":[{"taxonomy":"category","embeddable":true,"href":"https:\/\/www.culturalusa.com\/news\/wp-json\/wp\/v2\/categories?post=11857"},{"taxonomy":"post_tag","embeddable":true,"href":"https:\/\/www.culturalusa.com\/news\/wp-json\/wp\/v2\/tags?post=11857"}],"curies":[{"name":"wp","href":"https:\/\/api.w.org\/{rel}","templated":true}]}}