{"id":1187,"date":"2013-09-07T01:33:31","date_gmt":"2013-09-06T23:33:31","guid":{"rendered":"http:\/\/www.culturalusa.com\/news\/?p=1187"},"modified":"2013-09-07T01:33:31","modified_gmt":"2013-09-06T23:33:31","slug":"la-sortie-de-recession-du-printemps-est-confirmee-pour-le-portugal","status":"publish","type":"post","link":"https:\/\/www.culturalusa.com\/news\/portugal\/la-sortie-de-recession-du-printemps-est-confirmee-pour-le-portugal\/","title":{"rendered":"La sortie de r\u00e9cession du printemps est confirm\u00e9e pour le Portugal"},"content":{"rendered":"<p><img loading=\"lazy\" decoding=\"async\" src=\"http:\/\/www.culturalusa.com\/news\/wp-content\/uploads\/2013\/09\/tap-portugal.jpg\" alt=\"Tap Portugal\" width=\"467\" height=\"280\" class=\"aligncenter size-full wp-image-1188\" srcset=\"https:\/\/www.culturalusa.com\/news\/wp-content\/uploads\/2013\/09\/tap-portugal.jpg 467w, https:\/\/www.culturalusa.com\/news\/wp-content\/uploads\/2013\/09\/tap-portugal-275x165.jpg 275w\" sizes=\"auto, (max-width: 467px) 100vw, 467px\" \/>Le PIB portugais a progress\u00e9 de 1,1% au deuxi\u00e8me trimestre, mettant fin \u00e0 plus de deux ans de r\u00e9cession. Mais tous les moteurs sont loin d&rsquo;\u00eatre repartis.<\/p>\n<p>Le Portugal semble \u00eatre sorti de la r\u00e9cession apr\u00e8s plus de deux ans de baisse de son produit int\u00e9rieur brut (PIB) en enregistrant une croissance de 1,1% au deuxi\u00e8me trimestre, a confirm\u00e9 vendredi l&rsquo;Institut national des statistiques (Ine) dans une deuxi\u00e8me estimation.<\/p>\n<p>Si le PIB est en progression au deuxi\u00e8me trimestre par rapport aux trois mois pr\u00e9c\u00e9dents, il a n\u00e9anmoins recul\u00e9 de 2,1% sur un an, selon l&rsquo;Ine qui a l\u00e9g\u00e8rement aggrav\u00e9 sa premi\u00e8re estimation qui \u00e9tait de -2%. La consommation int\u00e9rieure toujours en berne<\/p>\n<p>La reprise est surtout due \u00e0 \u00ab\u00a0une acc\u00e9l\u00e9ration significative\u00a0\u00bb des exportations des biens et services, qui ont augment\u00e9 de 7,3% sur un an, contre 0,7% au premier trimestre. Les importations ont enregistr\u00e9 de leur c\u00f4t\u00e9 une hausse de 6,3%, alors qu&rsquo;elles avaient chut\u00e9 de 4,2% au premier trimestre. Mais si le moteur du commerce ext\u00e9rieur est bien reparti, ce n&rsquo;est pas encore le cas de la demande des m\u00e9nages.<\/p>\n<p>La consommation interne a seulement ralenti sa baisse, reculant de 2,6%, contre 4% pendant le trimestre pr\u00e9c\u00e9dent. Idem pour l&rsquo;investissement a \u00e9galement frein\u00e9 sa chute, baissant de 2,3% sur un an, contre 15,9%.<\/p>\n<p>Parmi les Etats membres de la zone euro, c&rsquo;est le Portugal qui a enregistr\u00e9 le plus fort taux de croissance par rapport au trimestre pr\u00e9c\u00e9dent, suivi de l&rsquo;Allemagne et de la Finlande (+0,7% chacune), selon l&rsquo;office europ\u00e9en de statistiques Eurostat.<\/p>\n<p>Au premier trimestre, l&rsquo;\u00e9conomie avait recul\u00e9 de 0,4% par rapport au dernier trimestre 2012 et de 4,1% sur un an, selon les chiffres de l&rsquo;Ine.<\/p>\n<p>Selon les pr\u00e9visions du gouvernement, l&rsquo;\u00e9conomie devrait se contracter de 2,3% sur l&rsquo;ensemble de l&rsquo;ann\u00e9e 2013, alors que la Banque centrale et la plupart des analystes, plus optimistes, tablent sur une baisse de 2%.<br \/>\nVers un rebond de +0,6% en 2014<\/p>\n<p>Le gouvernement compte revoir prochainement ses pr\u00e9visions en concertation avec les experts de la tro\u00efka UE-BCE-FMI repr\u00e9sentant les cr\u00e9anciers du Portugal qui retourneront \u00e0 Lisbonne le 16 septembre afin de pr\u00e9parer le prochain examen du plan de rigueur et de r\u00e9formes.<\/p>\n<p>Selon les analystes, le gouvernement pourrait profiter de l&#8217;embellie du deuxi\u00e8me trimestre pour tenter d&rsquo;obtenir aupr\u00e8s de la tro\u00efka un nouvel assouplissement de ses objectifs d&rsquo;\u00e9conomies dans la mesure o\u00f9 une reprise devrait aller de pair avec une am\u00e9lioration des recettes.<br \/>\nPour 2014, le gouvernement mise sur une reprise de 0,6% et la Banque centrale attend une hausse du PIB de 0,3%.<\/p>\n<p>Le Portugal a obtenu en mai 2011 de l&rsquo;Union europ\u00e9enne et du Fonds mon\u00e9taire international un plan de sauvetage de 78 milliards d&rsquo;euros. En \u00e9change, le gouvernement de centre droit met en oeuvre un strict programme de rigueur, qui a toutefois \u00e9t\u00e9 frein\u00e9 r\u00e9cemment par des recours devant la Cour Constitutionnelle.<\/p>\n<p>La relance au deuxi\u00e8me trimestre 2013 est un signal encourageant d&rsquo;autant que le ch\u00f4mage a dans le m\u00eame temps recul\u00e9, s&rsquo;\u00e9tablissant au taux de 16,4% contre 17,7% auparavant. Cette baisse du ch\u00f4mage reste toutefois tr\u00e8s fragile et s&rsquo;explique surtout par une augmentation des emplois pendant la p\u00e9riode estivale. (AFP)<\/p>\n<p style=\"text-align:center;\"><script type=\"text\/javascript\"><!--\ngoogle_ad_client = \"ca-pub-2727717456356200\";\n\/* CulturaLusa 468x60 *\/\ngoogle_ad_slot = \"2785499263\";\ngoogle_ad_width = 468;\ngoogle_ad_height = 60;\n\/\/-->\n<\/script><br \/>\n<script type=\"text\/javascript\"\nsrc=\"http:\/\/pagead2.googlesyndication.com\/pagead\/show_ads.js\">\n<\/script><\/p>\n","protected":false},"excerpt":{"rendered":"<p>Le PIB portugais a progress\u00e9 de 1,1% au deuxi\u00e8me trimestre, mettant fin \u00e0 plus de deux ans de r\u00e9cession. Mais tous les moteurs sont loin d&rsquo;\u00eatre repartis. Le Portugal semble \u00eatre sorti de la r\u00e9cession apr\u00e8s plus de deux ans de baisse de son produit int\u00e9rieur brut (PIB) en enregistrant une croissance de 1,1% au [&hellip;]<\/p>\n","protected":false},"author":1,"featured_media":0,"comment_status":"open","ping_status":"closed","sticky":false,"template":"","format":"standard","meta":{"footnotes":""},"categories":[3],"tags":[],"class_list":["post-1187","post","type-post","status-publish","format-standard","hentry","category-portugal"],"aioseo_notices":[],"_links":{"self":[{"href":"https:\/\/www.culturalusa.com\/news\/wp-json\/wp\/v2\/posts\/1187","targetHints":{"allow":["GET"]}}],"collection":[{"href":"https:\/\/www.culturalusa.com\/news\/wp-json\/wp\/v2\/posts"}],"about":[{"href":"https:\/\/www.culturalusa.com\/news\/wp-json\/wp\/v2\/types\/post"}],"author":[{"embeddable":true,"href":"https:\/\/www.culturalusa.com\/news\/wp-json\/wp\/v2\/users\/1"}],"replies":[{"embeddable":true,"href":"https:\/\/www.culturalusa.com\/news\/wp-json\/wp\/v2\/comments?post=1187"}],"version-history":[{"count":0,"href":"https:\/\/www.culturalusa.com\/news\/wp-json\/wp\/v2\/posts\/1187\/revisions"}],"wp:attachment":[{"href":"https:\/\/www.culturalusa.com\/news\/wp-json\/wp\/v2\/media?parent=1187"}],"wp:term":[{"taxonomy":"category","embeddable":true,"href":"https:\/\/www.culturalusa.com\/news\/wp-json\/wp\/v2\/categories?post=1187"},{"taxonomy":"post_tag","embeddable":true,"href":"https:\/\/www.culturalusa.com\/news\/wp-json\/wp\/v2\/tags?post=1187"}],"curies":[{"name":"wp","href":"https:\/\/api.w.org\/{rel}","templated":true}]}}