{"id":11873,"date":"2023-08-22T21:16:46","date_gmt":"2023-08-22T19:16:46","guid":{"rendered":"https:\/\/www.culturalusa.com\/news\/?p=11873"},"modified":"2023-08-22T21:16:46","modified_gmt":"2023-08-22T19:16:46","slug":"coree-du-nord-annonce-le-lancement-imminent-dun-satellite","status":"publish","type":"post","link":"https:\/\/www.culturalusa.com\/news\/actualite\/coree-du-nord-annonce-le-lancement-imminent-dun-satellite\/","title":{"rendered":"Cor\u00e9e du Nord :  annonce le lancement imminent d&rsquo;un satellite"},"content":{"rendered":"<div id=\"\" class=\"text-color text-font block-html mb-4\">\n<h2>La Cor\u00e9e du Nord a annonc\u00e9 son intention de lancer un satellite, un projet aussit\u00f4t d\u00e9nonc\u00e9 comme \u00ab\u00a0ill\u00e9gal\u00a0\u00bb par les Etats-Unis et la Cor\u00e9e du Sud, qui m\u00e8nent actuellement de grandes manoeuvres militaires conjointes pour faire face aux menaces nucl\u00e9aires de Pyongyang.<\/h2>\n<p>Selon Washington, ce lancement enfreindrait des r\u00e9solutions du Conseil de s\u00e9curit\u00e9 de l&rsquo;ONU.<\/p>\n<blockquote><p>\u00ab\u00a0Nous exhortons la Cor\u00e9e du Nord \u00e0 s&rsquo;abstenir de toute nouvelle activit\u00e9 ill\u00e9gale et appelons Pyongyang \u00e0 s&rsquo;engager dans une d\u00e9marche diplomatique s\u00e9rieuse et soutenue\u00a0\u00bb, a d\u00e9clar\u00e9 un porte-parole du d\u00e9partement d&rsquo;Etat.<\/p><\/blockquote>\n<p>Le Premier ministre japonais Fumio Kishida a de son c\u00f4t\u00e9 fait savoir que son gouvernement avait \u00e9t\u00e9 inform\u00e9 du lancement imminent par la Cor\u00e9e du Nord.<\/p>\n<p>Parall\u00e8lement, les garde-c\u00f4tes japonais ont \u00e9mis une alerte concernant un \u00ab\u00a0lancement de fus\u00e9e satellite\u00a0\u00bb entre le 24 et le 31 ao\u00fbt pour trois zones de danger, dans la mer Jaune, la mer de Chine orientale et les eaux \u00e0 l&rsquo;est de l&rsquo;\u00eele de Lu\u00e7on aux Philippines.<\/p>\n<p>Le minist\u00e8re sud-cor\u00e9en des Affaires \u00e9trang\u00e8res a pour sa part averti que la \u00ab\u00a0r\u00e9ponse\u00a0\u00bb de S\u00e9oul \u00ab\u00a0\u00e0 cette provocation ill\u00e9gale du Nord\u00a0\u00bb serait \u00ab\u00a0ferme\u00a0\u00bb, dans le cadre d&rsquo;une \u00ab\u00a0coop\u00e9ration trilat\u00e9rale \u00e9troite Cor\u00e9e\/Etats-Unis\/Japon\u00a0\u00bb.<\/p>\n<p>Le dirigeant nord-cor\u00e9en Kim Jong Un a fait du d\u00e9veloppement d&rsquo;un satellite espion militaire une priorit\u00e9 pour \u00ab\u00a0faire face aux actions militaires dangereuses des Etats-Unis et de leurs vassaux\u00a0\u00bb. Mais une premi\u00e8re tentative de lancement, fin mai, s&rsquo;\u00e9tait sold\u00e9e par un \u00e9chec.<\/p>\n<p>Washington et S\u00e9oul soup\u00e7onnent pour leur part Pyongyang de d\u00e9velopper un nouveau missile balistique intercontinental, qui comporte des technologies similaires \u00e0 celle d&rsquo;un lanceur de satellites.<\/p>\n<p>\u00ab\u00a0Le soi-disant lancement de satellite par la Cor\u00e9e du Nord est une violation flagrante des r\u00e9solutions du Conseil de s\u00e9curit\u00e9 de l&rsquo;ONU\u00a0\u00bb, qui lui interdisent de d\u00e9velopper des missiles balistiques, a r\u00e9agi mardi dans un communiqu\u00e9 le minist\u00e8re sud-cor\u00e9en de l&rsquo;Unification, charg\u00e9 des affaires nord-cor\u00e9ennes.<\/p>\n<p>\u00ab\u00a0Peu importe les excuses qu&rsquo;essaye d&rsquo;avancer la Cor\u00e9e du Nord, elle ne peut justifier cet acte ill\u00e9gal\u00a0\u00bb, a-t-il ajout\u00e9.<\/p>\n<p>Lors d&rsquo;une conf\u00e9rence de presse, le Premier ministre japonais a pour sa part appel\u00e9 Pyongyang \u00ab\u00a0\u00e0 annuler ce lancement\u00a0\u00bb et a ordonn\u00e9 \u00e0 son gouvernement de prendre \u00ab\u00a0toutes les mesures possibles pour se pr\u00e9parer \u00e0 toute \u00e9ventualit\u00e9 impr\u00e9vue\u00a0\u00bb.<\/p>\n<h3>\u00a0Lancement rat\u00e9 en mai<\/h3>\n<p>Les services de renseignement sud-cor\u00e9ens avaient fait savoir la semaine derni\u00e8re au Parlement que la Cor\u00e9e du Nord pourrait tenter \u00e0 nouveau de lancer un satellite avant le 75\u00e8me anniversaire de la fondation du r\u00e9gime, le 9 septembre.<\/p>\n<p>Le 31 mai, une fus\u00e9e pr\u00e9sent\u00e9e par Pyongyang comme \u00e9tant le lanceur d&rsquo;un satellite d&rsquo;observation militaire s&rsquo;\u00e9tait ab\u00eem\u00e9e en mer Jaune peu apr\u00e8s son d\u00e9collage, non sans avoir d\u00e9clench\u00e9 des alertes a\u00e9riennes en Cor\u00e9e du Sud et dans l&rsquo;archipel japonais d&rsquo;Okinawa.<\/p>\n<p>L&rsquo;arm\u00e9e sud-cor\u00e9enne, au terme d&rsquo;une op\u00e9ration complexe de 36 jours en mer, avait fini par r\u00e9cup\u00e9rer des parties de la fus\u00e9e et du satellite. Apr\u00e8s examen par des experts sud-cor\u00e9ens et am\u00e9ricains, le minist\u00e8re sud-cor\u00e9en de la D\u00e9fense avait estim\u00e9 que le satellite n&rsquo;avait \u00ab\u00a0aucune utilit\u00e9 militaire\u00a0\u00bb.<\/p>\n<p>Selon Choi Gi-il, professeur de s\u00e9curit\u00e9 nationale \u00e0 l&rsquo;Universit\u00e9 Sangjil, le r\u00e9gime de Pyongyang semble confiant d&rsquo;avoir \u00ab\u00a0am\u00e9lior\u00e9 et compl\u00e9t\u00e9 les aspects techniques du lancement au cours des trois derniers mois\u00a0\u00bb.<\/p>\n<p>La nouvelle annonce de lancement par Pyongyang co\u00efncide avec Ulchi Freedom Shield, le nom donn\u00e9 aux manoeuvres am\u00e9ricano-sud-cor\u00e9ennes de grande ampleur qui ont d\u00e9but\u00e9 lundi et doivent se d\u00e9rouler jusqu&rsquo;au 31 ao\u00fbt.<\/p>\n<p>Selon les trois alli\u00e9s, ces exercices visent \u00e0 r\u00e9pondre aux menaces croissantes de la Cor\u00e9e du Nord, dot\u00e9e d&rsquo;armes nucl\u00e9aires.<\/p>\n<h3>\u00a0\u00ab\u00a0Caract\u00e8re agressif\u00a0\u00bb<\/h3>\n<p>L&rsquo;agence de presse officielle de la Cor\u00e9e du Nord (KCNA) a condamn\u00e9 mardi ces exercices militaires au \u00ab\u00a0caract\u00e8re agressif\u00a0\u00bb. Si les exercices impliquent une \u00ab\u00a0provocation nucl\u00e9aire\u00a0\u00bb, la possibilit\u00e9 \u00ab\u00a0d&rsquo;une guerre thermonucl\u00e9aire dans la p\u00e9ninsule cor\u00e9enne deviendra plus r\u00e9aliste\u00a0\u00bb, a-t-elle averti.<\/p>\n<p>Pyongyang, qui estime que ces exercices conjoints pr\u00e9parent en r\u00e9alit\u00e9 une invasion du Nord ou un renversement de son r\u00e9gime, a averti \u00e0 plusieurs reprises que des actions \u00ab\u00a0\u00e9crasantes\u00a0\u00bb y r\u00e9pliqueraient.<\/p>\n<p>Des attaques informatiques attribu\u00e9es \u00e0 des pirates nord-cor\u00e9ens ont d\u00e9j\u00e0 vis\u00e9 ces derniers jours des entreprises sud-cor\u00e9ennes travaillant pour les deux arm\u00e9es.<\/p>\n<p>La semaine derni\u00e8re, le pr\u00e9sident am\u00e9ricain Joe Biden avait re\u00e7u \u00e0 Camp David son homologue sud-cor\u00e9en Yoon Suk Yeol et le Premier ministre japonais Kishida. C&rsquo;\u00e9tait la premi\u00e8re fois que les dirigeants des trois pays se rencontraient pour un sommet autonome.<\/p>\n<p>Les trois pays ont annonc\u00e9 un programme d&rsquo;exercices militaires conjoints sur plusieurs ann\u00e9es et la mise en place d&rsquo;un canal de communication d&rsquo;urgence au plus haut niveau.<\/p>\n<\/div>\n","protected":false},"excerpt":{"rendered":"<p>La Cor\u00e9e du Nord a annonc\u00e9 son intention de lancer un satellite, un projet aussit\u00f4t d\u00e9nonc\u00e9 comme \u00ab\u00a0ill\u00e9gal\u00a0\u00bb par les Etats-Unis et la Cor\u00e9e du Sud, qui m\u00e8nent actuellement de grandes manoeuvres militaires conjointes pour faire face aux menaces nucl\u00e9aires de Pyongyang. Selon Washington, ce lancement enfreindrait des r\u00e9solutions du Conseil de s\u00e9curit\u00e9 de l&rsquo;ONU. [&hellip;]<\/p>\n","protected":false},"author":1,"featured_media":11874,"comment_status":"open","ping_status":"closed","sticky":false,"template":"","format":"standard","meta":{"footnotes":""},"categories":[30],"tags":[480,2819,2820],"class_list":["post-11873","post","type-post","status-publish","format-standard","has-post-thumbnail","hentry","category-actualite","tag-coree-du-nord","tag-lancement-imminent-dun-satellite","tag-menaces-nucleaires-de-pyongyang"],"aioseo_notices":[],"_links":{"self":[{"href":"https:\/\/www.culturalusa.com\/news\/wp-json\/wp\/v2\/posts\/11873","targetHints":{"allow":["GET"]}}],"collection":[{"href":"https:\/\/www.culturalusa.com\/news\/wp-json\/wp\/v2\/posts"}],"about":[{"href":"https:\/\/www.culturalusa.com\/news\/wp-json\/wp\/v2\/types\/post"}],"author":[{"embeddable":true,"href":"https:\/\/www.culturalusa.com\/news\/wp-json\/wp\/v2\/users\/1"}],"replies":[{"embeddable":true,"href":"https:\/\/www.culturalusa.com\/news\/wp-json\/wp\/v2\/comments?post=11873"}],"version-history":[{"count":1,"href":"https:\/\/www.culturalusa.com\/news\/wp-json\/wp\/v2\/posts\/11873\/revisions"}],"predecessor-version":[{"id":11875,"href":"https:\/\/www.culturalusa.com\/news\/wp-json\/wp\/v2\/posts\/11873\/revisions\/11875"}],"wp:featuredmedia":[{"embeddable":true,"href":"https:\/\/www.culturalusa.com\/news\/wp-json\/wp\/v2\/media\/11874"}],"wp:attachment":[{"href":"https:\/\/www.culturalusa.com\/news\/wp-json\/wp\/v2\/media?parent=11873"}],"wp:term":[{"taxonomy":"category","embeddable":true,"href":"https:\/\/www.culturalusa.com\/news\/wp-json\/wp\/v2\/categories?post=11873"},{"taxonomy":"post_tag","embeddable":true,"href":"https:\/\/www.culturalusa.com\/news\/wp-json\/wp\/v2\/tags?post=11873"}],"curies":[{"name":"wp","href":"https:\/\/api.w.org\/{rel}","templated":true}]}}