{"id":11876,"date":"2023-08-24T17:30:46","date_gmt":"2023-08-24T15:30:46","guid":{"rendered":"https:\/\/www.culturalusa.com\/news\/?p=11876"},"modified":"2023-08-24T17:30:46","modified_gmt":"2023-08-24T15:30:46","slug":"inflation-alimentaire-le-gouvernement-recevra-la-semaine-prochaine-les-distributeurs","status":"publish","type":"post","link":"https:\/\/www.culturalusa.com\/news\/economie\/inflation-alimentaire-le-gouvernement-recevra-la-semaine-prochaine-les-distributeurs\/","title":{"rendered":"Inflation Alimentaire : le gouvernement recevra \u00ab\u00a0la semaine prochaine\u00a0\u00bb les distributeurs"},"content":{"rendered":"<h2>\u00ab\u00a0Nous r\u00e9unirons la semaine prochaine les distributeurs et industriels pour faire un nouveau point sur la lutte contre la vie ch\u00e8re\u00a0\u00bb, a annonc\u00e9 le ministre de l&rsquo;Economie Bruno Le Maire, alors que les prix sont loin de baisser dans les supermarch\u00e9s.<\/h2>\n<p>\u00ab\u00a0J&rsquo;avais indiqu\u00e9 que l&rsquo;inflation commencerait \u00e0 ralentir \u00e0 l&rsquo;\u00e9t\u00e9 2023. Nous y sommes\u00a0\u00bb, a assur\u00e9 le ministre lors d&rsquo;un discours de rentr\u00e9e, \u00e0 Alex en Haute-Savoie. \u00ab\u00a0Les chiffres de l&rsquo;Insee confirment que l&rsquo;inflation a commenc\u00e9 \u00e0 ralentir cet \u00e9t\u00e9\u00a0\u00bb.<\/p>\n<p>\u00ab\u00a0Pour autant, il y a loin de la v\u00e9rit\u00e9 des chiffres \u00e0 la r\u00e9alit\u00e9 du portefeuille et du quotidien. Avec la ministre Olivia Gr\u00e9goire, nous r\u00e9unirons la semaine prochaine les distributeurs et industriels pour faire un nouveau point sur la lutte contre la vie ch\u00e8re\u00a0\u00bb, a-t-il fait savoir. La date du rendez-vous n&rsquo;est pas encore connue.<\/p>\n<h3>L&rsquo;Institut national de la statistique a mesur\u00e9 la flamb\u00e9e des prix dans l&rsquo;alimentaire \u00e0 12,7% sur un an en juillet, une forte hausse toutefois moindre qu&rsquo;en juin (+13,7% sur un an).<\/h3>\n<p>Une r\u00e9duction du niveau d&rsquo;inflation n&rsquo;est pas une baisse de prix mais une moindre hausse. En outre les prix avaient d\u00e9j\u00e0 commenc\u00e9 \u00e0 s&rsquo;appr\u00e9cier il y a un an. Au total sur deux ans, l&rsquo;inflation dans les grandes surfaces est sup\u00e9rieure \u00e0 21%, rappelait jeudi le m\u00e9dia sp\u00e9cialis\u00e9 LSA associ\u00e9 au pan\u00e9liste Circana.<\/p>\n<p>L&rsquo;Insee doit publier ses statistiques pour ao\u00fbt la semaine prochaine, jeudi matin.<\/p>\n<p>\u00ab\u00a0En cette p\u00e9riode de rentr\u00e9e, nous rendrons \u00e9galement public dans les prochains jours les chiffres de l&rsquo;enqu\u00eate de la DGCCRF sur les prix des fournitures scolaires\u00a0\u00bb \u00e0 l&rsquo;approche de la rentr\u00e9e des classes, a encore indiqu\u00e9 Bruno Le Maire jeudi.<\/p>\n<p>L&rsquo;association de d\u00e9fense des consommateurs Conf\u00e9d\u00e9ration Syndicale des Familles (CSF), qui publie chaque ann\u00e9e une \u00e9tude sur le co\u00fbt des fournitures scolaires, a observ\u00e9 que la hausse de leur prix se chiffre en moyenne \u00e0 11,3% en 2023 pour les \u00e9l\u00e8ves de l&rsquo;\u00e9cole \u00e9l\u00e9mentaire, du coll\u00e8ge et du lyc\u00e9e.<\/p>\n<p>Devant cette flamb\u00e9e des prix, Olivia Gr\u00e9goire, ministre d\u00e9l\u00e9gu\u00e9e notamment au Commerce, avait saisi la Direction g\u00e9n\u00e9rale de la Consommation et de la r\u00e9pression des fraudes, la DGCCRF, un service de Bercy, pour enqu\u00eater sur \u00ab\u00a0les hausses de prix des fournitures scolaires\u00a0\u00bb. (AFP)<\/p>\n","protected":false},"excerpt":{"rendered":"<p>\u00ab\u00a0Nous r\u00e9unirons la semaine prochaine les distributeurs et industriels pour faire un nouveau point sur la lutte contre la vie ch\u00e8re\u00a0\u00bb, a annonc\u00e9 le ministre de l&rsquo;Economie Bruno Le Maire, alors que les prix sont loin de baisser dans les supermarch\u00e9s. \u00ab\u00a0J&rsquo;avais indiqu\u00e9 que l&rsquo;inflation commencerait \u00e0 ralentir \u00e0 l&rsquo;\u00e9t\u00e9 2023. Nous y sommes\u00a0\u00bb, a [&hellip;]<\/p>\n","protected":false},"author":1,"featured_media":11877,"comment_status":"open","ping_status":"closed","sticky":false,"template":"","format":"standard","meta":{"footnotes":""},"categories":[1],"tags":[2821,2753,1260],"class_list":["post-11876","post","type-post","status-publish","format-standard","has-post-thumbnail","hentry","category-economie","tag-contre-la-vie-chere","tag-inflation-alimentaire","tag-supermarches"],"aioseo_notices":[],"_links":{"self":[{"href":"https:\/\/www.culturalusa.com\/news\/wp-json\/wp\/v2\/posts\/11876","targetHints":{"allow":["GET"]}}],"collection":[{"href":"https:\/\/www.culturalusa.com\/news\/wp-json\/wp\/v2\/posts"}],"about":[{"href":"https:\/\/www.culturalusa.com\/news\/wp-json\/wp\/v2\/types\/post"}],"author":[{"embeddable":true,"href":"https:\/\/www.culturalusa.com\/news\/wp-json\/wp\/v2\/users\/1"}],"replies":[{"embeddable":true,"href":"https:\/\/www.culturalusa.com\/news\/wp-json\/wp\/v2\/comments?post=11876"}],"version-history":[{"count":1,"href":"https:\/\/www.culturalusa.com\/news\/wp-json\/wp\/v2\/posts\/11876\/revisions"}],"predecessor-version":[{"id":11878,"href":"https:\/\/www.culturalusa.com\/news\/wp-json\/wp\/v2\/posts\/11876\/revisions\/11878"}],"wp:featuredmedia":[{"embeddable":true,"href":"https:\/\/www.culturalusa.com\/news\/wp-json\/wp\/v2\/media\/11877"}],"wp:attachment":[{"href":"https:\/\/www.culturalusa.com\/news\/wp-json\/wp\/v2\/media?parent=11876"}],"wp:term":[{"taxonomy":"category","embeddable":true,"href":"https:\/\/www.culturalusa.com\/news\/wp-json\/wp\/v2\/categories?post=11876"},{"taxonomy":"post_tag","embeddable":true,"href":"https:\/\/www.culturalusa.com\/news\/wp-json\/wp\/v2\/tags?post=11876"}],"curies":[{"name":"wp","href":"https:\/\/api.w.org\/{rel}","templated":true}]}}