{"id":11893,"date":"2023-08-31T18:47:34","date_gmt":"2023-08-31T16:47:34","guid":{"rendered":"https:\/\/www.culturalusa.com\/news\/?p=11893"},"modified":"2023-08-31T18:47:34","modified_gmt":"2023-08-31T16:47:34","slug":"paris-les-trottinettes-en-libre-service-disparaissent-des-rues","status":"publish","type":"post","link":"https:\/\/www.culturalusa.com\/news\/actualite\/paris-les-trottinettes-en-libre-service-disparaissent-des-rues\/","title":{"rendered":"Paris : les trottinettes en libre-service disparaissent des rues"},"content":{"rendered":"<div id=\"\" class=\"text-color text-font block-html mb-4\">\n<h2>Bannies de la capitale fran\u00e7aise par vote populaire, les trottinettes \u00e9lectriques en libre-service vivent leur derni\u00e8re journ\u00e9e parisienne, marquant la fin de cinq ans d&rsquo;une pr\u00e9sence controvers\u00e9e. Mais les v\u00e9los en libre-service sont pr\u00eats \u00e0 prendre le relais.<\/h2>\n<blockquote><p>A partir du 1er septembre, Paris deviendra la premi\u00e8re capitale europ\u00e9enne \u00e0 compl\u00e8tement interdire ces deux-roues en libre-service. De nombreux Parisiens sont devenus exc\u00e9d\u00e9s de les voir zigzaguer entre les pi\u00e9tons, m\u00eame brid\u00e9s \u00e0 10 km\/h dans certaines zones, ou se garer au milieu des trottoirs. De multiples accidents leur ont \u00e9t\u00e9 attribu\u00e9s.<\/p><\/blockquote>\n<p>Les trois op\u00e9rateurs, Lime, Tier et Dott, ont perdu leur autorisation d&rsquo;occupation de l&rsquo;espace public apr\u00e8s une \u00ab\u00a0votation\u00a0\u00bb in\u00e9dite d\u00e9but avril. Le \u00ab\u00a0non\u00a0\u00bb l&rsquo;avait emport\u00e9 \u00e0 pr\u00e8s de 90%, mais seulement 7,46% des personnes inscrites sur les listes \u00e9lectorales s&rsquo;\u00e9taient d\u00e9plac\u00e9es.<\/p>\n<p>La maire socialiste de Paris, Anne Hidalgo, avait elle-m\u00eame fait campagne pour le vote \u00ab\u00a0contre\u00a0\u00bb pour r\u00e9duire \u00ab\u00a0les nuisances\u00a0\u00bb.<\/p>\n<p>Depuis ao\u00fbt, les 15.000 engins ont donc \u00e9t\u00e9 progressivement retir\u00e9s des rues &#8211; il n&rsquo;en reste qu&rsquo;une poign\u00e9e jeudi dans les rues, principalement au centre de Paris &#8211; pour \u00eatre envoy\u00e9s, apr\u00e8s d&rsquo;\u00e9ventuelles r\u00e9parations, dans d&rsquo;autres villes.<\/p>\n<p>Champs-Elys\u00e9es, Louvre, rue de Rivoli, Op\u00e9ra, Grands Boulevards&#8230; un journaliste de l&rsquo;AFP n&rsquo;a crois\u00e9 aucun utilisateur de trottinette en libre-service dans la matin\u00e9e jeudi et aper\u00e7u seulement six de ces deux-roues dans ces lieux centraux o\u00f9 ils \u00e9taient auparavant omnipr\u00e9sents. Plusieurs des emplacements d\u00e9di\u00e9s aux engins sont vides, ou accueillaient des v\u00e9los des trois op\u00e9rateurs.<\/p>\n<p>Aucune location n&rsquo;est plus disponible sur les applications de Lime et de Dott, tandis que celle de Tier ne montrait plus en d\u00e9but de matin\u00e9e qu&rsquo;une centaine de v\u00e9hicules sur les 5.000 que comptait l&rsquo;entreprise allemande.<\/p>\n<p>Un tiers de sa flotte restera en Ile-de-France, dans 80 communes autour de Marne-la-Vall\u00e9e ou Saint-Germain-en-Laye. Le reste part essentiellement en Allemagne.<\/p>\n<p>Dott enverra les siennes en Belgique ou \u00e0 Tel Aviv. Les trottinettes vertes de Lime partiront \u00e0 Lille, Londres, Copenhague ou encore plusieurs villes allemandes.<\/p>\n<p>\u00ab\u00a0Nous avons tourn\u00e9 la page trottinettes\u00a0\u00bb pour toute l&rsquo;Ile-de-France, explique \u00e0 l&rsquo;AFP Xavier Miraill\u00e8s, directeur des affaires publiques de Lime, entreprise californienne.<\/p>\n<p>\u00ab\u00a0Ca me rend triste parce que je trouve \u00e7a tellement agr\u00e9able de pouvoir se balader comme \u00e7a, de naviguer de droite \u00e0 gauche sans ce stress d&rsquo;\u00eatre en voiture, d&rsquo;\u00eatre bloqu\u00e9\u00a0\u00bb, affirmait, quelques jours avant le ban, Val\u00e9rie Rinckel, une usag\u00e8re du service.<\/p>\n<p>A l&rsquo;inverse, \u00ab\u00a0je pense que c&rsquo;est plus s\u00e9curitaire qu&rsquo;on s&rsquo;arr\u00eate l\u00e0 et que finalement on repasse sur du v\u00e9lo ou que les gens prennent le bus ou les transports en commun\u00a0\u00bb, estimait Anass Eloula, un autre client.<\/p>\n<h3>\u00a0Alternatives<\/h3>\n<p>Les op\u00e9rateurs misent sur un report de leurs clients vers les v\u00e9los en libre-service, d\u00e9j\u00e0 propos\u00e9s par chacun, ce qui devrait leur permettre d&rsquo;\u00e9viter, au moins dans l&rsquo;imm\u00e9diat, des licenciements.<\/p>\n<p>\u00ab\u00a0C&rsquo;est une grosse page qui se tourne pour Tier mais on pr\u00e9f\u00e8re, plut\u00f4t que de c\u00e9der \u00e0 la nostalgie, regarder devant\u00a0\u00bb, indique Cl\u00e9ment Pette, responsable des op\u00e9rations de l&rsquo;entreprise en France, renvoyant vers les 5.000 v\u00e9los encore disponibles.<\/p>\n<p>\u00ab\u00a0Le d\u00e9veloppement du v\u00e9lo est en pleine croissance\u00a0\u00bb avec \u00ab\u00a0des perspectives (&#8230;) tr\u00e8s int\u00e9ressantes\u00a0\u00bb, confirme M. Miraill\u00e8s, de Lime, qui propose 10.000 v\u00e9los.<\/p>\n<p>Mais tout le monde n&rsquo;est pas pr\u00eat \u00e0 passer au v\u00e9lo.<\/p>\n<p>Pour les touristes, \u00ab\u00a0ce n&rsquo;est pas la m\u00eame chose, c&rsquo;est plus grand et lourd&#8230; c&rsquo;est pas si agile\u00a0\u00bb, d\u00e9plore Amanda Rollins, influenceuse am\u00e9ricaine aux 740.000 abonn\u00e9s sur TikTok, et grande amatrice des trottinettes.<\/p>\n<p>Certains utilisateurs r\u00e9guliers pourraient opter pour l&rsquo;achat ou une offre alternative de location \u00e0 la journ\u00e9e, demi-journ\u00e9e ou semaine, comme celle annonc\u00e9e mercredi par le distributeur de motos, scooters et trottinettes \u00e9lectriques Volt.<\/p>\n<p>\u00ab\u00a0C&rsquo;est pas du tout du libre-service\u00a0\u00bb, assure Gr\u00e9gory Coillot, fondateur de l&rsquo;entreprise, \u00e0 l&rsquo;AFP.<\/p>\n<p>La soci\u00e9t\u00e9, qui a lanc\u00e9 l&rsquo;id\u00e9e avant le vote parisien, veut proposer \u00ab\u00a0\u00e0 ceux qui utilisaient au quotidien\u00a0\u00bb les trottinettes en libre-service, et \u00ab\u00a0m\u00eame aux touristes\u00a0\u00bb, d&rsquo;en louer &#8211; \u00ab\u00a0aussi en vue des Jeux olympiques\u00a0\u00bb.<\/p>\n<p>\u00ab\u00a0L&rsquo;arr\u00eat du +free-floating+ va acc\u00e9l\u00e9rer fortement la demande de location\u00a0\u00bb, estime-t-il, d\u00e9sirant s&rsquo;implanter avec 1.000 \u00e0 2.000 trottinettes au total surtout \u00ab\u00a0sur tous les points cruciaux o\u00f9 il y avait cette demande tr\u00e8s importante\u00a0\u00bb en libre-service.<\/p>\n<\/div>\n","protected":false},"excerpt":{"rendered":"<p>Bannies de la capitale fran\u00e7aise par vote populaire, les trottinettes \u00e9lectriques en libre-service vivent leur derni\u00e8re journ\u00e9e parisienne, marquant la fin de cinq ans d&rsquo;une pr\u00e9sence controvers\u00e9e. Mais les v\u00e9los en libre-service sont pr\u00eats \u00e0 prendre le relais. A partir du 1er septembre, Paris deviendra la premi\u00e8re capitale europ\u00e9enne \u00e0 compl\u00e8tement interdire ces deux-roues en [&hellip;]<\/p>\n","protected":false},"author":1,"featured_media":11894,"comment_status":"open","ping_status":"closed","sticky":false,"template":"","format":"standard","meta":{"footnotes":""},"categories":[30],"tags":[621,2831,2833,2832],"class_list":["post-11893","post","type-post","status-publish","format-standard","has-post-thumbnail","hentry","category-actualite","tag-paris","tag-trottinettes","tag-trottinettes-electriques","tag-trottinettes-disparaissent-des-rues"],"aioseo_notices":[],"_links":{"self":[{"href":"https:\/\/www.culturalusa.com\/news\/wp-json\/wp\/v2\/posts\/11893","targetHints":{"allow":["GET"]}}],"collection":[{"href":"https:\/\/www.culturalusa.com\/news\/wp-json\/wp\/v2\/posts"}],"about":[{"href":"https:\/\/www.culturalusa.com\/news\/wp-json\/wp\/v2\/types\/post"}],"author":[{"embeddable":true,"href":"https:\/\/www.culturalusa.com\/news\/wp-json\/wp\/v2\/users\/1"}],"replies":[{"embeddable":true,"href":"https:\/\/www.culturalusa.com\/news\/wp-json\/wp\/v2\/comments?post=11893"}],"version-history":[{"count":1,"href":"https:\/\/www.culturalusa.com\/news\/wp-json\/wp\/v2\/posts\/11893\/revisions"}],"predecessor-version":[{"id":11895,"href":"https:\/\/www.culturalusa.com\/news\/wp-json\/wp\/v2\/posts\/11893\/revisions\/11895"}],"wp:featuredmedia":[{"embeddable":true,"href":"https:\/\/www.culturalusa.com\/news\/wp-json\/wp\/v2\/media\/11894"}],"wp:attachment":[{"href":"https:\/\/www.culturalusa.com\/news\/wp-json\/wp\/v2\/media?parent=11893"}],"wp:term":[{"taxonomy":"category","embeddable":true,"href":"https:\/\/www.culturalusa.com\/news\/wp-json\/wp\/v2\/categories?post=11893"},{"taxonomy":"post_tag","embeddable":true,"href":"https:\/\/www.culturalusa.com\/news\/wp-json\/wp\/v2\/tags?post=11893"}],"curies":[{"name":"wp","href":"https:\/\/api.w.org\/{rel}","templated":true}]}}