{"id":11896,"date":"2023-09-01T18:53:56","date_gmt":"2023-09-01T16:53:56","guid":{"rendered":"https:\/\/www.culturalusa.com\/news\/?p=11896"},"modified":"2023-09-01T18:53:56","modified_gmt":"2023-09-01T16:53:56","slug":"revalorisation-des-petites-retraites-a-lautomne-pour-un-tiers-des-beneficiaires-les-autres-retroactivement","status":"publish","type":"post","link":"https:\/\/www.culturalusa.com\/news\/economie\/revalorisation-des-petites-retraites-a-lautomne-pour-un-tiers-des-beneficiaires-les-autres-retroactivement\/","title":{"rendered":"Revalorisation des petites retraites \u00e0 l&rsquo;automne pour un tiers des b\u00e9n\u00e9ficiaires, les autres r\u00e9troactivement"},"content":{"rendered":"<h2>Seul un tiers des 1,7 million de retrait\u00e9s concern\u00e9s par la revalorisation des petites pensions en b\u00e9n\u00e9ficieront d\u00e8s cet automne, les autres devant patienter plusieurs mois m\u00eame si elle sera r\u00e9troactive, a d\u00e9taill\u00e9 le ministre du Travail Olivier Dussopt.<\/h2>\n<p>\u00ab\u00a0600.000 vont percevoir cette augmentation d\u00e8s l&rsquo;automne, dans les semaines qui viennent et notamment sur le paiement de la retraite de septembre. Les autres, \u00e7a sera \u00e9chelonn\u00e9 jusqu&rsquo;\u00e0 d\u00e9but 2024 parce que beaucoup d&rsquo;assur\u00e9s ont cotis\u00e9 dans plusieurs caisses diff\u00e9rentes, donc il faut reconstituer les carri\u00e8res\u00a0\u00bb, a-t-il expliqu\u00e9 aux \u00ab\u00a0Quatre V\u00e9rit\u00e9s\u00a0\u00bb de France 2.<\/p>\n<p>Si des retrait\u00e9s ne touchent cette revalorisation \u00ab\u00a0qu&rsquo;en f\u00e9vrier ou en mars 2024, \u00e7a sera r\u00e9troactif et donc on leur versera tout ce qu&rsquo;on aurait d\u00fb leur verser depuis le 1er septembre\u00a0\u00bb, a-t-il assur\u00e9.<\/p>\n<p>Cette revalorisation est de 100 euros par mois pour une carri\u00e8re compl\u00e8te au Smic, un montant proratis\u00e9 pour les carri\u00e8res incompl\u00e8tes.<\/p>\n<p>Par ailleurs, \u00ab\u00a0huit millions de Fran\u00e7ais ont fait une simulation pour prendre connaissance\u00a0\u00bb des nouvelles r\u00e8gles issues de la r\u00e9forme.<\/p>\n<p>Ce nouveau simulateur (sur le site info-retraite.fr), \u00ab\u00a0fonctionne depuis d\u00e9but juin gr\u00e2ce \u00e0 un \u00e9norme travail des services de la Caisse nationale d&rsquo;assurance vieillesse et de l&rsquo;ensemble des caisses de retraite\u00a0\u00bb, s&rsquo;est f\u00e9licit\u00e9 le ministre.<\/p>\n<p>La r\u00e9forme des retraites est rentr\u00e9e en vigueur vendredi avec \u00ab\u00a083% des textes d&rsquo;application\u00a0\u00bb des mesures publi\u00e9s, a-t-il pr\u00e9cis\u00e9.<\/p>\n<blockquote><p>\u00ab\u00a0Il y a quelques mesures qui vont entrer en vigueur uniquement en 2024 voire en 2025 et donc les d\u00e9crets vont \u00eatre publi\u00e9s dans les prochaines semaines\u00a0\u00bb, a-t-il indiqu\u00e9.<\/p><\/blockquote>\n<p>En visite de soutien aux salari\u00e9s gr\u00e9vistes de Valdunes \u00e0 Trith-Saint-L\u00e9ger (Nord), la secr\u00e9taire g\u00e9n\u00e9rale de la CGT Sophie Binet a promis de \u00ab\u00a0continuer \u00e0 se battre, notamment en exigeant l&rsquo;ouverture de n\u00e9gociations partout sur la prise en compte de la p\u00e9nibilit\u00e9, sur les d\u00e9parts anticip\u00e9s pour les seniors\u00a0\u00bb.<\/p>\n<p>\u00ab\u00a0Il y a un sujet sur lequel il faut faire un r\u00e9f\u00e9rendum, c&rsquo;est la r\u00e9forme des retraites\u00a0\u00bb, a-t-elle affirm\u00e9.<\/p>\n<p>\u00ab\u00a0Une n\u00e9gociation tr\u00e8s importante va s&rsquo;ouvrir la semaine prochaine, la n\u00e9gociation Agirc-Arrco sur les retraites compl\u00e9mentaires\u00a0\u00bb, a-t-elle par ailleurs observ\u00e9. \u00ab\u00a0La CGT sera extr\u00eamement combattive pour gagner une am\u00e9lioration des retraites compl\u00e9mentaires de fa\u00e7on \u00e0 limiter l&rsquo;impact r\u00e9gressif de la r\u00e9forme du r\u00e9gime g\u00e9n\u00e9ral.\u00a0\u00bb (AFP)<\/p>\n","protected":false},"excerpt":{"rendered":"<p>Seul un tiers des 1,7 million de retrait\u00e9s concern\u00e9s par la revalorisation des petites pensions en b\u00e9n\u00e9ficieront d\u00e8s cet automne, les autres devant patienter plusieurs mois m\u00eame si elle sera r\u00e9troactive, a d\u00e9taill\u00e9 le ministre du Travail Olivier Dussopt. \u00ab\u00a0600.000 vont percevoir cette augmentation d\u00e8s l&rsquo;automne, dans les semaines qui viennent et notamment sur le [&hellip;]<\/p>\n","protected":false},"author":1,"featured_media":11067,"comment_status":"open","ping_status":"closed","sticky":false,"template":"","format":"standard","meta":{"footnotes":""},"categories":[1],"tags":[2835,932,2834],"class_list":["post-11896","post","type-post","status-publish","format-standard","has-post-thumbnail","hentry","category-economie","tag-petites-retraites","tag-retraites","tag-revalorisation-des-petites-retraites"],"aioseo_notices":[],"_links":{"self":[{"href":"https:\/\/www.culturalusa.com\/news\/wp-json\/wp\/v2\/posts\/11896","targetHints":{"allow":["GET"]}}],"collection":[{"href":"https:\/\/www.culturalusa.com\/news\/wp-json\/wp\/v2\/posts"}],"about":[{"href":"https:\/\/www.culturalusa.com\/news\/wp-json\/wp\/v2\/types\/post"}],"author":[{"embeddable":true,"href":"https:\/\/www.culturalusa.com\/news\/wp-json\/wp\/v2\/users\/1"}],"replies":[{"embeddable":true,"href":"https:\/\/www.culturalusa.com\/news\/wp-json\/wp\/v2\/comments?post=11896"}],"version-history":[{"count":1,"href":"https:\/\/www.culturalusa.com\/news\/wp-json\/wp\/v2\/posts\/11896\/revisions"}],"predecessor-version":[{"id":11897,"href":"https:\/\/www.culturalusa.com\/news\/wp-json\/wp\/v2\/posts\/11896\/revisions\/11897"}],"wp:featuredmedia":[{"embeddable":true,"href":"https:\/\/www.culturalusa.com\/news\/wp-json\/wp\/v2\/media\/11067"}],"wp:attachment":[{"href":"https:\/\/www.culturalusa.com\/news\/wp-json\/wp\/v2\/media?parent=11896"}],"wp:term":[{"taxonomy":"category","embeddable":true,"href":"https:\/\/www.culturalusa.com\/news\/wp-json\/wp\/v2\/categories?post=11896"},{"taxonomy":"post_tag","embeddable":true,"href":"https:\/\/www.culturalusa.com\/news\/wp-json\/wp\/v2\/tags?post=11896"}],"curies":[{"name":"wp","href":"https:\/\/api.w.org\/{rel}","templated":true}]}}