{"id":11905,"date":"2023-09-06T13:39:16","date_gmt":"2023-09-06T11:39:16","guid":{"rendered":"https:\/\/www.culturalusa.com\/news\/?p=11905"},"modified":"2023-09-06T13:39:30","modified_gmt":"2023-09-06T11:39:30","slug":"les-vagues-de-chaleur-sont-une-potion-diabolique-de-polluants","status":"publish","type":"post","link":"https:\/\/www.culturalusa.com\/news\/technologie\/les-vagues-de-chaleur-sont-une-potion-diabolique-de-polluants\/","title":{"rendered":"Les vagues de chaleur sont une \u00ab\u00a0potion diabolique\u00a0\u00bb de polluants"},"content":{"rendered":"<h2>Les vagues de chaleur, plus intenses et plus fr\u00e9quentes \u00e0 cause du changement climatique, concoctent une \u00ab\u00a0potion diabolique\u00a0\u00bb de polluants qui menacent les humains et tous les \u00eatres vivants, a averti l&rsquo;ONU.<\/h2>\n<p>Si les voiles de fum\u00e9e provoqu\u00e9s par les feux de for\u00eat qui ont \u00e9touff\u00e9 Ath\u00e8nes ou New York cet \u00e9t\u00e9 sont la partie la plus visible de la pollution atmosph\u00e9rique provoqu\u00e9e par les vagues de chaleurs, elles induisent aussi toute une s\u00e9rie de processus chimiques plus insidieux et dangereux pour la sant\u00e9.<\/p>\n<p>\u00ab\u00a0Les vagues de chaleur d\u00e9t\u00e9riorent la qualit\u00e9 de l&rsquo;air, avec des r\u00e9percussions sur la sant\u00e9 humaine, les \u00e9cosyst\u00e8mes, l&rsquo;agriculture et m\u00eame notre vie quotidienne\u00a0\u00bb, a soulign\u00e9 le Secr\u00e9taire g\u00e9n\u00e9ral de l&rsquo;Organisation m\u00e9t\u00e9orologique mondiale, \u00e0 l&rsquo;occasion de la publication du Bulletin sur la qualit\u00e9 de l&rsquo;air et du climat.<\/p>\n<p>Une r\u00e9cente \u00e9tude de l&rsquo;Institut de politique \u00e9nerg\u00e9tique de l&rsquo;universit\u00e9 de Chicago (EPIC) avait \u00e9tabli que la pollution aux particules fines &#8211; \u00e9mises par les v\u00e9hicules motoris\u00e9s, l&rsquo;industrie et les incendies -repr\u00e9sente \u00ab\u00a0la plus grande menace externe pour la sant\u00e9 publique\u00a0\u00bb mondiale.<\/p>\n<p>Le changement climatique et la qualit\u00e9 de l\u2019air \u00ab\u00a0vont de pair et doivent \u00eatre combattus ensemble pour briser ce cercle vicieux\u00a0\u00bb, a soulign\u00e9 le patron de l&rsquo;OMM, soulignant que si le Bulletin porte sur les donn\u00e9es de 2022, \u00ab\u00a0ce que nous voyons en 2023 est encore plus extr\u00eame\u00a0\u00bb.<\/p>\n<h3>Le changement climatique augmente la fr\u00e9quence et l\u2019intensit\u00e9 des vagues de chaleur, et cette tendance devrait se poursuivre \u00e0 l\u2019avenir.<\/h3>\n<p>Mercredi, le service europ\u00e9en Copernicus a annonc\u00e9 que le monde vient de conna\u00eetre ses trois mois les plus chauds jamais enregistr\u00e9s. Il s&rsquo;agit en outre du mois d&rsquo;ao\u00fbt le plus chaud jamais mesur\u00e9 et du deuxi\u00e8me mois le plus chaud apr\u00e8s juillet 2023.<\/p>\n<p>Il existe un consensus scientifique croissant selon lequel les vagues de chaleur augmenteront le risque et la gravit\u00e9 des incendies de for\u00eat, souligne l&rsquo;OMM.<\/p>\n<p>\u00ab\u00a0Les vagues de chaleur et les incendies de for\u00eat sont \u00e9troitement li\u00e9s. La fum\u00e9e des incendies de for\u00eat contient une potion diabolique d&rsquo;\u00e9l\u00e9ments chimiques qui affecte non seulement la qualit\u00e9 de l&rsquo;air et la sant\u00e9, mais endommage \u00e9galement les plantes, les \u00e9cosyst\u00e8mes et les cultures \u2013 et entra\u00eene davantage d&rsquo;\u00e9missions de carbone et donc plus de gaz \u00e0 effet de serre dans l&rsquo;atmosph\u00e8re\u00a0\u00bb, a d\u00e9clar\u00e9 le Dr Lorenzo Labrador, responsable du r\u00e9seau de veille de l&rsquo;atmosph\u00e8re et auteur du Bulletin.<\/p>\n<h3>\u00a0Liaisons dangereuses<\/h3>\n<p>Si le changement climatique et les polluants atmosph\u00e9riques, comme l&rsquo;ozone, les compos\u00e9s organique volatils ou encore les a\u00e9rosols, s\u2019inscrivent dans des dur\u00e9es tr\u00e8s diff\u00e9rentes, les deux sont n\u00e9anmoins li\u00e9s.<\/p>\n<p>\u00ab\u00a0La qualit\u00e9 de l\u2019air et le climat sont interconnect\u00e9s parce que les compos\u00e9s chimiques qui les affectent sont li\u00e9es, parce que les substances responsables du changement climatique et de la d\u00e9gradation de la qualit\u00e9 de l\u2019air sont souvent \u00e9mises par les m\u00eames sources et parce que les changements dans l\u2019un entra\u00eenent in\u00e9vitablement des changements dans l\u2019autre\u00a0\u00bb, souligne encore l&rsquo;OMM.<\/p>\n<p>Concernant 2022, l&rsquo;Organisation rappelle que la longue vague de chaleur qui a frapp\u00e9 l&rsquo;Europe a entra\u00een\u00e9 une augmentation des concentrations de particules et d\u2019ozone troposph\u00e9rique (juste au-dessus de la surface de la terre).<\/p>\n<p>Et les concentrations ont d\u00e9pass\u00e9 le niveau recommand\u00e9 par l&rsquo;OMS sur l&rsquo;essentiel du continent europ\u00e9en. Au cours de la seconde moiti\u00e9 du mois d\u2019ao\u00fbt 2022, des masses inhabituellement importantes de poussi\u00e8re d\u00e9sertique ont \u00e9t\u00e9 observ\u00e9es sur la M\u00e9diterran\u00e9e et l\u2019Europe.<\/p>\n<p>\u00ab\u00a0La co\u00efncidence de temp\u00e9ratures \u00e9lev\u00e9es et de quantit\u00e9s \u00e9lev\u00e9es d&rsquo;a\u00e9rosols, et donc de teneur en particules, a affect\u00e9 la sant\u00e9 et le bien-\u00eatre humains\u00a0\u00bb, note l&rsquo;OMM.<\/p>\n<p>La concentration d&rsquo;ozone r\u00e9duit aussi la quantit\u00e9 et la qualit\u00e9 du rendement des cultures vivri\u00e8res de base.<\/p>\n<p>\u00ab\u00a0\u00c0 l\u2019\u00e9chelle mondiale, les pertes de r\u00e9coltes dues \u00e0 l\u2019ozone sont en moyenne de 4,4 \u00e0 12,4% pour les cultures vivri\u00e8res de base, les pertes de bl\u00e9 et de soja pouvant atteindre 15 \u00e0 30% dans les principales zones agricoles de l\u2019Inde et de la Chine\u00a0\u00bb, selon le Bulletin. (AFP)<\/p>\n","protected":false},"excerpt":{"rendered":"<p>Les vagues de chaleur, plus intenses et plus fr\u00e9quentes \u00e0 cause du changement climatique, concoctent une \u00ab\u00a0potion diabolique\u00a0\u00bb de polluants qui menacent les humains et tous les \u00eatres vivants, a averti l&rsquo;ONU. Si les voiles de fum\u00e9e provoqu\u00e9s par les feux de for\u00eat qui ont \u00e9touff\u00e9 Ath\u00e8nes ou New York cet \u00e9t\u00e9 sont la partie [&hellip;]<\/p>\n","protected":false},"author":1,"featured_media":11906,"comment_status":"open","ping_status":"closed","sticky":false,"template":"","format":"standard","meta":{"footnotes":""},"categories":[6],"tags":[394,208,553,2837],"class_list":["post-11905","post","type-post","status-publish","format-standard","has-post-thumbnail","hentry","category-technologie","tag-changement-climatique","tag-climat","tag-onu","tag-vagues-de-chaleur-intenses"],"aioseo_notices":[],"_links":{"self":[{"href":"https:\/\/www.culturalusa.com\/news\/wp-json\/wp\/v2\/posts\/11905","targetHints":{"allow":["GET"]}}],"collection":[{"href":"https:\/\/www.culturalusa.com\/news\/wp-json\/wp\/v2\/posts"}],"about":[{"href":"https:\/\/www.culturalusa.com\/news\/wp-json\/wp\/v2\/types\/post"}],"author":[{"embeddable":true,"href":"https:\/\/www.culturalusa.com\/news\/wp-json\/wp\/v2\/users\/1"}],"replies":[{"embeddable":true,"href":"https:\/\/www.culturalusa.com\/news\/wp-json\/wp\/v2\/comments?post=11905"}],"version-history":[{"count":1,"href":"https:\/\/www.culturalusa.com\/news\/wp-json\/wp\/v2\/posts\/11905\/revisions"}],"predecessor-version":[{"id":11907,"href":"https:\/\/www.culturalusa.com\/news\/wp-json\/wp\/v2\/posts\/11905\/revisions\/11907"}],"wp:featuredmedia":[{"embeddable":true,"href":"https:\/\/www.culturalusa.com\/news\/wp-json\/wp\/v2\/media\/11906"}],"wp:attachment":[{"href":"https:\/\/www.culturalusa.com\/news\/wp-json\/wp\/v2\/media?parent=11905"}],"wp:term":[{"taxonomy":"category","embeddable":true,"href":"https:\/\/www.culturalusa.com\/news\/wp-json\/wp\/v2\/categories?post=11905"},{"taxonomy":"post_tag","embeddable":true,"href":"https:\/\/www.culturalusa.com\/news\/wp-json\/wp\/v2\/tags?post=11905"}],"curies":[{"name":"wp","href":"https:\/\/api.w.org\/{rel}","templated":true}]}}