{"id":11908,"date":"2023-09-06T13:57:03","date_gmt":"2023-09-06T11:57:03","guid":{"rendered":"https:\/\/www.culturalusa.com\/news\/?p=11908"},"modified":"2023-09-06T13:58:04","modified_gmt":"2023-09-06T11:58:04","slug":"climat-2023-probablement-lannee-la-plus-chaude-de-lhistoire","status":"publish","type":"post","link":"https:\/\/www.culturalusa.com\/news\/technologie\/climat-2023-probablement-lannee-la-plus-chaude-de-lhistoire\/","title":{"rendered":"Climat : 2023 probablement l&rsquo;ann\u00e9e la plus chaude de l&rsquo;Histoire"},"content":{"rendered":"<div id=\"\" class=\"text-color text-font block-html mb-4\">\n<h2>L&rsquo;\u00e9t\u00e9 (juin-juillet-ao\u00fbt) a connu les temp\u00e9ratures mondiales moyennes les plus \u00e9lev\u00e9es jamais mesur\u00e9es, annonce l&rsquo;observatoire europ\u00e9en Copernicus, pour qui 2023 sera probablement l&rsquo;ann\u00e9e la plus chaude de l&rsquo;Histoire.<\/h2>\n<blockquote><p>\u00ab\u00a0L&rsquo;effondrement climatique a commenc\u00e9\u00a0\u00bb, a d\u00e9plor\u00e9 le secr\u00e9taire g\u00e9n\u00e9ral de l&rsquo;ONU Ant\u00f3nio Guterres, dans un communiqu\u00e9, rappelant comment \u00ab\u00a0les scientifiques ont depuis longtemps mis en garde contre les cons\u00e9quences de notre d\u00e9pendance aux combustibles fossiles\u00a0\u00bb.<\/p><\/blockquote>\n<p>Canicules, s\u00e9cheresses, inondations ou incendies ont frapp\u00e9 l&rsquo;Asie, l&rsquo;Europe et l&rsquo;Am\u00e9rique du Nord sur cette p\u00e9riode, dans des proportions dramatiques et souvent in\u00e9dites, avec leur prix en vies humaines et en d\u00e9g\u00e2ts sur les \u00e9conomies et l&rsquo;environnement.<\/p>\n<h3>\u00a0\u00ab\u00a0Depuis 120.000 ans\u00a0\u00bb<\/h3>\n<h3>L&rsquo;effondrement climatique a commenc\u00e9<\/h3>\n<p>L&rsquo;h\u00e9misph\u00e8re sud, o\u00f9 nombre de records de chaleurs ont \u00e9t\u00e9 battus en plein hiver austral, n&rsquo;a pas \u00e9t\u00e9 \u00e9pargn\u00e9.<\/p>\n<p>\u00ab\u00a0La saison juin-juillet-ao\u00fbt 2023\u00a0\u00bb, qui correspond \u00e0 l&rsquo;\u00e9t\u00e9 dans l&rsquo;h\u00e9misph\u00e8re Nord, o\u00f9 vit la grande majorit\u00e9 de la population mondiale, \u00ab\u00a0a \u00e9t\u00e9 de loin la plus chaude jamais enregistr\u00e9e dans le monde, avec une temp\u00e9rature moyenne mondiale de 16,77\u00b0C\u00a0\u00bb, a annonc\u00e9 Copernicus.<\/p>\n<p>C&rsquo;est 0,66\u00b0C au-dessus des moyennes de la p\u00e9riode 1991-2020, d\u00e9j\u00e0 marqu\u00e9e par l&rsquo;\u00e9l\u00e9vation des temp\u00e9ratures moyennes du globe en raison du r\u00e9chauffement climatique caus\u00e9 par l&rsquo;activit\u00e9 humaine. Et largement au-dessus &#8211; 2 dixi\u00e8mes environ &#8211; du pr\u00e9c\u00e9dent record de 2019.<\/p>\n<p>Juillet avait \u00e9t\u00e9 le mois le plus chaud jamais mesur\u00e9, ao\u00fbt 2023 est d\u00e9sormais le 2e, pr\u00e9cise Copernicus.<\/p>\n<p>Et sur les huit premiers mois de l&rsquo;ann\u00e9e, la temp\u00e9rature moyenne du globe est \u00ab\u00a0seulement 0,01\u00b0C derri\u00e8re 2016, l&rsquo;ann\u00e9e la plus chaude jamais mesur\u00e9e\u00a0\u00bb.<\/p>\n<p>Mais ce record ne tient plus qu&rsquo;\u00e0 un fil, au vu des pr\u00e9visions saisonni\u00e8res et du retour en puissance dans le Pacifique du ph\u00e9nom\u00e8ne climatique El Ni\u00f1o, synonyme de r\u00e9chauffement suppl\u00e9mentaire.<\/p>\n<p>Et \u00ab\u00a0compte tenu de la chaleur en exc\u00e8s \u00e0 la surface des oc\u00e9ans, il est probable que 2023 sera l&rsquo;ann\u00e9e la plus chaude (&#8230;) que l&rsquo;humanit\u00e9 ait connue\u00a0\u00bb, a d\u00e9clar\u00e9 \u00e0 l&rsquo;AFP Samantha Burgess, cheffe adjointe du service changement climatique (C3S) de Copernicus.<\/p>\n<p>La base de donn\u00e9es de Copernicus remonte jusqu&rsquo;en 1940, mais peut \u00eatre compar\u00e9e aux climats des mill\u00e9naires pass\u00e9s, \u00e9tablis gr\u00e2ce aux cernes des arbres ou aux carottes de glaces et synth\u00e9tis\u00e9s dans le dernier rapport du groupe d&rsquo;experts climat de l&rsquo;ONU (Giec).<\/p>\n<p>Sur cette base, \u00ab\u00a0les trois mois que nous venons de vivre sont les plus chauds depuis environ 120.000 ans, c&rsquo;est-\u00e0-dire depuis le d\u00e9but de l&rsquo;histoire de l&rsquo;humanit\u00e9\u00a0\u00bb, affirme Mme Burgess.<\/p>\n<h3>\u00a0Surchauffe des oc\u00e9ans<\/h3>\n<p>Malgr\u00e9 trois ann\u00e9es successives de La Ni\u00f1a, ph\u00e9nom\u00e8ne inverse d&rsquo;El Ni\u00f1o qui a en partie masqu\u00e9 le r\u00e9chauffement, les ann\u00e9es 2015-2022 ont d\u00e9j\u00e0 \u00e9t\u00e9 les plus chaudes jamais mesur\u00e9es.<\/p>\n<p>La surchauffe des mers du globe, qui continuent d&rsquo;absorber 90% de la chaleur en exc\u00e8s provoqu\u00e9e par l&rsquo;activit\u00e9 humaine depuis l&rsquo;\u00e8re industrielle, joue un r\u00f4le majeur dans le ph\u00e9nom\u00e8ne.<\/p>\n<p>Depuis avril, leur temp\u00e9rature moyenne de surface \u00e9volue \u00e0 des niveaux de chaleur in\u00e9dits.<\/p>\n<p>\u00ab\u00a0Du 31 juillet au 31 ao\u00fbt\u00a0\u00bb, elle a m\u00eame \u00ab\u00a0d\u00e9pass\u00e9 chaque jour le pr\u00e9c\u00e9dent record de mars 2016\u00a0\u00bb, note Copernicus, atteignant la barre symbolique in\u00e9dite de 21\u00b0C, tr\u00e8s nettement au-dessus de toutes les archives.<\/p>\n<p>\u00ab\u00a0Le r\u00e9chauffement des oc\u00e9ans entra\u00eene celui de l&rsquo;atmosph\u00e8re et une augmentation de l&rsquo;humidit\u00e9, ce qui provoque des pr\u00e9cipitations plus intenses et une augmentation de l&rsquo;\u00e9nergie disponible pour les cyclones tropicaux\u00a0\u00bb, souligne Samantha Burgess.<\/p>\n<p>La surchauffe affecte aussi la biodiversit\u00e9: \u00ab\u00a0il y a moins de nutriments dans l&rsquo;oc\u00e9an (..) et moins d&rsquo;oxyg\u00e8ne\u00a0\u00bb ce qui menace la survie de la faune et la flore, ajoute la scientifique, qui cite encore le blanchiment des coraux et la prolif\u00e9ration d&rsquo;algues nuisibles.<\/p>\n<h3>\u00a0\u00ab\u00a0Potion diabolique\u00a0\u00bb<\/h3>\n<p>Les humains et tous les \u00eatres vivants sont aussi menac\u00e9s par la \u00ab\u00a0potion diabolique\u00a0\u00bb de polluants chimiques, aliment\u00e9e par les incendies et ces vagues de chaleur plus intenses et fr\u00e9quentes, a averti mercredi l&rsquo;Organisation m\u00e9t\u00e9orologique mondiale (OMM).<\/p>\n<p>\u00ab\u00a0Le r\u00e9chauffement climatique se poursuit parce que nous n&rsquo;avons pas cess\u00e9 de br\u00fbler des \u00e9nergies fossiles. C&rsquo;est aussi simple que cela\u00a0\u00bb, a pour sa part r\u00e9agi la climatologue Friederike Otto. Son r\u00e9seau scientifique World Weather Attribution (WWA) estime que les canicules de juillet en Europe et en Am\u00e9rique du Nord ont \u00e9t\u00e9 2,5\u00b0C et 2\u00b0C plus chaudes \u00e0 cause des \u00e9missions du r\u00e9chauffement climatique.<\/p>\n<p>\u00ab\u00a0M\u00eame ceux qui font encore l&rsquo;autruche sur l&rsquo;action climatique doivent se demander pourquoi ils ont chaud aux fesses\u00a0\u00bb, a fustig\u00e9 David Reay, directeur de l&rsquo;institut du changement climatique d&rsquo;Edinbourgh.<\/p>\n<p>\u00ab\u00a0Si la COP28\u00a0\u00bb, en fin d&rsquo;ann\u00e9e \u00e0 Duba\u00ef, \u00ab\u00a0n&rsquo;aboutit pas \u00e0 des r\u00e9ductions drastiques de l&rsquo;usage des \u00e9nergies fossiles et des \u00e9missions mondiales, nous pourrons officiellement nommer les ann\u00e9es 2020 +l&rsquo;\u00e2ge de la stupidit\u00e9+\u00a0\u00bb, a-t-il ajout\u00e9.<\/p>\n<p>Cette Conf\u00e9rence des Nations unies sur le climat, o\u00f9 s&rsquo;annonce une vive bataille sur la fin des \u00e9nergies fossiles, est cens\u00e9e remettre l&rsquo;humanit\u00e9 sur la trajectoire de l&rsquo;accord de Paris: limiter le r\u00e9chauffement bien au-dessous de 2\u00b0C et si possible \u00e0 1,5\u00b0C par rapport \u00e0 l&rsquo;\u00e8re pr\u00e9-industrielle. (AFP)<\/p>\n<\/div>\n","protected":false},"excerpt":{"rendered":"<p>L&rsquo;\u00e9t\u00e9 (juin-juillet-ao\u00fbt) a connu les temp\u00e9ratures mondiales moyennes les plus \u00e9lev\u00e9es jamais mesur\u00e9es, annonce l&rsquo;observatoire europ\u00e9en Copernicus, pour qui 2023 sera probablement l&rsquo;ann\u00e9e la plus chaude de l&rsquo;Histoire. \u00ab\u00a0L&rsquo;effondrement climatique a commenc\u00e9\u00a0\u00bb, a d\u00e9plor\u00e9 le secr\u00e9taire g\u00e9n\u00e9ral de l&rsquo;ONU Ant\u00f3nio Guterres, dans un communiqu\u00e9, rappelant comment \u00ab\u00a0les scientifiques ont depuis longtemps mis en garde contre [&hellip;]<\/p>\n","protected":false},"author":1,"featured_media":8662,"comment_status":"open","ping_status":"closed","sticky":false,"template":"","format":"standard","meta":{"footnotes":""},"categories":[6],"tags":[2838,208,2839],"class_list":["post-11908","post","type-post","status-publish","format-standard","has-post-thumbnail","hentry","category-technologie","tag-2023-lannee-la-plus-chaude-lhistoire","tag-climat","tag-leffondrement-climatique-a-commence"],"aioseo_notices":[],"_links":{"self":[{"href":"https:\/\/www.culturalusa.com\/news\/wp-json\/wp\/v2\/posts\/11908","targetHints":{"allow":["GET"]}}],"collection":[{"href":"https:\/\/www.culturalusa.com\/news\/wp-json\/wp\/v2\/posts"}],"about":[{"href":"https:\/\/www.culturalusa.com\/news\/wp-json\/wp\/v2\/types\/post"}],"author":[{"embeddable":true,"href":"https:\/\/www.culturalusa.com\/news\/wp-json\/wp\/v2\/users\/1"}],"replies":[{"embeddable":true,"href":"https:\/\/www.culturalusa.com\/news\/wp-json\/wp\/v2\/comments?post=11908"}],"version-history":[{"count":1,"href":"https:\/\/www.culturalusa.com\/news\/wp-json\/wp\/v2\/posts\/11908\/revisions"}],"predecessor-version":[{"id":11909,"href":"https:\/\/www.culturalusa.com\/news\/wp-json\/wp\/v2\/posts\/11908\/revisions\/11909"}],"wp:featuredmedia":[{"embeddable":true,"href":"https:\/\/www.culturalusa.com\/news\/wp-json\/wp\/v2\/media\/8662"}],"wp:attachment":[{"href":"https:\/\/www.culturalusa.com\/news\/wp-json\/wp\/v2\/media?parent=11908"}],"wp:term":[{"taxonomy":"category","embeddable":true,"href":"https:\/\/www.culturalusa.com\/news\/wp-json\/wp\/v2\/categories?post=11908"},{"taxonomy":"post_tag","embeddable":true,"href":"https:\/\/www.culturalusa.com\/news\/wp-json\/wp\/v2\/tags?post=11908"}],"curies":[{"name":"wp","href":"https:\/\/api.w.org\/{rel}","templated":true}]}}