{"id":11936,"date":"2023-10-16T15:03:19","date_gmt":"2023-10-16T13:03:19","guid":{"rendered":"https:\/\/www.culturalusa.com\/news\/?p=11936"},"modified":"2023-10-16T15:04:40","modified_gmt":"2023-10-16T13:04:40","slug":"portugal-il-compare-antonio-costa-a-un-mendiant-attendant-laumone-de-bruxelles","status":"publish","type":"post","link":"https:\/\/www.culturalusa.com\/news\/portugal\/portugal-il-compare-antonio-costa-a-un-mendiant-attendant-laumone-de-bruxelles\/","title":{"rendered":"Portugal : IL compare Antonio Costa \u00e0 un mendiant \u00ab\u00a0attendant l&rsquo;aum\u00f4ne de Bruxelles\u00a0\u00bb"},"content":{"rendered":"<h2>&lsquo;Nous ne nous consid\u00e9rons pas comme un Premier ministre qui agit syst\u00e9matiquement comme un mendiant, attendant toujours les Subventions de Bruxelles, que plus d&rsquo;argent tombe par sa porte&rsquo;, a d\u00e9clar\u00e9 Rui Rocha (Initiative lib\u00e9rale).<\/h2>\n<p>Dans un discours dans lequel il a expliqu\u00e9 les raisons du vote contre le Budget de l&rsquo;\u00c9tat (OE) pour 2024, le leader lib\u00e9ral a soulign\u00e9 que \u00ab ce n&rsquo;est pas un hasard si Ant\u00f3nio Costa a d\u00e9j\u00e0 d\u00e9fendu un Plan permanent de relance et de r\u00e9silience (PRR).<\/p>\n<p>&lsquo;C&rsquo;est parce qu&rsquo;il n&rsquo;y a pas de solutions pour le pays et qu&rsquo;ils veulent condamner le Portugal \u00e0 une d\u00e9pendance permanente&rsquo;, a-t-il soulign\u00e9.<\/p>\n<blockquote><p>Pour Rui Rocha, l&rsquo;OE pour 2024 \u00ab ne r\u00e9sout aucun probl\u00e8me essentiel \u00bb des Portugais et jette le pays dans une p\u00e9riode de \u00ab croissance m\u00e9diocre (1,5 %), qui ne permet pas de g\u00e9n\u00e9rer de la richesse et ne permet pas aux entreprises et aux Portugais de \u00ab grandir dans la vie \u00bb.<\/p><\/blockquote>\n<p>Le chef du gouvernement a accus\u00e9 le premier ministre de, en 2024, d&rsquo;augmenter les imp\u00f4ts indirects \u00e0 8,9%, en ce qui concerne la r\u00e9ception des imp\u00f4ts directement \u00ab pratiquement \u00e9gaux \u00bb, apr\u00e8s avoir annonc\u00e9 la d\u00e9cision sur l&rsquo;imp\u00f4t sur les rendements singuliers (IRS).<\/p>\n<p>Dans ce chapitre, nous annon\u00e7ons que, lors de la discussion sur l&rsquo;OE pour 2024, votre parti va pr\u00e9senter la proposition de d\u00e9cision de l&rsquo;IRS &lsquo;mais d\u00e9saffiatrice de toutes les banques parlementaires&rsquo;.<\/p>\n<p>&lsquo;Il y a une aggravation de 4,8% des recettes fiscales et il y a une charge fiscale record qu&rsquo;Ant\u00f3nio Costa va faire, mais encore une fois, il sera battu&rsquo;, a soulign\u00e9 le leader, accusant le gouvernement, dans 39 s\u00e9ances de OE. , ils sont tr\u00e8s destin\u00e9s aux entreprises, qui &lsquo;sont fondamentales pour riqueza&rsquo;.<\/p>\n<p>Selon les calculs du leader d&rsquo;IL, le pays a plus d&rsquo;argent investi par l&rsquo;\u00c9tat dans Efacec &lsquo;do que neste OE est\u00e1 previsto para as empresas&rsquo;.<\/p>\n<p>Dans son intervention, il a d\u00e9fi\u00e9 le gouvernement de r\u00e9duire l&rsquo;imp\u00f4t sur le revenu pour \u00ab ter mais casas no mercado para solver o problema da habita\u00e7\u00e3o dos portugueses \u00bb.<\/p>\n<p>Rui Rocha a encore exhort\u00e9 le premier ministre \u00e0 baisser l&rsquo;IVA de la construction, &lsquo;parce que le logement est essentiel et il y a une crise du logement&rsquo;, donc il n&rsquo;est pas possible de traiter cette question du point de vue de la fiscalit\u00e9 &lsquo;comme un bon superflu ou de luxe \u00bb.<\/p>\n<p>Outre le Premier ministre, le PSD a \u00e9t\u00e9 vivement critiqu\u00e9 par le leader des lib\u00e9raux, qui a accus\u00e9 les sociaux-d\u00e9mocrates d&rsquo;exiger une r\u00e9duction de l&rsquo;IRS lorsqu&rsquo;ils ont vot\u00e9 contre une proposition de l&rsquo;IL en ce sens.<\/p>\n<p>&lsquo;Le PSD a des cartes il y a peu pour que le pays &lsquo;baisse d\u00e9j\u00e0 les imp\u00f4ts&rsquo;, mais sur la proposition de nous pr\u00e9senter pour baisser en 2023 ou l&rsquo;IRS nos premiers cinq \u00e9chelons, de rendez-vous plus bas, nous avons eu le PSD pour voter contre, a-t-il d\u00e9clar\u00e9.<\/p>\n<p>Soulignant que l&rsquo;IL est le &lsquo;principal&rsquo; facteur d&rsquo;opposition \u00e0 la gouvernance socialiste&rsquo;, Rui Rocha a estim\u00e9 que son parti &lsquo;est prompt \u00e0 diagnostiquer et \u00e0 r\u00e9soudre les probl\u00e8mes qui font la diff\u00e9rence pour les Portugais&rsquo;. (Ag.Lusa)<\/p>\n","protected":false},"excerpt":{"rendered":"<p>&lsquo;Nous ne nous consid\u00e9rons pas comme un Premier ministre qui agit syst\u00e9matiquement comme un mendiant, attendant toujours les Subventions de Bruxelles, que plus d&rsquo;argent tombe par sa porte&rsquo;, a d\u00e9clar\u00e9 Rui Rocha (Initiative lib\u00e9rale). Dans un discours dans lequel il a expliqu\u00e9 les raisons du vote contre le Budget de l&rsquo;\u00c9tat (OE) pour 2024, le [&hellip;]<\/p>\n","protected":false},"author":1,"featured_media":11937,"comment_status":"open","ping_status":"closed","sticky":false,"template":"","format":"standard","meta":{"footnotes":""},"categories":[3],"tags":[370,2859,2857,1777,2858],"class_list":["post-11936","post","type-post","status-publish","format-standard","has-post-thumbnail","hentry","category-portugal","tag-antonio-costa","tag-antonio-costa-mendiant-de-bruxelles","tag-il","tag-iniciativa-liberal","tag-subventions-de-bruxelles"],"aioseo_notices":[],"_links":{"self":[{"href":"https:\/\/www.culturalusa.com\/news\/wp-json\/wp\/v2\/posts\/11936","targetHints":{"allow":["GET"]}}],"collection":[{"href":"https:\/\/www.culturalusa.com\/news\/wp-json\/wp\/v2\/posts"}],"about":[{"href":"https:\/\/www.culturalusa.com\/news\/wp-json\/wp\/v2\/types\/post"}],"author":[{"embeddable":true,"href":"https:\/\/www.culturalusa.com\/news\/wp-json\/wp\/v2\/users\/1"}],"replies":[{"embeddable":true,"href":"https:\/\/www.culturalusa.com\/news\/wp-json\/wp\/v2\/comments?post=11936"}],"version-history":[{"count":3,"href":"https:\/\/www.culturalusa.com\/news\/wp-json\/wp\/v2\/posts\/11936\/revisions"}],"predecessor-version":[{"id":11940,"href":"https:\/\/www.culturalusa.com\/news\/wp-json\/wp\/v2\/posts\/11936\/revisions\/11940"}],"wp:featuredmedia":[{"embeddable":true,"href":"https:\/\/www.culturalusa.com\/news\/wp-json\/wp\/v2\/media\/11937"}],"wp:attachment":[{"href":"https:\/\/www.culturalusa.com\/news\/wp-json\/wp\/v2\/media?parent=11936"}],"wp:term":[{"taxonomy":"category","embeddable":true,"href":"https:\/\/www.culturalusa.com\/news\/wp-json\/wp\/v2\/categories?post=11936"},{"taxonomy":"post_tag","embeddable":true,"href":"https:\/\/www.culturalusa.com\/news\/wp-json\/wp\/v2\/tags?post=11936"}],"curies":[{"name":"wp","href":"https:\/\/api.w.org\/{rel}","templated":true}]}}